{"id":9533,"date":"2019-02-07T08:49:37","date_gmt":"2019-02-07T16:49:37","guid":{"rendered":"https:\/\/indigenoustourism.ca\/corporate\/?p=9533"},"modified":"2019-02-07T08:49:37","modified_gmt":"2019-02-07T16:49:37","slug":"en-vedette-dans-la-times-tundra-north-tours","status":"publish","type":"post","link":"https:\/\/indigenoustourism.ca\/fr\/en-vedette-dans-la-times-tundra-north-tours\/","title":{"rendered":"En vedette dans LA Times : Tundra North Tours"},"content":{"rendered":"<p>M<sup>me<\/sup> Margo Pfeiff, r\u00e9dactrice chez Los Angeles Times, s\u2019est rendue dans l\u2019Arctique canadien pour vivre une exp\u00e9rience unique en son genre\u00a0: un s\u00e9jour immersion de 4 jours dans la nature sauvage des Territoires du Nord-Ouest. La visite \u00e9tait guid\u00e9e par nul autre que M. Kylik Kisoun Taylor, propri\u00e9taire de <a href=\"http:\/\/tundranorthtours.com\/\" target=\"_blank\" rel=\"noopener\">Tundra North Tours<\/a>.<\/p>\n<p><!--more--><\/p>\n<p>\u00ab\u00a0La passion de M. Kisoun Taylor \u2013 et la motivation derri\u00e8re son entreprise Tundra North Tours \u2013 est le partage des exp\u00e9riences transformationnelles comme mener un troupeau de rennes, construire un igloo et y dormir, et apprendre \u00e0 conna\u00eetre les peuples autochtones de l\u2019Arctique canadien.\u00a0\u00bb<\/p>\n<p><a href=\"https:\/\/www.latimes.com\/travel\/la-tr-reindeer-herding-canadian-arctic-20181223-story.html\" target=\"_blank\" rel=\"noopener\">Cliquez ici pour lire l\u2019article au complet.<\/a><\/p>\n","protected":false},"excerpt":{"rendered":"<p>Mme Margo Pfeiff, r\u00e9dactrice chez Los Angeles Times, s\u2019est rendue dans l\u2019Arctique canadien pour vivre une exp\u00e9rience unique en son genre\u00a0: un s\u00e9jour immersion de 4 jours dans la nature sauvage des Territoires du Nord-Ouest. La visite \u00e9tait guid\u00e9e par nul autre que M. Kylik Kisoun Taylor, propri\u00e9taire de Tundra North Tours.<\/p>\n","protected":false},"author":14,"featured_media":9401,"comment_status":"closed","ping_status":"closed","sticky":false,"template":"","format":"standard","meta":{"_acf_changed":false,"footnotes":""},"tags":[],"class_list":["post-9533","post","type-post","status-publish","format-standard","has-post-thumbnail","hentry"],"acf":[],"yoast_head":"<!-- This site is optimized with the Yoast SEO plugin v24.6 - https:\/\/yoast.com\/wordpress\/plugins\/seo\/ -->\n<title>En vedette dans LA Times : Tundra North Tours - Nouvelles de l&#039;industrie touristique autochtone<\/title>\n<meta name=\"description\" content=\"Mme Margo Pfeiff, r\u00e9dactrice chez Los Angeles Times, s\u2019est rendue dans l\u2019Arctique canadien pour vivre une exp\u00e9rience unique en son genre\u00a0: un s\u00e9jour\" \/>\n<meta name=\"robots\" content=\"index, follow, max-snippet:-1, max-image-preview:large, max-video-preview:-1\" \/>\n<link rel=\"canonical\" href=\"https:\/\/indigenoustourism.ca\/fr\/en-vedette-dans-la-times-tundra-north-tours\/\" \/>\n<meta property=\"og:locale\" content=\"fr_FR\" \/>\n<meta property=\"og:type\" content=\"article\" \/>\n<meta property=\"og:title\" content=\"En vedette dans LA Times : Tundra North Tours - Nouvelles de l&#039;industrie touristique autochtone\" \/>\n<meta property=\"og:description\" content=\"Mme Margo Pfeiff, r\u00e9dactrice chez Los Angeles Times, s\u2019est rendue dans l\u2019Arctique canadien pour vivre une exp\u00e9rience unique en son genre\u00a0: un s\u00e9jour\" \/>\n<meta property=\"og:url\" content=\"https:\/\/indigenoustourism.ca\/fr\/en-vedette-dans-la-times-tundra-north-tours\/\" \/>\n<meta property=\"og:site_name\" content=\"Association touristique autochtone du Canada\" \/>\n<meta property=\"article:published_time\" content=\"2019-02-07T16:49:37+00:00\" \/>\n<meta property=\"og:image\" content=\"https:\/\/indigenoustourism.ca\/wp-content\/uploads\/2019\/02\/la-tr-reindeer-herding-canada-arctic-20181.154003.jpeg\" \/>\n\t<meta property=\"og:image:width\" content=\"800\" \/>\n\t<meta property=\"og:image:height\" content=\"533\" \/>\n\t<meta property=\"og:image:type\" content=\"image\/jpeg\" \/>\n<meta name=\"author\" content=\"ITAC Admin\" \/>\n<meta name=\"twitter:card\" content=\"summary_large_image\" \/>\n<meta name=\"twitter:creator\" content=\"@itac_corporate\" \/>\n<meta name=\"twitter:site\" content=\"@itac_corporate\" \/>\n<meta name=\"twitter:label1\" content=\"\u00c9crit par\" \/>\n\t<meta name=\"twitter:data1\" content=\"ITAC Admin\" \/>\n\t<meta name=\"twitter:label2\" content=\"Dur\u00e9e de lecture estim\u00e9e\" \/>\n\t<meta name=\"twitter:data2\" content=\"1 minute\" \/>\n<script type=\"application\/ld+json\" class=\"yoast-schema-graph\">{\"@context\":\"https:\/\/schema.org\",\"@graph\":[{\"@type\":\"Article\",\"@id\":\"https:\/\/indigenoustourism.ca\/fr\/en-vedette-dans-la-times-tundra-north-tours\/#article\",\"isPartOf\":{\"@id\":\"https:\/\/indigenoustourism.ca\/fr\/en-vedette-dans-la-times-tundra-north-tours\/\"},\"author\":{\"name\":\"ITAC Admin\",\"@id\":\"https:\/\/indigenoustourism.ca\/#\/schema\/person\/5ba0db1e1051fddfe2215695bab10234\"},\"headline\":\"En vedette dans LA Times : Tundra North Tours\",\"datePublished\":\"2019-02-07T16:49:37+00:00\",\"mainEntityOfPage\":{\"@id\":\"https:\/\/indigenoustourism.ca\/fr\/en-vedette-dans-la-times-tundra-north-tours\/\"},\"wordCount\":120,\"publisher\":{\"@id\":\"https:\/\/indigenoustourism.ca\/#organization\"},\"image\":{\"@id\":\"https:\/\/indigenoustourism.ca\/fr\/en-vedette-dans-la-times-tundra-north-tours\/#primaryimage\"},\"thumbnailUrl\":\"https:\/\/indigenoustourism.ca\/wp-content\/uploads\/2019\/02\/la-tr-reindeer-herding-canada-arctic-20181.154003.jpeg\",\"articleSection\":[\"Non classifi\u00e9(e)\"],\"inLanguage\":\"fr-FR\"},{\"@type\":\"WebPage\",\"@id\":\"https:\/\/indigenoustourism.ca\/fr\/en-vedette-dans-la-times-tundra-north-tours\/\",\"url\":\"https:\/\/indigenoustourism.ca\/fr\/en-vedette-dans-la-times-tundra-north-tours\/\",\"name\":\"En vedette dans LA Times : Tundra North Tours - Nouvelles de l'industrie touristique autochtone\",\"isPartOf\":{\"@id\":\"https:\/\/indigenoustourism.ca\/#website\"},\"primaryImageOfPage\":{\"@id\":\"https:\/\/indigenoustourism.ca\/fr\/en-vedette-dans-la-times-tundra-north-tours\/#primaryimage\"},\"image\":{\"@id\":\"https:\/\/indigenoustourism.ca\/fr\/en-vedette-dans-la-times-tundra-north-tours\/#primaryimage\"},\"thumbnailUrl\":\"https:\/\/indigenoustourism.ca\/wp-content\/uploads\/2019\/02\/la-tr-reindeer-herding-canada-arctic-20181.154003.jpeg\",\"datePublished\":\"2019-02-07T16:49:37+00:00\",\"description\":\"Mme Margo Pfeiff, r\u00e9dactrice chez Los Angeles Times, s\u2019est rendue dans l\u2019Arctique canadien pour vivre une exp\u00e9rience unique en son genre\u00a0: un s\u00e9jour\",\"breadcrumb\":{\"@id\":\"https:\/\/indigenoustourism.ca\/fr\/en-vedette-dans-la-times-tundra-north-tours\/#breadcrumb\"},\"inLanguage\":\"fr-FR\",\"potentialAction\":[{\"@type\":\"ReadAction\",\"target\":[\"https:\/\/indigenoustourism.ca\/fr\/en-vedette-dans-la-times-tundra-north-tours\/\"]}]},{\"@type\":\"ImageObject\",\"inLanguage\":\"fr-FR\",\"@id\":\"https:\/\/indigenoustourism.ca\/fr\/en-vedette-dans-la-times-tundra-north-tours\/#primaryimage\",\"url\":\"https:\/\/indigenoustourism.ca\/wp-content\/uploads\/2019\/02\/la-tr-reindeer-herding-canada-arctic-20181.154003.jpeg\",\"contentUrl\":\"https:\/\/indigenoustourism.ca\/wp-content\/uploads\/2019\/02\/la-tr-reindeer-herding-canada-arctic-20181.154003.jpeg\",\"width\":800,\"height\":533},{\"@type\":\"BreadcrumbList\",\"@id\":\"https:\/\/indigenoustourism.ca\/fr\/en-vedette-dans-la-times-tundra-north-tours\/#breadcrumb\",\"itemListElement\":[{\"@type\":\"ListItem\",\"position\":1,\"name\":\"Home\",\"item\":\"https:\/\/indigenoustourism.ca\/fr\/home\/\"},{\"@type\":\"ListItem\",\"position\":2,\"name\":\"En vedette dans LA Times : Tundra North Tours\"}]},{\"@type\":\"WebSite\",\"@id\":\"https:\/\/indigenoustourism.ca\/#website\",\"url\":\"https:\/\/indigenoustourism.ca\/\",\"name\":\"Association touristique autochtone du Canada\",\"description\":\"Corporate\",\"publisher\":{\"@id\":\"https:\/\/indigenoustourism.ca\/#organization\"},\"potentialAction\":[{\"@type\":\"SearchAction\",\"target\":{\"@type\":\"EntryPoint\",\"urlTemplate\":\"https:\/\/indigenoustourism.ca\/?s={search_term_string}\"},\"query-input\":{\"@type\":\"PropertyValueSpecification\",\"valueRequired\":true,\"valueName\":\"search_term_string\"}}],\"inLanguage\":\"fr-FR\"},{\"@type\":\"Organization\",\"@id\":\"https:\/\/indigenoustourism.ca\/#organization\",\"name\":\"Association touristique autochtone du Canada\",\"url\":\"https:\/\/indigenoustourism.ca\/\",\"logo\":{\"@type\":\"ImageObject\",\"inLanguage\":\"fr-FR\",\"@id\":\"https:\/\/indigenoustourism.ca\/#\/schema\/logo\/image\/\",\"url\":\"https:\/\/indigenoustourism.ca\/wp-content\/uploads\/2018\/02\/ITAC-logo-corporate-bilingual-standard@300x.png\",\"contentUrl\":\"https:\/\/indigenoustourism.ca\/wp-content\/uploads\/2018\/02\/ITAC-logo-corporate-bilingual-standard@300x.png\",\"width\":2408,\"height\":701,\"caption\":\"Association touristique autochtone du Canada\"},\"image\":{\"@id\":\"https:\/\/indigenoustourism.ca\/#\/schema\/logo\/image\/\"},\"sameAs\":[\"https:\/\/x.com\/itac_corporate\"]},{\"@type\":\"Person\",\"@id\":\"https:\/\/indigenoustourism.ca\/#\/schema\/person\/5ba0db1e1051fddfe2215695bab10234\",\"name\":\"ITAC Admin\",\"image\":{\"@type\":\"ImageObject\",\"inLanguage\":\"fr-FR\",\"@id\":\"https:\/\/indigenoustourism.ca\/#\/schema\/person\/image\/\",\"url\":\"https:\/\/secure.gravatar.com\/avatar\/8173ccfb312ae5d950799c39f305d424?s=96&d=mm&r=g\",\"contentUrl\":\"https:\/\/secure.gravatar.com\/avatar\/8173ccfb312ae5d950799c39f305d424?s=96&d=mm&r=g\",\"caption\":\"ITAC Admin\"}}]}<\/script>\n<!-- \/ Yoast SEO plugin. -->","yoast_head_json":{"title":"En vedette dans LA Times : Tundra North Tours - Nouvelles de l'industrie touristique autochtone","description":"Mme Margo Pfeiff, r\u00e9dactrice chez Los Angeles Times, s\u2019est rendue dans l\u2019Arctique canadien pour vivre une exp\u00e9rience unique en son genre\u00a0: un s\u00e9jour","robots":{"index":"index","follow":"follow","max-snippet":"max-snippet:-1","max-image-preview":"max-image-preview:large","max-video-preview":"max-video-preview:-1"},"canonical":"https:\/\/indigenoustourism.ca\/fr\/en-vedette-dans-la-times-tundra-north-tours\/","og_locale":"fr_FR","og_type":"article","og_title":"En vedette dans LA Times : Tundra North Tours - Nouvelles de l'industrie touristique autochtone","og_description":"Mme Margo Pfeiff, r\u00e9dactrice chez Los Angeles Times, s\u2019est rendue dans l\u2019Arctique canadien pour vivre une exp\u00e9rience unique en son genre\u00a0: un s\u00e9jour","og_url":"https:\/\/indigenoustourism.ca\/fr\/en-vedette-dans-la-times-tundra-north-tours\/","og_site_name":"Association touristique autochtone du Canada","article_published_time":"2019-02-07T16:49:37+00:00","og_image":[{"width":800,"height":533,"url":"https:\/\/indigenoustourism.ca\/wp-content\/uploads\/2019\/02\/la-tr-reindeer-herding-canada-arctic-20181.154003.jpeg","type":"image\/jpeg"}],"author":"ITAC Admin","twitter_card":"summary_large_image","twitter_creator":"@itac_corporate","twitter_site":"@itac_corporate","twitter_misc":{"\u00c9crit par":"ITAC Admin","Dur\u00e9e de lecture estim\u00e9e":"1 minute"},"schema":{"@context":"https:\/\/schema.org","@graph":[{"@type":"Article","@id":"https:\/\/indigenoustourism.ca\/fr\/en-vedette-dans-la-times-tundra-north-tours\/#article","isPartOf":{"@id":"https:\/\/indigenoustourism.ca\/fr\/en-vedette-dans-la-times-tundra-north-tours\/"},"author":{"name":"ITAC Admin","@id":"https:\/\/indigenoustourism.ca\/#\/schema\/person\/5ba0db1e1051fddfe2215695bab10234"},"headline":"En vedette dans LA Times : Tundra North Tours","datePublished":"2019-02-07T16:49:37+00:00","mainEntityOfPage":{"@id":"https:\/\/indigenoustourism.ca\/fr\/en-vedette-dans-la-times-tundra-north-tours\/"},"wordCount":120,"publisher":{"@id":"https:\/\/indigenoustourism.ca\/#organization"},"image":{"@id":"https:\/\/indigenoustourism.ca\/fr\/en-vedette-dans-la-times-tundra-north-tours\/#primaryimage"},"thumbnailUrl":"https:\/\/indigenoustourism.ca\/wp-content\/uploads\/2019\/02\/la-tr-reindeer-herding-canada-arctic-20181.154003.jpeg","articleSection":["Non classifi\u00e9(e)"],"inLanguage":"fr-FR"},{"@type":"WebPage","@id":"https:\/\/indigenoustourism.ca\/fr\/en-vedette-dans-la-times-tundra-north-tours\/","url":"https:\/\/indigenoustourism.ca\/fr\/en-vedette-dans-la-times-tundra-north-tours\/","name":"En vedette dans LA Times : Tundra North Tours - Nouvelles de l'industrie touristique autochtone","isPartOf":{"@id":"https:\/\/indigenoustourism.ca\/#website"},"primaryImageOfPage":{"@id":"https:\/\/indigenoustourism.ca\/fr\/en-vedette-dans-la-times-tundra-north-tours\/#primaryimage"},"image":{"@id":"https:\/\/indigenoustourism.ca\/fr\/en-vedette-dans-la-times-tundra-north-tours\/#primaryimage"},"thumbnailUrl":"https:\/\/indigenoustourism.ca\/wp-content\/uploads\/2019\/02\/la-tr-reindeer-herding-canada-arctic-20181.154003.jpeg","datePublished":"2019-02-07T16:49:37+00:00","description":"Mme Margo Pfeiff, r\u00e9dactrice chez Los Angeles Times, s\u2019est rendue dans l\u2019Arctique canadien pour vivre une exp\u00e9rience unique en son genre\u00a0: un s\u00e9jour","breadcrumb":{"@id":"https:\/\/indigenoustourism.ca\/fr\/en-vedette-dans-la-times-tundra-north-tours\/#breadcrumb"},"inLanguage":"fr-FR","potentialAction":[{"@type":"ReadAction","target":["https:\/\/indigenoustourism.ca\/fr\/en-vedette-dans-la-times-tundra-north-tours\/"]}]},{"@type":"ImageObject","inLanguage":"fr-FR","@id":"https:\/\/indigenoustourism.ca\/fr\/en-vedette-dans-la-times-tundra-north-tours\/#primaryimage","url":"https:\/\/indigenoustourism.ca\/wp-content\/uploads\/2019\/02\/la-tr-reindeer-herding-canada-arctic-20181.154003.jpeg","contentUrl":"https:\/\/indigenoustourism.ca\/wp-content\/uploads\/2019\/02\/la-tr-reindeer-herding-canada-arctic-20181.154003.jpeg","width":800,"height":533},{"@type":"BreadcrumbList","@id":"https:\/\/indigenoustourism.ca\/fr\/en-vedette-dans-la-times-tundra-north-tours\/#breadcrumb","itemListElement":[{"@type":"ListItem","position":1,"name":"Home","item":"https:\/\/indigenoustourism.ca\/fr\/home\/"},{"@type":"ListItem","position":2,"name":"En vedette dans LA Times : Tundra North Tours"}]},{"@type":"WebSite","@id":"https:\/\/indigenoustourism.ca\/#website","url":"https:\/\/indigenoustourism.ca\/","name":"Association touristique autochtone du Canada","description":"Corporate","publisher":{"@id":"https:\/\/indigenoustourism.ca\/#organization"},"potentialAction":[{"@type":"SearchAction","target":{"@type":"EntryPoint","urlTemplate":"https:\/\/indigenoustourism.ca\/?s={search_term_string}"},"query-input":{"@type":"PropertyValueSpecification","valueRequired":true,"valueName":"search_term_string"}}],"inLanguage":"fr-FR"},{"@type":"Organization","@id":"https:\/\/indigenoustourism.ca\/#organization","name":"Association touristique autochtone du Canada","url":"https:\/\/indigenoustourism.ca\/","logo":{"@type":"ImageObject","inLanguage":"fr-FR","@id":"https:\/\/indigenoustourism.ca\/#\/schema\/logo\/image\/","url":"https:\/\/indigenoustourism.ca\/wp-content\/uploads\/2018\/02\/ITAC-logo-corporate-bilingual-standard@300x.png","contentUrl":"https:\/\/indigenoustourism.ca\/wp-content\/uploads\/2018\/02\/ITAC-logo-corporate-bilingual-standard@300x.png","width":2408,"height":701,"caption":"Association touristique autochtone du Canada"},"image":{"@id":"https:\/\/indigenoustourism.ca\/#\/schema\/logo\/image\/"},"sameAs":["https:\/\/x.com\/itac_corporate"]},{"@type":"Person","@id":"https:\/\/indigenoustourism.ca\/#\/schema\/person\/5ba0db1e1051fddfe2215695bab10234","name":"ITAC Admin","image":{"@type":"ImageObject","inLanguage":"fr-FR","@id":"https:\/\/indigenoustourism.ca\/#\/schema\/person\/image\/","url":"https:\/\/secure.gravatar.com\/avatar\/8173ccfb312ae5d950799c39f305d424?s=96&d=mm&r=g","contentUrl":"https:\/\/secure.gravatar.com\/avatar\/8173ccfb312ae5d950799c39f305d424?s=96&d=mm&r=g","caption":"ITAC Admin"}}]}},"_links":{"self":[{"href":"https:\/\/indigenoustourism.ca\/fr\/wp-json\/wp\/v2\/posts\/9533","targetHints":{"allow":["GET"]}}],"collection":[{"href":"https:\/\/indigenoustourism.ca\/fr\/wp-json\/wp\/v2\/posts"}],"about":[{"href":"https:\/\/indigenoustourism.ca\/fr\/wp-json\/wp\/v2\/types\/post"}],"author":[{"embeddable":true,"href":"https:\/\/indigenoustourism.ca\/fr\/wp-json\/wp\/v2\/users\/14"}],"replies":[{"embeddable":true,"href":"https:\/\/indigenoustourism.ca\/fr\/wp-json\/wp\/v2\/comments?post=9533"}],"version-history":[{"count":0,"href":"https:\/\/indigenoustourism.ca\/fr\/wp-json\/wp\/v2\/posts\/9533\/revisions"}],"wp:featuredmedia":[{"embeddable":true,"href":"https:\/\/indigenoustourism.ca\/fr\/wp-json\/wp\/v2\/media\/9401"}],"wp:attachment":[{"href":"https:\/\/indigenoustourism.ca\/fr\/wp-json\/wp\/v2\/media?parent=9533"}],"wp:term":[{"taxonomy":"post_tag","embeddable":true,"href":"https:\/\/indigenoustourism.ca\/fr\/wp-json\/wp\/v2\/tags?post=9533"}],"curies":[{"name":"wp","href":"https:\/\/api.w.org\/{rel}","templated":true}]}}