{"id":7951,"date":"2018-04-25T09:59:51","date_gmt":"2018-04-25T16:59:51","guid":{"rendered":"https:\/\/indigenoustourism.ca\/corporate\/itac-hosts-reception-partners-ottawa\/"},"modified":"2018-08-09T16:29:05","modified_gmt":"2018-08-09T23:29:05","slug":"reception-pour-les-partenaires-de-latac-a-ottawa","status":"publish","type":"post","link":"https:\/\/indigenoustourism.ca\/fr\/reception-pour-les-partenaires-de-latac-a-ottawa\/","title":{"rendered":"R\u00e9ception pour les partenaires de l\u2019ATAC \u00e0 Ottawa"},"content":{"rendered":"<p>L\u2019ATAC a tenu une r\u00e9ception r\u00e9ussie pour ses partenaires \u00e0 Ottawa hier soir. Des discours ont \u00e9t\u00e9 prononc\u00e9s par l\u2019honorable Bardish Chagger, ministre de la Petite Entreprise et du Tourisme, M<sup>me<\/sup> Brenda Holder, pr\u00e9sidente du conseil d\u2019administration de l\u2019ATAC et M. Keith Henry, pr\u00e9sident-directeur g\u00e9n\u00e9ral de l\u2019ATAC lors de la soir\u00e9e. L\u2019\u00e9v\u00e9nement a \u00e9t\u00e9 organis\u00e9 en marge des r\u00e9unions du conseil d\u2019administration de l\u2019ATAC qui ont lieu cette semaine \u00e0 Ottawa et a \u00e9t\u00e9 l\u2019occasion parfaite afin de souligner les grands succ\u00e8s de l\u2019association au cours de la derni\u00e8re ann\u00e9e.<\/p>\n<p><!--more--><\/p>\n<p>En plus du conseil d\u2019administration, du personnel et des partenaires de l\u2019ATAC, les personnes pr\u00e9sentes comprenaient, entre autres, l\u2019honorable Carolyn Bennet, ministre des Relations Couronne-Autochtones; M. Blake Richards, d\u00e9put\u00e9 de Banff \u2014Airdrie (Alberta); M<sup>me<\/sup> Alaina Lockhart, d\u00e9put\u00e9e de\u00a0Fundy-Royal (Nouveau-Brunswick) et secr\u00e9taire\u00a0parlementaire de la ministre de la Petite Entreprise et du Tourisme; l\u2019honorable Larry Bagnell, d\u00e9put\u00e9 du Yukon; M. Bill Casey, d\u00e9put\u00e9\u00a0de Cumberland-Colchester (Nouvelle-\u00c9cosse), et le s\u00e9nateur Murray Sinclair.<\/p>\n<p>L\u2019ATAC tient \u00e0 remercier ses partenaires suivants pour avoir assist\u00e9 \u00e0 l\u2019\u00e9v\u00e9nement\u00a0: Innovation, Sciences et D\u00e9veloppement \u00e9conomique Canada, Services aux Autochtones Canada, Relations Couronne-Autochtones et Affaires du Nord Canada, Parcs Canada, Association de l\u2019industrie touristique du Canada, RH Tourisme Canada, <em>Ottawa Tourism<\/em>, <em>Aboriginal Experiences<\/em>, et le Coll\u00e8ge Algonquin.<\/p>\n<p>[masterslider alias=\u00a0\u00bbms-4&Prime;]<\/p>\n","protected":false},"excerpt":{"rendered":"<p>L\u2019ATAC a tenu une r\u00e9ception r\u00e9ussie pour ses partenaires \u00e0 Ottawa hier soir. Des discours ont \u00e9t\u00e9 prononc\u00e9s par l\u2019honorable Bardish Chagger, ministre de la Petite Entreprise et du Tourisme, Mme Brenda Holder, pr\u00e9sidente du conseil d\u2019administration de l\u2019ATAC et M. Keith Henry, pr\u00e9sident-directeur g\u00e9n\u00e9ral de l\u2019ATAC lors de la soir\u00e9e. L\u2019\u00e9v\u00e9nement a \u00e9t\u00e9 organis\u00e9 [&hellip;]<\/p>\n","protected":false},"author":14,"featured_media":7663,"comment_status":"closed","ping_status":"closed","sticky":false,"template":"","format":"standard","meta":{"_acf_changed":false,"footnotes":""},"tags":[],"class_list":["post-7951","post","type-post","status-publish","format-standard","has-post-thumbnail","hentry"],"acf":[],"yoast_head":"<!-- This site is optimized with the Yoast SEO plugin v24.6 - https:\/\/yoast.com\/wordpress\/plugins\/seo\/ -->\n<title>R\u00e9ception pour les partenaires de l\u2019ATAC \u00e0 Ottawa - Nouvelles de l&#039;industrie touristique autochtone<\/title>\n<meta name=\"description\" content=\"L\u2019ATAC a tenu une r\u00e9ception r\u00e9ussie pour ses partenaires \u00e0 Ottawa hier soir. Des discours ont \u00e9t\u00e9 prononc\u00e9s par l\u2019honorable Bardish Chagger, ministre de\" \/>\n<meta name=\"robots\" content=\"index, follow, max-snippet:-1, max-image-preview:large, max-video-preview:-1\" \/>\n<link rel=\"canonical\" href=\"https:\/\/indigenoustourism.ca\/fr\/reception-pour-les-partenaires-de-latac-a-ottawa\/\" \/>\n<meta property=\"og:locale\" content=\"fr_FR\" \/>\n<meta property=\"og:type\" content=\"article\" \/>\n<meta property=\"og:title\" content=\"R\u00e9ception pour les partenaires de l\u2019ATAC \u00e0 Ottawa - Nouvelles de l&#039;industrie touristique autochtone\" \/>\n<meta property=\"og:description\" content=\"L\u2019ATAC a tenu une r\u00e9ception r\u00e9ussie pour ses partenaires \u00e0 Ottawa hier soir. Des discours ont \u00e9t\u00e9 prononc\u00e9s par l\u2019honorable Bardish Chagger, ministre de\" \/>\n<meta property=\"og:url\" content=\"https:\/\/indigenoustourism.ca\/fr\/reception-pour-les-partenaires-de-latac-a-ottawa\/\" \/>\n<meta property=\"og:site_name\" content=\"Association touristique autochtone du Canada\" \/>\n<meta property=\"article:published_time\" content=\"2018-04-25T16:59:51+00:00\" \/>\n<meta property=\"article:modified_time\" content=\"2018-08-09T23:29:05+00:00\" \/>\n<meta property=\"og:image\" content=\"https:\/\/indigenoustourism.ca\/wp-content\/uploads\/2018\/04\/2018-VIP-Reception-Ottawa.jpg\" \/>\n\t<meta property=\"og:image:width\" content=\"576\" \/>\n\t<meta property=\"og:image:height\" content=\"382\" \/>\n\t<meta property=\"og:image:type\" content=\"image\/jpeg\" \/>\n<meta name=\"author\" content=\"ITAC Admin\" \/>\n<meta name=\"twitter:card\" content=\"summary_large_image\" \/>\n<meta name=\"twitter:creator\" content=\"@itac_corporate\" \/>\n<meta name=\"twitter:site\" content=\"@itac_corporate\" \/>\n<meta name=\"twitter:label1\" content=\"\u00c9crit par\" \/>\n\t<meta name=\"twitter:data1\" content=\"ITAC Admin\" \/>\n\t<meta name=\"twitter:label2\" content=\"Dur\u00e9e de lecture estim\u00e9e\" \/>\n\t<meta name=\"twitter:data2\" content=\"1 minute\" \/>\n<script type=\"application\/ld+json\" class=\"yoast-schema-graph\">{\"@context\":\"https:\/\/schema.org\",\"@graph\":[{\"@type\":\"Article\",\"@id\":\"https:\/\/indigenoustourism.ca\/fr\/reception-pour-les-partenaires-de-latac-a-ottawa\/#article\",\"isPartOf\":{\"@id\":\"https:\/\/indigenoustourism.ca\/fr\/reception-pour-les-partenaires-de-latac-a-ottawa\/\"},\"author\":{\"name\":\"ITAC Admin\",\"@id\":\"https:\/\/indigenoustourism.ca\/#\/schema\/person\/5ba0db1e1051fddfe2215695bab10234\"},\"headline\":\"R\u00e9ception pour les partenaires de l\u2019ATAC \u00e0 Ottawa\",\"datePublished\":\"2018-04-25T16:59:51+00:00\",\"dateModified\":\"2018-08-09T23:29:05+00:00\",\"mainEntityOfPage\":{\"@id\":\"https:\/\/indigenoustourism.ca\/fr\/reception-pour-les-partenaires-de-latac-a-ottawa\/\"},\"wordCount\":259,\"publisher\":{\"@id\":\"https:\/\/indigenoustourism.ca\/#organization\"},\"image\":{\"@id\":\"https:\/\/indigenoustourism.ca\/fr\/reception-pour-les-partenaires-de-latac-a-ottawa\/#primaryimage\"},\"thumbnailUrl\":\"https:\/\/indigenoustourism.ca\/wp-content\/uploads\/2018\/04\/2018-VIP-Reception-Ottawa.jpg\",\"articleSection\":[\"Non classifi\u00e9(e)\"],\"inLanguage\":\"fr-FR\"},{\"@type\":\"WebPage\",\"@id\":\"https:\/\/indigenoustourism.ca\/fr\/reception-pour-les-partenaires-de-latac-a-ottawa\/\",\"url\":\"https:\/\/indigenoustourism.ca\/fr\/reception-pour-les-partenaires-de-latac-a-ottawa\/\",\"name\":\"R\u00e9ception pour les partenaires de l\u2019ATAC \u00e0 Ottawa - Nouvelles de l'industrie touristique autochtone\",\"isPartOf\":{\"@id\":\"https:\/\/indigenoustourism.ca\/#website\"},\"primaryImageOfPage\":{\"@id\":\"https:\/\/indigenoustourism.ca\/fr\/reception-pour-les-partenaires-de-latac-a-ottawa\/#primaryimage\"},\"image\":{\"@id\":\"https:\/\/indigenoustourism.ca\/fr\/reception-pour-les-partenaires-de-latac-a-ottawa\/#primaryimage\"},\"thumbnailUrl\":\"https:\/\/indigenoustourism.ca\/wp-content\/uploads\/2018\/04\/2018-VIP-Reception-Ottawa.jpg\",\"datePublished\":\"2018-04-25T16:59:51+00:00\",\"dateModified\":\"2018-08-09T23:29:05+00:00\",\"description\":\"L\u2019ATAC a tenu une r\u00e9ception r\u00e9ussie pour ses partenaires \u00e0 Ottawa hier soir. Des discours ont \u00e9t\u00e9 prononc\u00e9s par l\u2019honorable Bardish Chagger, ministre de\",\"breadcrumb\":{\"@id\":\"https:\/\/indigenoustourism.ca\/fr\/reception-pour-les-partenaires-de-latac-a-ottawa\/#breadcrumb\"},\"inLanguage\":\"fr-FR\",\"potentialAction\":[{\"@type\":\"ReadAction\",\"target\":[\"https:\/\/indigenoustourism.ca\/fr\/reception-pour-les-partenaires-de-latac-a-ottawa\/\"]}]},{\"@type\":\"ImageObject\",\"inLanguage\":\"fr-FR\",\"@id\":\"https:\/\/indigenoustourism.ca\/fr\/reception-pour-les-partenaires-de-latac-a-ottawa\/#primaryimage\",\"url\":\"https:\/\/indigenoustourism.ca\/wp-content\/uploads\/2018\/04\/2018-VIP-Reception-Ottawa.jpg\",\"contentUrl\":\"https:\/\/indigenoustourism.ca\/wp-content\/uploads\/2018\/04\/2018-VIP-Reception-Ottawa.jpg\",\"width\":576,\"height\":382},{\"@type\":\"BreadcrumbList\",\"@id\":\"https:\/\/indigenoustourism.ca\/fr\/reception-pour-les-partenaires-de-latac-a-ottawa\/#breadcrumb\",\"itemListElement\":[{\"@type\":\"ListItem\",\"position\":1,\"name\":\"Home\",\"item\":\"https:\/\/indigenoustourism.ca\/fr\/home\/\"},{\"@type\":\"ListItem\",\"position\":2,\"name\":\"R\u00e9ception pour les partenaires de l\u2019ATAC \u00e0 Ottawa\"}]},{\"@type\":\"WebSite\",\"@id\":\"https:\/\/indigenoustourism.ca\/#website\",\"url\":\"https:\/\/indigenoustourism.ca\/\",\"name\":\"Association touristique autochtone du Canada\",\"description\":\"Corporate\",\"publisher\":{\"@id\":\"https:\/\/indigenoustourism.ca\/#organization\"},\"potentialAction\":[{\"@type\":\"SearchAction\",\"target\":{\"@type\":\"EntryPoint\",\"urlTemplate\":\"https:\/\/indigenoustourism.ca\/?s={search_term_string}\"},\"query-input\":{\"@type\":\"PropertyValueSpecification\",\"valueRequired\":true,\"valueName\":\"search_term_string\"}}],\"inLanguage\":\"fr-FR\"},{\"@type\":\"Organization\",\"@id\":\"https:\/\/indigenoustourism.ca\/#organization\",\"name\":\"Association touristique autochtone du Canada\",\"url\":\"https:\/\/indigenoustourism.ca\/\",\"logo\":{\"@type\":\"ImageObject\",\"inLanguage\":\"fr-FR\",\"@id\":\"https:\/\/indigenoustourism.ca\/#\/schema\/logo\/image\/\",\"url\":\"https:\/\/indigenoustourism.ca\/wp-content\/uploads\/2018\/02\/ITAC-logo-corporate-bilingual-standard@300x.png\",\"contentUrl\":\"https:\/\/indigenoustourism.ca\/wp-content\/uploads\/2018\/02\/ITAC-logo-corporate-bilingual-standard@300x.png\",\"width\":2408,\"height\":701,\"caption\":\"Association touristique autochtone du Canada\"},\"image\":{\"@id\":\"https:\/\/indigenoustourism.ca\/#\/schema\/logo\/image\/\"},\"sameAs\":[\"https:\/\/x.com\/itac_corporate\"]},{\"@type\":\"Person\",\"@id\":\"https:\/\/indigenoustourism.ca\/#\/schema\/person\/5ba0db1e1051fddfe2215695bab10234\",\"name\":\"ITAC Admin\",\"image\":{\"@type\":\"ImageObject\",\"inLanguage\":\"fr-FR\",\"@id\":\"https:\/\/indigenoustourism.ca\/#\/schema\/person\/image\/\",\"url\":\"https:\/\/secure.gravatar.com\/avatar\/8173ccfb312ae5d950799c39f305d424?s=96&d=mm&r=g\",\"contentUrl\":\"https:\/\/secure.gravatar.com\/avatar\/8173ccfb312ae5d950799c39f305d424?s=96&d=mm&r=g\",\"caption\":\"ITAC Admin\"}}]}<\/script>\n<!-- \/ Yoast SEO plugin. -->","yoast_head_json":{"title":"R\u00e9ception pour les partenaires de l\u2019ATAC \u00e0 Ottawa - Nouvelles de l'industrie touristique autochtone","description":"L\u2019ATAC a tenu une r\u00e9ception r\u00e9ussie pour ses partenaires \u00e0 Ottawa hier soir. Des discours ont \u00e9t\u00e9 prononc\u00e9s par l\u2019honorable Bardish Chagger, ministre de","robots":{"index":"index","follow":"follow","max-snippet":"max-snippet:-1","max-image-preview":"max-image-preview:large","max-video-preview":"max-video-preview:-1"},"canonical":"https:\/\/indigenoustourism.ca\/fr\/reception-pour-les-partenaires-de-latac-a-ottawa\/","og_locale":"fr_FR","og_type":"article","og_title":"R\u00e9ception pour les partenaires de l\u2019ATAC \u00e0 Ottawa - Nouvelles de l'industrie touristique autochtone","og_description":"L\u2019ATAC a tenu une r\u00e9ception r\u00e9ussie pour ses partenaires \u00e0 Ottawa hier soir. Des discours ont \u00e9t\u00e9 prononc\u00e9s par l\u2019honorable Bardish Chagger, ministre de","og_url":"https:\/\/indigenoustourism.ca\/fr\/reception-pour-les-partenaires-de-latac-a-ottawa\/","og_site_name":"Association touristique autochtone du Canada","article_published_time":"2018-04-25T16:59:51+00:00","article_modified_time":"2018-08-09T23:29:05+00:00","og_image":[{"width":576,"height":382,"url":"https:\/\/indigenoustourism.ca\/wp-content\/uploads\/2018\/04\/2018-VIP-Reception-Ottawa.jpg","type":"image\/jpeg"}],"author":"ITAC Admin","twitter_card":"summary_large_image","twitter_creator":"@itac_corporate","twitter_site":"@itac_corporate","twitter_misc":{"\u00c9crit par":"ITAC Admin","Dur\u00e9e de lecture estim\u00e9e":"1 minute"},"schema":{"@context":"https:\/\/schema.org","@graph":[{"@type":"Article","@id":"https:\/\/indigenoustourism.ca\/fr\/reception-pour-les-partenaires-de-latac-a-ottawa\/#article","isPartOf":{"@id":"https:\/\/indigenoustourism.ca\/fr\/reception-pour-les-partenaires-de-latac-a-ottawa\/"},"author":{"name":"ITAC Admin","@id":"https:\/\/indigenoustourism.ca\/#\/schema\/person\/5ba0db1e1051fddfe2215695bab10234"},"headline":"R\u00e9ception pour les partenaires de l\u2019ATAC \u00e0 Ottawa","datePublished":"2018-04-25T16:59:51+00:00","dateModified":"2018-08-09T23:29:05+00:00","mainEntityOfPage":{"@id":"https:\/\/indigenoustourism.ca\/fr\/reception-pour-les-partenaires-de-latac-a-ottawa\/"},"wordCount":259,"publisher":{"@id":"https:\/\/indigenoustourism.ca\/#organization"},"image":{"@id":"https:\/\/indigenoustourism.ca\/fr\/reception-pour-les-partenaires-de-latac-a-ottawa\/#primaryimage"},"thumbnailUrl":"https:\/\/indigenoustourism.ca\/wp-content\/uploads\/2018\/04\/2018-VIP-Reception-Ottawa.jpg","articleSection":["Non classifi\u00e9(e)"],"inLanguage":"fr-FR"},{"@type":"WebPage","@id":"https:\/\/indigenoustourism.ca\/fr\/reception-pour-les-partenaires-de-latac-a-ottawa\/","url":"https:\/\/indigenoustourism.ca\/fr\/reception-pour-les-partenaires-de-latac-a-ottawa\/","name":"R\u00e9ception pour les partenaires de l\u2019ATAC \u00e0 Ottawa - Nouvelles de l'industrie touristique autochtone","isPartOf":{"@id":"https:\/\/indigenoustourism.ca\/#website"},"primaryImageOfPage":{"@id":"https:\/\/indigenoustourism.ca\/fr\/reception-pour-les-partenaires-de-latac-a-ottawa\/#primaryimage"},"image":{"@id":"https:\/\/indigenoustourism.ca\/fr\/reception-pour-les-partenaires-de-latac-a-ottawa\/#primaryimage"},"thumbnailUrl":"https:\/\/indigenoustourism.ca\/wp-content\/uploads\/2018\/04\/2018-VIP-Reception-Ottawa.jpg","datePublished":"2018-04-25T16:59:51+00:00","dateModified":"2018-08-09T23:29:05+00:00","description":"L\u2019ATAC a tenu une r\u00e9ception r\u00e9ussie pour ses partenaires \u00e0 Ottawa hier soir. Des discours ont \u00e9t\u00e9 prononc\u00e9s par l\u2019honorable Bardish Chagger, ministre de","breadcrumb":{"@id":"https:\/\/indigenoustourism.ca\/fr\/reception-pour-les-partenaires-de-latac-a-ottawa\/#breadcrumb"},"inLanguage":"fr-FR","potentialAction":[{"@type":"ReadAction","target":["https:\/\/indigenoustourism.ca\/fr\/reception-pour-les-partenaires-de-latac-a-ottawa\/"]}]},{"@type":"ImageObject","inLanguage":"fr-FR","@id":"https:\/\/indigenoustourism.ca\/fr\/reception-pour-les-partenaires-de-latac-a-ottawa\/#primaryimage","url":"https:\/\/indigenoustourism.ca\/wp-content\/uploads\/2018\/04\/2018-VIP-Reception-Ottawa.jpg","contentUrl":"https:\/\/indigenoustourism.ca\/wp-content\/uploads\/2018\/04\/2018-VIP-Reception-Ottawa.jpg","width":576,"height":382},{"@type":"BreadcrumbList","@id":"https:\/\/indigenoustourism.ca\/fr\/reception-pour-les-partenaires-de-latac-a-ottawa\/#breadcrumb","itemListElement":[{"@type":"ListItem","position":1,"name":"Home","item":"https:\/\/indigenoustourism.ca\/fr\/home\/"},{"@type":"ListItem","position":2,"name":"R\u00e9ception pour les partenaires de l\u2019ATAC \u00e0 Ottawa"}]},{"@type":"WebSite","@id":"https:\/\/indigenoustourism.ca\/#website","url":"https:\/\/indigenoustourism.ca\/","name":"Association touristique autochtone du Canada","description":"Corporate","publisher":{"@id":"https:\/\/indigenoustourism.ca\/#organization"},"potentialAction":[{"@type":"SearchAction","target":{"@type":"EntryPoint","urlTemplate":"https:\/\/indigenoustourism.ca\/?s={search_term_string}"},"query-input":{"@type":"PropertyValueSpecification","valueRequired":true,"valueName":"search_term_string"}}],"inLanguage":"fr-FR"},{"@type":"Organization","@id":"https:\/\/indigenoustourism.ca\/#organization","name":"Association touristique autochtone du Canada","url":"https:\/\/indigenoustourism.ca\/","logo":{"@type":"ImageObject","inLanguage":"fr-FR","@id":"https:\/\/indigenoustourism.ca\/#\/schema\/logo\/image\/","url":"https:\/\/indigenoustourism.ca\/wp-content\/uploads\/2018\/02\/ITAC-logo-corporate-bilingual-standard@300x.png","contentUrl":"https:\/\/indigenoustourism.ca\/wp-content\/uploads\/2018\/02\/ITAC-logo-corporate-bilingual-standard@300x.png","width":2408,"height":701,"caption":"Association touristique autochtone du Canada"},"image":{"@id":"https:\/\/indigenoustourism.ca\/#\/schema\/logo\/image\/"},"sameAs":["https:\/\/x.com\/itac_corporate"]},{"@type":"Person","@id":"https:\/\/indigenoustourism.ca\/#\/schema\/person\/5ba0db1e1051fddfe2215695bab10234","name":"ITAC Admin","image":{"@type":"ImageObject","inLanguage":"fr-FR","@id":"https:\/\/indigenoustourism.ca\/#\/schema\/person\/image\/","url":"https:\/\/secure.gravatar.com\/avatar\/8173ccfb312ae5d950799c39f305d424?s=96&d=mm&r=g","contentUrl":"https:\/\/secure.gravatar.com\/avatar\/8173ccfb312ae5d950799c39f305d424?s=96&d=mm&r=g","caption":"ITAC Admin"}}]}},"_links":{"self":[{"href":"https:\/\/indigenoustourism.ca\/fr\/wp-json\/wp\/v2\/posts\/7951","targetHints":{"allow":["GET"]}}],"collection":[{"href":"https:\/\/indigenoustourism.ca\/fr\/wp-json\/wp\/v2\/posts"}],"about":[{"href":"https:\/\/indigenoustourism.ca\/fr\/wp-json\/wp\/v2\/types\/post"}],"author":[{"embeddable":true,"href":"https:\/\/indigenoustourism.ca\/fr\/wp-json\/wp\/v2\/users\/14"}],"replies":[{"embeddable":true,"href":"https:\/\/indigenoustourism.ca\/fr\/wp-json\/wp\/v2\/comments?post=7951"}],"version-history":[{"count":0,"href":"https:\/\/indigenoustourism.ca\/fr\/wp-json\/wp\/v2\/posts\/7951\/revisions"}],"wp:featuredmedia":[{"embeddable":true,"href":"https:\/\/indigenoustourism.ca\/fr\/wp-json\/wp\/v2\/media\/7663"}],"wp:attachment":[{"href":"https:\/\/indigenoustourism.ca\/fr\/wp-json\/wp\/v2\/media?parent=7951"}],"wp:term":[{"taxonomy":"post_tag","embeddable":true,"href":"https:\/\/indigenoustourism.ca\/fr\/wp-json\/wp\/v2\/tags?post=7951"}],"curies":[{"name":"wp","href":"https:\/\/api.w.org\/{rel}","templated":true}]}}