{"id":6026,"date":"2018-05-04T12:33:24","date_gmt":"2018-05-04T19:33:24","guid":{"rendered":"https:\/\/indigenoustourism.ca\/corporate\/fr\/contract-opportunity-atlantic-region-strategic-development-coordination\/"},"modified":"2022-10-05T13:32:06","modified_gmt":"2022-10-05T20:32:06","slug":"poste-contractuel-region-de-latlantique-developpement-strategique-et-coordination","status":"publish","type":"post","link":"https:\/\/indigenoustourism.ca\/fr\/poste-contractuel-region-de-latlantique-developpement-strategique-et-coordination\/","title":{"rendered":"Poste contractuel : R\u00e9gion de l\u2019Atlantique \u2013 D\u00e9veloppement strat\u00e9gique et coordination"},"content":{"rendered":"<p style=\"font-weight: 400;\">L&rsquo;Association Touristique Autochtone du Canada est \u00e0 la recherche d&rsquo;un contractuel dans le cadre de la strat\u00e9gie touristique autochtone pan-atlantique (phase 2 des initiatives pour le Canada atlantique) pour soutenir le d\u00e9veloppement et la croissance du tourisme autochtone dans les provinces de l&rsquo;Atlantique.<\/p>\n<p><!--more--><\/p>\n<p>Le cadre de la strat\u00e9gie est conforme au plan strat\u00e9gique quinquennal de l\u2019ATAC et vise \u00e0 appuyer et \u00e0 r\u00e9aliser les objectifs de ce plan qui incluent l\u2019augmentation des revenus provenant du tourisme autochtone, des emplois autochtones et des entreprises touristiques autochtones commercialisables prosp\u00e8res au cours des trois prochaines ann\u00e9es. Il existe pr\u00e9sentement une forte demande pour des exp\u00e9riences authentiques et significatives sur le march\u00e9 touristique.<\/p>\n<p>Le plan strat\u00e9gique pan-atlantique aborde les possibilit\u00e9s cl\u00e9s pour faire avancer le tourisme autochtone dans le Canada atlantique notamment\u00a0:<\/p>\n<ul>\n<li>la mise en \u0153uvre d\u2019une strat\u00e9gie pour l\u2019Atlantique visant \u00e0 soutenir et \u00e0 d\u00e9velopper les entreprises touristiques autochtones et \u00e0 appuyer le d\u00e9veloppement r\u00e9gional;<\/li>\n<li>le d\u00e9veloppement de l\u2019offre et des affaires pour les exp\u00e9riences touristiques autochtones commercialisables\/exportables;<\/li>\n<li>le renforcement des capacit\u00e9s des entreprises et des entrepreneurs du Canada atlantique gr\u00e2ce \u00e0 des s\u00e9ances de formation professionnelle et des possibilit\u00e9s de d\u00e9veloppement de l\u2019offre touristique;<\/li>\n<\/ul>\n<p>Il s&rsquo;agit d&rsquo;un poste contractuel bas\u00e9 sur un projet du 1 er juin 2018 au 31 mars 2019. La date limite pour la pr\u00e9senter votre candidature est le 16 mai 2018 \u00e0\u00a0<span data-term=\"goog_1227743695\">17h00<\/span>\u00a0(heure normale du Pacifique). Pour plus de d\u00e9tails, veuillez visiter notre page d\u2019emplois sur notre site Internet.<\/p>\n","protected":false},"excerpt":{"rendered":"<p>L&rsquo;Association Touristique Autochtone du Canada est \u00e0 la recherche d&rsquo;un contractuel dans le cadre de la strat\u00e9gie touristique autochtone pan-atlantique (phase 2 des initiatives pour le Canada atlantique) pour soutenir le d\u00e9veloppement et la croissance du tourisme autochtone dans les provinces de l&rsquo;Atlantique.<\/p>\n","protected":false},"author":14,"featured_media":6029,"comment_status":"closed","ping_status":"closed","sticky":false,"template":"","format":"standard","meta":{"_acf_changed":false,"footnotes":""},"tags":[],"class_list":["post-6026","post","type-post","status-publish","format-standard","has-post-thumbnail","hentry"],"acf":[],"yoast_head":"<!-- This site is optimized with the Yoast SEO plugin v24.6 - https:\/\/yoast.com\/wordpress\/plugins\/seo\/ -->\n<title>Poste contractuel : R\u00e9gion de l\u2019Atlantique \u2013 D\u00e9veloppement strat\u00e9gique et coordination - Nouvelles de l&#039;industrie touristique autochtone<\/title>\n<meta name=\"description\" content=\"L&#039;Association Touristique Autochtone du Canada est \u00e0 la recherche d&#039;un contractuel dans le cadre de la strat\u00e9gie touristique autochtone pan-atlantique\" \/>\n<meta name=\"robots\" content=\"index, follow, max-snippet:-1, max-image-preview:large, max-video-preview:-1\" \/>\n<link rel=\"canonical\" href=\"https:\/\/indigenoustourism.ca\/fr\/poste-contractuel-region-de-latlantique-developpement-strategique-et-coordination\/\" \/>\n<meta property=\"og:locale\" content=\"fr_FR\" \/>\n<meta property=\"og:type\" content=\"article\" \/>\n<meta property=\"og:title\" content=\"Poste contractuel : R\u00e9gion de l\u2019Atlantique \u2013 D\u00e9veloppement strat\u00e9gique et coordination - Nouvelles de l&#039;industrie touristique autochtone\" \/>\n<meta property=\"og:description\" content=\"L&#039;Association Touristique Autochtone du Canada est \u00e0 la recherche d&#039;un contractuel dans le cadre de la strat\u00e9gie touristique autochtone pan-atlantique\" \/>\n<meta property=\"og:url\" content=\"https:\/\/indigenoustourism.ca\/fr\/poste-contractuel-region-de-latlantique-developpement-strategique-et-coordination\/\" \/>\n<meta property=\"og:site_name\" content=\"Association touristique autochtone du Canada\" \/>\n<meta property=\"article:published_time\" content=\"2018-05-04T19:33:24+00:00\" \/>\n<meta property=\"article:modified_time\" content=\"2022-10-05T20:32:06+00:00\" \/>\n<meta property=\"og:image\" content=\"https:\/\/indigenoustourism.ca\/wp-content\/uploads\/2018\/05\/Contract-Position-Atlantic-Region-FR.jpg\" \/>\n\t<meta property=\"og:image:width\" content=\"576\" \/>\n\t<meta property=\"og:image:height\" content=\"382\" \/>\n\t<meta property=\"og:image:type\" content=\"image\/jpeg\" \/>\n<meta name=\"author\" content=\"ITAC Admin\" \/>\n<meta name=\"twitter:card\" content=\"summary_large_image\" \/>\n<meta name=\"twitter:creator\" content=\"@itac_corporate\" \/>\n<meta name=\"twitter:site\" content=\"@itac_corporate\" \/>\n<meta name=\"twitter:label1\" content=\"\u00c9crit par\" \/>\n\t<meta name=\"twitter:data1\" content=\"ITAC Admin\" \/>\n\t<meta name=\"twitter:label2\" content=\"Dur\u00e9e de lecture estim\u00e9e\" \/>\n\t<meta name=\"twitter:data2\" content=\"2 minutes\" \/>\n<script type=\"application\/ld+json\" class=\"yoast-schema-graph\">{\"@context\":\"https:\/\/schema.org\",\"@graph\":[{\"@type\":\"Article\",\"@id\":\"https:\/\/indigenoustourism.ca\/fr\/poste-contractuel-region-de-latlantique-developpement-strategique-et-coordination\/#article\",\"isPartOf\":{\"@id\":\"https:\/\/indigenoustourism.ca\/fr\/poste-contractuel-region-de-latlantique-developpement-strategique-et-coordination\/\"},\"author\":{\"name\":\"ITAC Admin\",\"@id\":\"https:\/\/indigenoustourism.ca\/#\/schema\/person\/5ba0db1e1051fddfe2215695bab10234\"},\"headline\":\"Poste contractuel : R\u00e9gion de l\u2019Atlantique \u2013 D\u00e9veloppement strat\u00e9gique et coordination\",\"datePublished\":\"2018-05-04T19:33:24+00:00\",\"dateModified\":\"2022-10-05T20:32:06+00:00\",\"mainEntityOfPage\":{\"@id\":\"https:\/\/indigenoustourism.ca\/fr\/poste-contractuel-region-de-latlantique-developpement-strategique-et-coordination\/\"},\"wordCount\":278,\"publisher\":{\"@id\":\"https:\/\/indigenoustourism.ca\/#organization\"},\"image\":{\"@id\":\"https:\/\/indigenoustourism.ca\/fr\/poste-contractuel-region-de-latlantique-developpement-strategique-et-coordination\/#primaryimage\"},\"thumbnailUrl\":\"https:\/\/indigenoustourism.ca\/wp-content\/uploads\/2018\/05\/Contract-Position-Atlantic-Region-FR.jpg\",\"articleSection\":[\"Non classifi\u00e9(e)\"],\"inLanguage\":\"fr-FR\"},{\"@type\":\"WebPage\",\"@id\":\"https:\/\/indigenoustourism.ca\/fr\/poste-contractuel-region-de-latlantique-developpement-strategique-et-coordination\/\",\"url\":\"https:\/\/indigenoustourism.ca\/fr\/poste-contractuel-region-de-latlantique-developpement-strategique-et-coordination\/\",\"name\":\"Poste contractuel : R\u00e9gion de l\u2019Atlantique \u2013 D\u00e9veloppement strat\u00e9gique et coordination - Nouvelles de l'industrie touristique autochtone\",\"isPartOf\":{\"@id\":\"https:\/\/indigenoustourism.ca\/#website\"},\"primaryImageOfPage\":{\"@id\":\"https:\/\/indigenoustourism.ca\/fr\/poste-contractuel-region-de-latlantique-developpement-strategique-et-coordination\/#primaryimage\"},\"image\":{\"@id\":\"https:\/\/indigenoustourism.ca\/fr\/poste-contractuel-region-de-latlantique-developpement-strategique-et-coordination\/#primaryimage\"},\"thumbnailUrl\":\"https:\/\/indigenoustourism.ca\/wp-content\/uploads\/2018\/05\/Contract-Position-Atlantic-Region-FR.jpg\",\"datePublished\":\"2018-05-04T19:33:24+00:00\",\"dateModified\":\"2022-10-05T20:32:06+00:00\",\"description\":\"L'Association Touristique Autochtone du Canada est \u00e0 la recherche d'un contractuel dans le cadre de la strat\u00e9gie touristique autochtone pan-atlantique\",\"breadcrumb\":{\"@id\":\"https:\/\/indigenoustourism.ca\/fr\/poste-contractuel-region-de-latlantique-developpement-strategique-et-coordination\/#breadcrumb\"},\"inLanguage\":\"fr-FR\",\"potentialAction\":[{\"@type\":\"ReadAction\",\"target\":[\"https:\/\/indigenoustourism.ca\/fr\/poste-contractuel-region-de-latlantique-developpement-strategique-et-coordination\/\"]}]},{\"@type\":\"ImageObject\",\"inLanguage\":\"fr-FR\",\"@id\":\"https:\/\/indigenoustourism.ca\/fr\/poste-contractuel-region-de-latlantique-developpement-strategique-et-coordination\/#primaryimage\",\"url\":\"https:\/\/indigenoustourism.ca\/wp-content\/uploads\/2018\/05\/Contract-Position-Atlantic-Region-FR.jpg\",\"contentUrl\":\"https:\/\/indigenoustourism.ca\/wp-content\/uploads\/2018\/05\/Contract-Position-Atlantic-Region-FR.jpg\",\"width\":576,\"height\":382},{\"@type\":\"BreadcrumbList\",\"@id\":\"https:\/\/indigenoustourism.ca\/fr\/poste-contractuel-region-de-latlantique-developpement-strategique-et-coordination\/#breadcrumb\",\"itemListElement\":[{\"@type\":\"ListItem\",\"position\":1,\"name\":\"Home\",\"item\":\"https:\/\/indigenoustourism.ca\/fr\/home\/\"},{\"@type\":\"ListItem\",\"position\":2,\"name\":\"Poste contractuel : R\u00e9gion de l\u2019Atlantique \u2013 D\u00e9veloppement strat\u00e9gique et coordination\"}]},{\"@type\":\"WebSite\",\"@id\":\"https:\/\/indigenoustourism.ca\/#website\",\"url\":\"https:\/\/indigenoustourism.ca\/\",\"name\":\"Association touristique autochtone du Canada\",\"description\":\"Corporate\",\"publisher\":{\"@id\":\"https:\/\/indigenoustourism.ca\/#organization\"},\"potentialAction\":[{\"@type\":\"SearchAction\",\"target\":{\"@type\":\"EntryPoint\",\"urlTemplate\":\"https:\/\/indigenoustourism.ca\/?s={search_term_string}\"},\"query-input\":{\"@type\":\"PropertyValueSpecification\",\"valueRequired\":true,\"valueName\":\"search_term_string\"}}],\"inLanguage\":\"fr-FR\"},{\"@type\":\"Organization\",\"@id\":\"https:\/\/indigenoustourism.ca\/#organization\",\"name\":\"Association touristique autochtone du Canada\",\"url\":\"https:\/\/indigenoustourism.ca\/\",\"logo\":{\"@type\":\"ImageObject\",\"inLanguage\":\"fr-FR\",\"@id\":\"https:\/\/indigenoustourism.ca\/#\/schema\/logo\/image\/\",\"url\":\"https:\/\/indigenoustourism.ca\/wp-content\/uploads\/2018\/02\/ITAC-logo-corporate-bilingual-standard@300x.png\",\"contentUrl\":\"https:\/\/indigenoustourism.ca\/wp-content\/uploads\/2018\/02\/ITAC-logo-corporate-bilingual-standard@300x.png\",\"width\":2408,\"height\":701,\"caption\":\"Association touristique autochtone du Canada\"},\"image\":{\"@id\":\"https:\/\/indigenoustourism.ca\/#\/schema\/logo\/image\/\"},\"sameAs\":[\"https:\/\/x.com\/itac_corporate\"]},{\"@type\":\"Person\",\"@id\":\"https:\/\/indigenoustourism.ca\/#\/schema\/person\/5ba0db1e1051fddfe2215695bab10234\",\"name\":\"ITAC Admin\",\"image\":{\"@type\":\"ImageObject\",\"inLanguage\":\"fr-FR\",\"@id\":\"https:\/\/indigenoustourism.ca\/#\/schema\/person\/image\/\",\"url\":\"https:\/\/secure.gravatar.com\/avatar\/8173ccfb312ae5d950799c39f305d424?s=96&d=mm&r=g\",\"contentUrl\":\"https:\/\/secure.gravatar.com\/avatar\/8173ccfb312ae5d950799c39f305d424?s=96&d=mm&r=g\",\"caption\":\"ITAC Admin\"}}]}<\/script>\n<!-- \/ Yoast SEO plugin. -->","yoast_head_json":{"title":"Poste contractuel : R\u00e9gion de l\u2019Atlantique \u2013 D\u00e9veloppement strat\u00e9gique et coordination - Nouvelles de l'industrie touristique autochtone","description":"L'Association Touristique Autochtone du Canada est \u00e0 la recherche d'un contractuel dans le cadre de la strat\u00e9gie touristique autochtone pan-atlantique","robots":{"index":"index","follow":"follow","max-snippet":"max-snippet:-1","max-image-preview":"max-image-preview:large","max-video-preview":"max-video-preview:-1"},"canonical":"https:\/\/indigenoustourism.ca\/fr\/poste-contractuel-region-de-latlantique-developpement-strategique-et-coordination\/","og_locale":"fr_FR","og_type":"article","og_title":"Poste contractuel : R\u00e9gion de l\u2019Atlantique \u2013 D\u00e9veloppement strat\u00e9gique et coordination - Nouvelles de l'industrie touristique autochtone","og_description":"L'Association Touristique Autochtone du Canada est \u00e0 la recherche d'un contractuel dans le cadre de la strat\u00e9gie touristique autochtone pan-atlantique","og_url":"https:\/\/indigenoustourism.ca\/fr\/poste-contractuel-region-de-latlantique-developpement-strategique-et-coordination\/","og_site_name":"Association touristique autochtone du Canada","article_published_time":"2018-05-04T19:33:24+00:00","article_modified_time":"2022-10-05T20:32:06+00:00","og_image":[{"width":576,"height":382,"url":"https:\/\/indigenoustourism.ca\/wp-content\/uploads\/2018\/05\/Contract-Position-Atlantic-Region-FR.jpg","type":"image\/jpeg"}],"author":"ITAC Admin","twitter_card":"summary_large_image","twitter_creator":"@itac_corporate","twitter_site":"@itac_corporate","twitter_misc":{"\u00c9crit par":"ITAC Admin","Dur\u00e9e de lecture estim\u00e9e":"2 minutes"},"schema":{"@context":"https:\/\/schema.org","@graph":[{"@type":"Article","@id":"https:\/\/indigenoustourism.ca\/fr\/poste-contractuel-region-de-latlantique-developpement-strategique-et-coordination\/#article","isPartOf":{"@id":"https:\/\/indigenoustourism.ca\/fr\/poste-contractuel-region-de-latlantique-developpement-strategique-et-coordination\/"},"author":{"name":"ITAC Admin","@id":"https:\/\/indigenoustourism.ca\/#\/schema\/person\/5ba0db1e1051fddfe2215695bab10234"},"headline":"Poste contractuel : R\u00e9gion de l\u2019Atlantique \u2013 D\u00e9veloppement strat\u00e9gique et coordination","datePublished":"2018-05-04T19:33:24+00:00","dateModified":"2022-10-05T20:32:06+00:00","mainEntityOfPage":{"@id":"https:\/\/indigenoustourism.ca\/fr\/poste-contractuel-region-de-latlantique-developpement-strategique-et-coordination\/"},"wordCount":278,"publisher":{"@id":"https:\/\/indigenoustourism.ca\/#organization"},"image":{"@id":"https:\/\/indigenoustourism.ca\/fr\/poste-contractuel-region-de-latlantique-developpement-strategique-et-coordination\/#primaryimage"},"thumbnailUrl":"https:\/\/indigenoustourism.ca\/wp-content\/uploads\/2018\/05\/Contract-Position-Atlantic-Region-FR.jpg","articleSection":["Non classifi\u00e9(e)"],"inLanguage":"fr-FR"},{"@type":"WebPage","@id":"https:\/\/indigenoustourism.ca\/fr\/poste-contractuel-region-de-latlantique-developpement-strategique-et-coordination\/","url":"https:\/\/indigenoustourism.ca\/fr\/poste-contractuel-region-de-latlantique-developpement-strategique-et-coordination\/","name":"Poste contractuel : R\u00e9gion de l\u2019Atlantique \u2013 D\u00e9veloppement strat\u00e9gique et coordination - Nouvelles de l'industrie touristique autochtone","isPartOf":{"@id":"https:\/\/indigenoustourism.ca\/#website"},"primaryImageOfPage":{"@id":"https:\/\/indigenoustourism.ca\/fr\/poste-contractuel-region-de-latlantique-developpement-strategique-et-coordination\/#primaryimage"},"image":{"@id":"https:\/\/indigenoustourism.ca\/fr\/poste-contractuel-region-de-latlantique-developpement-strategique-et-coordination\/#primaryimage"},"thumbnailUrl":"https:\/\/indigenoustourism.ca\/wp-content\/uploads\/2018\/05\/Contract-Position-Atlantic-Region-FR.jpg","datePublished":"2018-05-04T19:33:24+00:00","dateModified":"2022-10-05T20:32:06+00:00","description":"L'Association Touristique Autochtone du Canada est \u00e0 la recherche d'un contractuel dans le cadre de la strat\u00e9gie touristique autochtone pan-atlantique","breadcrumb":{"@id":"https:\/\/indigenoustourism.ca\/fr\/poste-contractuel-region-de-latlantique-developpement-strategique-et-coordination\/#breadcrumb"},"inLanguage":"fr-FR","potentialAction":[{"@type":"ReadAction","target":["https:\/\/indigenoustourism.ca\/fr\/poste-contractuel-region-de-latlantique-developpement-strategique-et-coordination\/"]}]},{"@type":"ImageObject","inLanguage":"fr-FR","@id":"https:\/\/indigenoustourism.ca\/fr\/poste-contractuel-region-de-latlantique-developpement-strategique-et-coordination\/#primaryimage","url":"https:\/\/indigenoustourism.ca\/wp-content\/uploads\/2018\/05\/Contract-Position-Atlantic-Region-FR.jpg","contentUrl":"https:\/\/indigenoustourism.ca\/wp-content\/uploads\/2018\/05\/Contract-Position-Atlantic-Region-FR.jpg","width":576,"height":382},{"@type":"BreadcrumbList","@id":"https:\/\/indigenoustourism.ca\/fr\/poste-contractuel-region-de-latlantique-developpement-strategique-et-coordination\/#breadcrumb","itemListElement":[{"@type":"ListItem","position":1,"name":"Home","item":"https:\/\/indigenoustourism.ca\/fr\/home\/"},{"@type":"ListItem","position":2,"name":"Poste contractuel : R\u00e9gion de l\u2019Atlantique \u2013 D\u00e9veloppement strat\u00e9gique et coordination"}]},{"@type":"WebSite","@id":"https:\/\/indigenoustourism.ca\/#website","url":"https:\/\/indigenoustourism.ca\/","name":"Association touristique autochtone du Canada","description":"Corporate","publisher":{"@id":"https:\/\/indigenoustourism.ca\/#organization"},"potentialAction":[{"@type":"SearchAction","target":{"@type":"EntryPoint","urlTemplate":"https:\/\/indigenoustourism.ca\/?s={search_term_string}"},"query-input":{"@type":"PropertyValueSpecification","valueRequired":true,"valueName":"search_term_string"}}],"inLanguage":"fr-FR"},{"@type":"Organization","@id":"https:\/\/indigenoustourism.ca\/#organization","name":"Association touristique autochtone du Canada","url":"https:\/\/indigenoustourism.ca\/","logo":{"@type":"ImageObject","inLanguage":"fr-FR","@id":"https:\/\/indigenoustourism.ca\/#\/schema\/logo\/image\/","url":"https:\/\/indigenoustourism.ca\/wp-content\/uploads\/2018\/02\/ITAC-logo-corporate-bilingual-standard@300x.png","contentUrl":"https:\/\/indigenoustourism.ca\/wp-content\/uploads\/2018\/02\/ITAC-logo-corporate-bilingual-standard@300x.png","width":2408,"height":701,"caption":"Association touristique autochtone du Canada"},"image":{"@id":"https:\/\/indigenoustourism.ca\/#\/schema\/logo\/image\/"},"sameAs":["https:\/\/x.com\/itac_corporate"]},{"@type":"Person","@id":"https:\/\/indigenoustourism.ca\/#\/schema\/person\/5ba0db1e1051fddfe2215695bab10234","name":"ITAC Admin","image":{"@type":"ImageObject","inLanguage":"fr-FR","@id":"https:\/\/indigenoustourism.ca\/#\/schema\/person\/image\/","url":"https:\/\/secure.gravatar.com\/avatar\/8173ccfb312ae5d950799c39f305d424?s=96&d=mm&r=g","contentUrl":"https:\/\/secure.gravatar.com\/avatar\/8173ccfb312ae5d950799c39f305d424?s=96&d=mm&r=g","caption":"ITAC Admin"}}]}},"_links":{"self":[{"href":"https:\/\/indigenoustourism.ca\/fr\/wp-json\/wp\/v2\/posts\/6026","targetHints":{"allow":["GET"]}}],"collection":[{"href":"https:\/\/indigenoustourism.ca\/fr\/wp-json\/wp\/v2\/posts"}],"about":[{"href":"https:\/\/indigenoustourism.ca\/fr\/wp-json\/wp\/v2\/types\/post"}],"author":[{"embeddable":true,"href":"https:\/\/indigenoustourism.ca\/fr\/wp-json\/wp\/v2\/users\/14"}],"replies":[{"embeddable":true,"href":"https:\/\/indigenoustourism.ca\/fr\/wp-json\/wp\/v2\/comments?post=6026"}],"version-history":[{"count":0,"href":"https:\/\/indigenoustourism.ca\/fr\/wp-json\/wp\/v2\/posts\/6026\/revisions"}],"wp:featuredmedia":[{"embeddable":true,"href":"https:\/\/indigenoustourism.ca\/fr\/wp-json\/wp\/v2\/media\/6029"}],"wp:attachment":[{"href":"https:\/\/indigenoustourism.ca\/fr\/wp-json\/wp\/v2\/media?parent=6026"}],"wp:term":[{"taxonomy":"post_tag","embeddable":true,"href":"https:\/\/indigenoustourism.ca\/fr\/wp-json\/wp\/v2\/tags?post=6026"}],"curies":[{"name":"wp","href":"https:\/\/api.w.org\/{rel}","templated":true}]}}