{"id":4768,"date":"2017-11-09T12:55:00","date_gmt":"2017-11-09T20:55:00","guid":{"rendered":"https:\/\/indigenoustourism.ca\/corporate\/fr\/itac-reports-successful-iatc-history\/"},"modified":"2017-11-14T14:17:19","modified_gmt":"2017-11-14T22:17:19","slug":"cita-2017-le-congres-de-latac-atteint-un-succes-historique","status":"publish","type":"post","link":"https:\/\/indigenoustourism.ca\/fr\/cita-2017-le-congres-de-latac-atteint-un-succes-historique\/","title":{"rendered":"CITA 2017: le congr\u00e8s de l\u2019ATAC atteint un succ\u00e8s historique"},"content":{"rendered":"<p><strong>Territoire du Trait\u00e9 No.7 (Calgary, Alberta), Nation Tsuut\u2019ina, 9 novembre 2017<\/strong> \u2013 Plus de 500 d\u00e9l\u00e9gu\u00e9s de partout au Canada et des \u00c9tats-Unis se sont r\u00e9unis \u00e0 Calgary cette semaine dans le cadre du sixi\u00e8me Congr\u00e8s international du tourisme autochtone (CITA) pour consolider la croissance continue du tourisme autochtone au niveau local et international. Cet \u00e9v\u00e9nement, affich\u00e9 complet, a \u00e9t\u00e9 organis\u00e9 en collaboration avec la nation Tsuut\u2019ina \u00e0 Calgary, en Alberta, sur leur territoire traditionnel du trait\u00e9 no.7.<\/p>\n<p><!--more--><\/p>\n<p>Le congr\u00e8s de deux jours au <em>Grey Eagle Resort &amp;\u00a0Casino<\/em> a r\u00e9uni des d\u00e9l\u00e9gu\u00e9s des communaut\u00e9s des Premi\u00e8res Nations, des Inuits, et des M\u00e9tis ainsi que des repr\u00e9sentants et alli\u00e9s des organisations touristiques autochtones et non-autochtones internationales. Le th\u00e8me de cette ann\u00e9e fut \u00ab\u00a0Faire entendre nos voix\u00a0: b\u00e2tir l\u2019\u00e9conomie gr\u00e2ce au tourisme autochtone et aux histoires des communaut\u00e9s\u00a0\u00bb.<\/p>\n<p>Les points forts du congr\u00e8s \u00e9taient <a href=\"https:\/\/indigenoustourism.ca\/fr\/latac-change-son-appellation-anglophone-et-devient-lindigenous-tourism-association-canada\/\" target=\"_blank\" rel=\"noopener\">le changement de nom officiel<\/a> en anglais de l\u2019association d\u2019<em>Aboriginal Tourism Association of Canada<\/em> \u00e0 <em>Indigenous Tourism Association of Canada<\/em> (ITAC) ainsi que le <a href=\"https:\/\/indigenoustourism.ca\/fr\/les-chefs-de-file-du-tourisme-canadien-recompenses-lors-du-cita\/\" target=\"_blank\" rel=\"noopener\">Gala des Prix Tourisme Autochtone 2017<\/a> \u00e0 l\u2019honneur des chefs de file et entreprises ayant d\u00e9montr\u00e9 leur efforts continus \u00e0 am\u00e9liorer les exp\u00e9riences touristiques autochtones en Alberta et \u00e0 travers le Canada. Les pr\u00e9sentations ont soulign\u00e9 les aspects, strat\u00e9gies et r\u00e9alisations importants de l\u2019Ann\u00e9e 2 du plan quinquennal de l\u2019ATAC \u00ab\u00a0<a href=\"https:\/\/indigenoustourism.ca\/wp-content\/uploads\/2017\/11\/itac-five-year-plan-2016-2021-web.pdf\" target=\"_blank\" rel=\"noopener\">La voie de l\u2019avenir 2016-2021<\/a>\u00a0\u00bb en lien avec les quatre piliers\u00a0: leadership, partenariat, d\u00e9veloppement, marketing. Les partenariats nouveaux et renouvel\u00e9s avec la <em>World Indigenous Tourism Association<\/em> et l\u2019<em>American Indian Alaska Native Tourism Association<\/em> ont aussi \u00e9t\u00e9 mis de l\u2019avant. Le congr\u00e8s incluait \u00e9galement des discours liminaires par les chefs de file autochtones nationaux\u00a0: le s\u00e9nateur Murray Sinclair, ancien commissaire en chef de la Commission de v\u00e9rit\u00e9 et r\u00e9conciliation du Canada et le cin\u00e9aste Cowboy Smithx qui ont parl\u00e9 sur l\u2019importance de l\u2019authenticit\u00e9 et du d\u00e9veloppement \u00e9conomique conduit par les Autochtones.<\/p>\n<p><iframe loading=\"lazy\" src=\"https:\/\/player.vimeo.com\/video\/242825797?title=0&amp;byline=0\" width=\"640\" height=\"360\" frameborder=\"0\" allowfullscreen=\"allowfullscreen\"><\/iframe><\/p>\n<p>Outre la nation Tsuut\u2019ina qui a co-organis\u00e9 le congr\u00e8s, les participants et partenaires incluaient Destination Canada, Affaires autochtones et du Nord Canada (AANC), Parcs Canada, le gouvernement de l\u2019Alberta, <em>Travel Alberta<\/em>, <em>Tourism Victoria<\/em>, la <em>World Indigenous Tourism Alliance<\/em>, l\u2019Association de l\u2019industrie touristique du Canada (AITC), l\u2019<em>Adventure Travel Trade Association<\/em>, <em>Tourism Calgary<\/em>, <em>Tourism Edmonton<\/em>, <em>Tourism Saskatoon<\/em> et le <em>Calgary Stampede<\/em>. D\u2019autres points forts ainsi que les photos du CITA 2017 sont disponibles sur <a href=\"https:\/\/iatc-canada.ca\/\" target=\"_blank\" rel=\"noopener\">iatc-canada.ca<\/a>.<\/p>\n<p>\u00c0 la suite du congr\u00e8s, l\u2019ATAC a \u00e9galement tenu son assembl\u00e9e g\u00e9n\u00e9rale annuelle au cours de laquelle les administrateurs suivants ont \u00e9t\u00e9 confirm\u00e9s pour si\u00e9ger au conseil\u00a0:<\/p>\n<ul>\n<li>Mme Brenda Holder (Alberta \u2013 Mahikan Trails), pr\u00e9sidente;<\/li>\n<li>M. Dave Laveau (Qu\u00e9bec \u2013 Tourisme Autochtone Qu\u00e9bec), vice-pr\u00e9sident;<\/li>\n<li>M. Brady Smith (C.-B. \u2013 Centre culturel Squamish Lil\u2019wat), tr\u00e9sorier;<\/li>\n<li>M. Jeff Provost (Manitoba \u2013 Eastside Aboriginal Sustainable Tourism), secr\u00e9taire.<\/li>\n<\/ul>\n<p><img loading=\"lazy\" decoding=\"async\" class=\"alignnone size-full wp-image-4750\" src=\"https:\/\/indigenoustourism.ca\/wp-content\/uploads\/2017\/11\/ITAC-2017-AGM.jpg\" alt=\"\" width=\"600\" height=\"401\" srcset=\"https:\/\/indigenoustourism.ca\/wp-content\/uploads\/2017\/11\/ITAC-2017-AGM.jpg 600w, https:\/\/indigenoustourism.ca\/wp-content\/uploads\/2017\/11\/ITAC-2017-AGM-570x381.jpg 570w, https:\/\/indigenoustourism.ca\/wp-content\/uploads\/2017\/11\/ITAC-2017-AGM-425x284.jpg 425w, https:\/\/indigenoustourism.ca\/wp-content\/uploads\/2017\/11\/ITAC-2017-AGM-215x144.jpg 215w, https:\/\/indigenoustourism.ca\/wp-content\/uploads\/2017\/11\/ITAC-2017-AGM-440x294.jpg 440w, https:\/\/indigenoustourism.ca\/wp-content\/uploads\/2017\/11\/ITAC-2017-AGM-325x217.jpg 325w\" sizes=\"auto, (max-width: 600px) 100vw, 600px\" \/><\/p>\n<p>Le conseil d\u2019administration de l\u2019ATAC (repr\u00e9sentant et mandat)\u00a0:<\/p>\n<ul>\n<li>Colombie-Britannique\u00a0\u2013 M. Brady Smith, Centre culturel Squamish Lil\u2019wat (2017-2019);<\/li>\n<li>Alberta\u00a0\u2013 Mme Brenda Holder, Mahikan Trails (2017-2019);<\/li>\n<li>Saskatchewan\u00a0\u2013 M. Dana Soonias, Wanuskewin Heritage Park (2016-2018);<\/li>\n<li>Manitoba\u00a0\u2013 M. Jeff Provost, Eastside Aboriginal Sustainable Tourism (2016-2018);<\/li>\n<li>Ontario\u00a0\u2013 M. Kevin Eshkawkogan, Great Spirit Circle Trail (2017-2018 : mandat d\u2019un an);<\/li>\n<li>Qu\u00e9bec\u00a0\u2013 M. Dave Laveau, Tourisme Autochtone Qu\u00e9bec (2016-2018);<\/li>\n<li>Nouveau-Brunswick\u00a0\u2013 Mme Patricia Dunnett, Parc historique de Metepenagiag (2016-2018);<\/li>\n<li>Nouvelle-\u00c9cosse\u00a0\u2013 M. Robert Bernard, Wagmatcook Cultural Centre (2016-2018);<\/li>\n<li>\u00cele-du-Prince-\u00c9douard\u00a0\u2013 M. Charlie Sark, Indian Art and Crafts of North America (2017-2019);<\/li>\n<li>Terre-Neuve-et-Labrador\u00a0\u2013 Mme Jillian Larkham, gouvernement du Nunatsiavut (2016-2018);<\/li>\n<li>Yukon \u2013 Mme Shirlee Frost, Yukon First Nations Culture and Tourism Association (2017-2019);<\/li>\n<li>Territoires du Nord-Ouest\u00a0\u2013 M. Kylik Kisoun Taylor, Tundra North Tours (2017-2019);<\/li>\n<li>Nunavut \u2013 M. Gene O\u2019Donnell, Arctic Bay Adventures (2016-2018).<\/li>\n<\/ul>\n<p>Le conseil assumera les responsabilit\u00e9s d\u2019assurer la surveillance et de faire des recommandations quant \u00e0 la mise en \u0153uvre du plan quinquennal de l\u2019ATAC et de pr\u00e9senter un rapport des progr\u00e8s accomplis aux membres et aux parties prenantes.<\/p>\n<p>\u00ab\u00a0Le succ\u00e8s de ce sixi\u00e8me congr\u00e8s et de l\u2019assembl\u00e9e g\u00e9n\u00e9rale annuelle n\u2019aurait pas \u00e9t\u00e9 possible sans l\u2019appui de la nation Tsuut\u2019ina \u00bb, a d\u00e9clar\u00e9 M. Keith Henry, pr\u00e9sident-directeur g\u00e9n\u00e9ral de l\u2019association. \u00ab\u00a0Ensemble, nous avons accueilli plus de 500 d\u00e9l\u00e9gu\u00e9s, membres et parties prenantes sur leur territoire traditionnel o\u00f9 nous avons \u00e9tabli un cadre pour la croissance continue du tourisme autochtone au Canada et sur le plan international.\u00a0\u00bb<\/p>\n<p><strong>\u00c0 propos de l\u2019ATAC<\/strong><br \/>\nL\u2019ATAC a \u00e9t\u00e9 officiellement constitu\u00e9e en 2015 en tant qu\u2019organisme national sans but lucratif de l\u2019industrie touristique autochtone. \u00c0 ce jour, l\u2019ATAC regroupe 15 repr\u00e9sentants et organisations de l\u2019industrie. L\u2019ATAC incarne la voix unifi\u00e9e de l\u2019industrie touristique autochtone et met l\u2019accent sur la cr\u00e9ation de partenariats entre les associations, les organisations, les minist\u00e8res et les chefs de file de l\u2019industrie \u00e0 travers le pays afin de soutenir la croissance du tourisme autochtone au Canada. Pour de plus amples informations sur l\u2019ATAC, veuillez consulter <a href=\"https:\/\/indigenoustourism.ca\/\" target=\"_blank\" rel=\"noopener\">Indigenoustourism.ca<\/a>.<\/p>\n<p>-30-<\/p>\n<p><strong>Personnes-ressources pour les m\u00e9dias : <\/strong><br \/>\nM. Brian Cant, Beattie Tartan : 250 592-3838, 250 888-8729 (cellulaire) ou <a href=\"mailto:brian.cant@onlybeattie.com\">brian.cant@onlybeattie.com<\/a><br \/>\nM. Keith Henry, ATAC : 604 639-4408 ou <a href=\"mailto:keith@indigenoustourism.ca\">keith@indigenoustourism.ca<\/a><\/p>\n<p>[su_button url=\u00a0\u00bbhttps:\/\/indigenoustourism.ca\/wp-content\/uploads\/2017\/11\/ITAC-2017-IATC-Closing-and-Outcomes-FR.pdf\u00a0\u00bb style=\u00a0\u00bbflat\u00a0\u00bb background=\u00a0\u00bb#A20000&Prime; size=\u00a0\u00bb6&Prime; radius=\u00a0\u00bb8&Prime;]T\u00e9l\u00e9charger PDF[\/su_button]<\/p>\n","protected":false},"excerpt":{"rendered":"<p>Territoire du Trait\u00e9 No.7 (Calgary, Alberta), Nation Tsuut\u2019ina, 9 novembre 2017 \u2013 Plus de 500 d\u00e9l\u00e9gu\u00e9s de partout au Canada et des \u00c9tats-Unis se sont r\u00e9unis \u00e0 Calgary cette semaine dans le cadre du sixi\u00e8me Congr\u00e8s international du tourisme autochtone (CITA) pour consolider la croissance continue du tourisme autochtone au niveau local et international. Cet [&hellip;]<\/p>\n","protected":false},"author":14,"featured_media":4749,"comment_status":"closed","ping_status":"closed","sticky":false,"template":"","format":"standard","meta":{"_acf_changed":false,"footnotes":""},"tags":[],"class_list":["post-4768","post","type-post","status-publish","format-standard","has-post-thumbnail","hentry"],"acf":[],"yoast_head":"<!-- This site is optimized with the Yoast SEO plugin v24.6 - https:\/\/yoast.com\/wordpress\/plugins\/seo\/ -->\n<title>CITA 2017: le congr\u00e8s de l\u2019ATAC atteint un succ\u00e8s historique - Nouvelles de l&#039;industrie touristique autochtone<\/title>\n<meta name=\"description\" content=\"Territoire du Trait\u00e9 No.7 (Calgary, Alberta), Nation Tsuut\u2019ina, 9 novembre 2017 \u2013 Plus de 500 d\u00e9l\u00e9gu\u00e9s de partout au Canada et des \u00c9tats-Unis se sont\" \/>\n<meta name=\"robots\" content=\"index, follow, max-snippet:-1, max-image-preview:large, max-video-preview:-1\" \/>\n<link rel=\"canonical\" href=\"https:\/\/indigenoustourism.ca\/fr\/cita-2017-le-congres-de-latac-atteint-un-succes-historique\/\" \/>\n<meta property=\"og:locale\" content=\"fr_FR\" \/>\n<meta property=\"og:type\" content=\"article\" \/>\n<meta property=\"og:title\" content=\"CITA 2017: le congr\u00e8s de l\u2019ATAC atteint un succ\u00e8s historique - Nouvelles de l&#039;industrie touristique autochtone\" \/>\n<meta property=\"og:description\" content=\"Territoire du Trait\u00e9 No.7 (Calgary, Alberta), Nation Tsuut\u2019ina, 9 novembre 2017 \u2013 Plus de 500 d\u00e9l\u00e9gu\u00e9s de partout au Canada et des \u00c9tats-Unis se sont\" \/>\n<meta property=\"og:url\" content=\"https:\/\/indigenoustourism.ca\/fr\/cita-2017-le-congres-de-latac-atteint-un-succes-historique\/\" \/>\n<meta property=\"og:site_name\" content=\"Association touristique autochtone du Canada\" \/>\n<meta property=\"article:published_time\" content=\"2017-11-09T20:55:00+00:00\" \/>\n<meta property=\"article:modified_time\" content=\"2017-11-14T22:17:19+00:00\" \/>\n<meta property=\"og:image\" content=\"https:\/\/indigenoustourism.ca\/wp-content\/uploads\/2017\/11\/ITAC-2017-AGM-2.jpg\" \/>\n\t<meta property=\"og:image:width\" content=\"600\" \/>\n\t<meta property=\"og:image:height\" content=\"400\" \/>\n\t<meta property=\"og:image:type\" content=\"image\/jpeg\" \/>\n<meta name=\"author\" content=\"ITAC Admin\" \/>\n<meta name=\"twitter:card\" content=\"summary_large_image\" \/>\n<meta name=\"twitter:creator\" content=\"@itac_corporate\" \/>\n<meta name=\"twitter:site\" content=\"@itac_corporate\" \/>\n<meta name=\"twitter:label1\" content=\"\u00c9crit par\" \/>\n\t<meta name=\"twitter:data1\" content=\"ITAC Admin\" \/>\n\t<meta name=\"twitter:label2\" content=\"Dur\u00e9e de lecture estim\u00e9e\" \/>\n\t<meta name=\"twitter:data2\" content=\"5 minutes\" \/>\n<script type=\"application\/ld+json\" class=\"yoast-schema-graph\">{\"@context\":\"https:\/\/schema.org\",\"@graph\":[{\"@type\":\"Article\",\"@id\":\"https:\/\/indigenoustourism.ca\/fr\/cita-2017-le-congres-de-latac-atteint-un-succes-historique\/#article\",\"isPartOf\":{\"@id\":\"https:\/\/indigenoustourism.ca\/fr\/cita-2017-le-congres-de-latac-atteint-un-succes-historique\/\"},\"author\":{\"name\":\"ITAC Admin\",\"@id\":\"https:\/\/indigenoustourism.ca\/#\/schema\/person\/5ba0db1e1051fddfe2215695bab10234\"},\"headline\":\"CITA 2017: le congr\u00e8s de l\u2019ATAC atteint un succ\u00e8s historique\",\"datePublished\":\"2017-11-09T20:55:00+00:00\",\"dateModified\":\"2017-11-14T22:17:19+00:00\",\"mainEntityOfPage\":{\"@id\":\"https:\/\/indigenoustourism.ca\/fr\/cita-2017-le-congres-de-latac-atteint-un-succes-historique\/\"},\"wordCount\":928,\"publisher\":{\"@id\":\"https:\/\/indigenoustourism.ca\/#organization\"},\"image\":{\"@id\":\"https:\/\/indigenoustourism.ca\/fr\/cita-2017-le-congres-de-latac-atteint-un-succes-historique\/#primaryimage\"},\"thumbnailUrl\":\"https:\/\/indigenoustourism.ca\/wp-content\/uploads\/2017\/11\/ITAC-2017-AGM-2.jpg\",\"articleSection\":[\"Non classifi\u00e9(e)\"],\"inLanguage\":\"fr-FR\"},{\"@type\":\"WebPage\",\"@id\":\"https:\/\/indigenoustourism.ca\/fr\/cita-2017-le-congres-de-latac-atteint-un-succes-historique\/\",\"url\":\"https:\/\/indigenoustourism.ca\/fr\/cita-2017-le-congres-de-latac-atteint-un-succes-historique\/\",\"name\":\"CITA 2017: le congr\u00e8s de l\u2019ATAC atteint un succ\u00e8s historique - Nouvelles de l'industrie touristique autochtone\",\"isPartOf\":{\"@id\":\"https:\/\/indigenoustourism.ca\/#website\"},\"primaryImageOfPage\":{\"@id\":\"https:\/\/indigenoustourism.ca\/fr\/cita-2017-le-congres-de-latac-atteint-un-succes-historique\/#primaryimage\"},\"image\":{\"@id\":\"https:\/\/indigenoustourism.ca\/fr\/cita-2017-le-congres-de-latac-atteint-un-succes-historique\/#primaryimage\"},\"thumbnailUrl\":\"https:\/\/indigenoustourism.ca\/wp-content\/uploads\/2017\/11\/ITAC-2017-AGM-2.jpg\",\"datePublished\":\"2017-11-09T20:55:00+00:00\",\"dateModified\":\"2017-11-14T22:17:19+00:00\",\"description\":\"Territoire du Trait\u00e9 No.7 (Calgary, Alberta), Nation Tsuut\u2019ina, 9 novembre 2017 \u2013 Plus de 500 d\u00e9l\u00e9gu\u00e9s de partout au Canada et des \u00c9tats-Unis se sont\",\"breadcrumb\":{\"@id\":\"https:\/\/indigenoustourism.ca\/fr\/cita-2017-le-congres-de-latac-atteint-un-succes-historique\/#breadcrumb\"},\"inLanguage\":\"fr-FR\",\"potentialAction\":[{\"@type\":\"ReadAction\",\"target\":[\"https:\/\/indigenoustourism.ca\/fr\/cita-2017-le-congres-de-latac-atteint-un-succes-historique\/\"]}]},{\"@type\":\"ImageObject\",\"inLanguage\":\"fr-FR\",\"@id\":\"https:\/\/indigenoustourism.ca\/fr\/cita-2017-le-congres-de-latac-atteint-un-succes-historique\/#primaryimage\",\"url\":\"https:\/\/indigenoustourism.ca\/wp-content\/uploads\/2017\/11\/ITAC-2017-AGM-2.jpg\",\"contentUrl\":\"https:\/\/indigenoustourism.ca\/wp-content\/uploads\/2017\/11\/ITAC-2017-AGM-2.jpg\",\"width\":600,\"height\":400},{\"@type\":\"BreadcrumbList\",\"@id\":\"https:\/\/indigenoustourism.ca\/fr\/cita-2017-le-congres-de-latac-atteint-un-succes-historique\/#breadcrumb\",\"itemListElement\":[{\"@type\":\"ListItem\",\"position\":1,\"name\":\"Home\",\"item\":\"https:\/\/indigenoustourism.ca\/fr\/home\/\"},{\"@type\":\"ListItem\",\"position\":2,\"name\":\"CITA 2017: le congr\u00e8s de l\u2019ATAC atteint un succ\u00e8s historique\"}]},{\"@type\":\"WebSite\",\"@id\":\"https:\/\/indigenoustourism.ca\/#website\",\"url\":\"https:\/\/indigenoustourism.ca\/\",\"name\":\"Association touristique autochtone du Canada\",\"description\":\"Corporate\",\"publisher\":{\"@id\":\"https:\/\/indigenoustourism.ca\/#organization\"},\"potentialAction\":[{\"@type\":\"SearchAction\",\"target\":{\"@type\":\"EntryPoint\",\"urlTemplate\":\"https:\/\/indigenoustourism.ca\/?s={search_term_string}\"},\"query-input\":{\"@type\":\"PropertyValueSpecification\",\"valueRequired\":true,\"valueName\":\"search_term_string\"}}],\"inLanguage\":\"fr-FR\"},{\"@type\":\"Organization\",\"@id\":\"https:\/\/indigenoustourism.ca\/#organization\",\"name\":\"Association touristique autochtone du Canada\",\"url\":\"https:\/\/indigenoustourism.ca\/\",\"logo\":{\"@type\":\"ImageObject\",\"inLanguage\":\"fr-FR\",\"@id\":\"https:\/\/indigenoustourism.ca\/#\/schema\/logo\/image\/\",\"url\":\"https:\/\/indigenoustourism.ca\/wp-content\/uploads\/2018\/02\/ITAC-logo-corporate-bilingual-standard@300x.png\",\"contentUrl\":\"https:\/\/indigenoustourism.ca\/wp-content\/uploads\/2018\/02\/ITAC-logo-corporate-bilingual-standard@300x.png\",\"width\":2408,\"height\":701,\"caption\":\"Association touristique autochtone du Canada\"},\"image\":{\"@id\":\"https:\/\/indigenoustourism.ca\/#\/schema\/logo\/image\/\"},\"sameAs\":[\"https:\/\/x.com\/itac_corporate\"]},{\"@type\":\"Person\",\"@id\":\"https:\/\/indigenoustourism.ca\/#\/schema\/person\/5ba0db1e1051fddfe2215695bab10234\",\"name\":\"ITAC Admin\",\"image\":{\"@type\":\"ImageObject\",\"inLanguage\":\"fr-FR\",\"@id\":\"https:\/\/indigenoustourism.ca\/#\/schema\/person\/image\/\",\"url\":\"https:\/\/secure.gravatar.com\/avatar\/8173ccfb312ae5d950799c39f305d424?s=96&d=mm&r=g\",\"contentUrl\":\"https:\/\/secure.gravatar.com\/avatar\/8173ccfb312ae5d950799c39f305d424?s=96&d=mm&r=g\",\"caption\":\"ITAC Admin\"}}]}<\/script>\n<!-- \/ Yoast SEO plugin. -->","yoast_head_json":{"title":"CITA 2017: le congr\u00e8s de l\u2019ATAC atteint un succ\u00e8s historique - Nouvelles de l'industrie touristique autochtone","description":"Territoire du Trait\u00e9 No.7 (Calgary, Alberta), Nation Tsuut\u2019ina, 9 novembre 2017 \u2013 Plus de 500 d\u00e9l\u00e9gu\u00e9s de partout au Canada et des \u00c9tats-Unis se sont","robots":{"index":"index","follow":"follow","max-snippet":"max-snippet:-1","max-image-preview":"max-image-preview:large","max-video-preview":"max-video-preview:-1"},"canonical":"https:\/\/indigenoustourism.ca\/fr\/cita-2017-le-congres-de-latac-atteint-un-succes-historique\/","og_locale":"fr_FR","og_type":"article","og_title":"CITA 2017: le congr\u00e8s de l\u2019ATAC atteint un succ\u00e8s historique - Nouvelles de l'industrie touristique autochtone","og_description":"Territoire du Trait\u00e9 No.7 (Calgary, Alberta), Nation Tsuut\u2019ina, 9 novembre 2017 \u2013 Plus de 500 d\u00e9l\u00e9gu\u00e9s de partout au Canada et des \u00c9tats-Unis se sont","og_url":"https:\/\/indigenoustourism.ca\/fr\/cita-2017-le-congres-de-latac-atteint-un-succes-historique\/","og_site_name":"Association touristique autochtone du Canada","article_published_time":"2017-11-09T20:55:00+00:00","article_modified_time":"2017-11-14T22:17:19+00:00","og_image":[{"width":600,"height":400,"url":"https:\/\/indigenoustourism.ca\/wp-content\/uploads\/2017\/11\/ITAC-2017-AGM-2.jpg","type":"image\/jpeg"}],"author":"ITAC Admin","twitter_card":"summary_large_image","twitter_creator":"@itac_corporate","twitter_site":"@itac_corporate","twitter_misc":{"\u00c9crit par":"ITAC Admin","Dur\u00e9e de lecture estim\u00e9e":"5 minutes"},"schema":{"@context":"https:\/\/schema.org","@graph":[{"@type":"Article","@id":"https:\/\/indigenoustourism.ca\/fr\/cita-2017-le-congres-de-latac-atteint-un-succes-historique\/#article","isPartOf":{"@id":"https:\/\/indigenoustourism.ca\/fr\/cita-2017-le-congres-de-latac-atteint-un-succes-historique\/"},"author":{"name":"ITAC Admin","@id":"https:\/\/indigenoustourism.ca\/#\/schema\/person\/5ba0db1e1051fddfe2215695bab10234"},"headline":"CITA 2017: le congr\u00e8s de l\u2019ATAC atteint un succ\u00e8s historique","datePublished":"2017-11-09T20:55:00+00:00","dateModified":"2017-11-14T22:17:19+00:00","mainEntityOfPage":{"@id":"https:\/\/indigenoustourism.ca\/fr\/cita-2017-le-congres-de-latac-atteint-un-succes-historique\/"},"wordCount":928,"publisher":{"@id":"https:\/\/indigenoustourism.ca\/#organization"},"image":{"@id":"https:\/\/indigenoustourism.ca\/fr\/cita-2017-le-congres-de-latac-atteint-un-succes-historique\/#primaryimage"},"thumbnailUrl":"https:\/\/indigenoustourism.ca\/wp-content\/uploads\/2017\/11\/ITAC-2017-AGM-2.jpg","articleSection":["Non classifi\u00e9(e)"],"inLanguage":"fr-FR"},{"@type":"WebPage","@id":"https:\/\/indigenoustourism.ca\/fr\/cita-2017-le-congres-de-latac-atteint-un-succes-historique\/","url":"https:\/\/indigenoustourism.ca\/fr\/cita-2017-le-congres-de-latac-atteint-un-succes-historique\/","name":"CITA 2017: le congr\u00e8s de l\u2019ATAC atteint un succ\u00e8s historique - Nouvelles de l'industrie touristique autochtone","isPartOf":{"@id":"https:\/\/indigenoustourism.ca\/#website"},"primaryImageOfPage":{"@id":"https:\/\/indigenoustourism.ca\/fr\/cita-2017-le-congres-de-latac-atteint-un-succes-historique\/#primaryimage"},"image":{"@id":"https:\/\/indigenoustourism.ca\/fr\/cita-2017-le-congres-de-latac-atteint-un-succes-historique\/#primaryimage"},"thumbnailUrl":"https:\/\/indigenoustourism.ca\/wp-content\/uploads\/2017\/11\/ITAC-2017-AGM-2.jpg","datePublished":"2017-11-09T20:55:00+00:00","dateModified":"2017-11-14T22:17:19+00:00","description":"Territoire du Trait\u00e9 No.7 (Calgary, Alberta), Nation Tsuut\u2019ina, 9 novembre 2017 \u2013 Plus de 500 d\u00e9l\u00e9gu\u00e9s de partout au Canada et des \u00c9tats-Unis se sont","breadcrumb":{"@id":"https:\/\/indigenoustourism.ca\/fr\/cita-2017-le-congres-de-latac-atteint-un-succes-historique\/#breadcrumb"},"inLanguage":"fr-FR","potentialAction":[{"@type":"ReadAction","target":["https:\/\/indigenoustourism.ca\/fr\/cita-2017-le-congres-de-latac-atteint-un-succes-historique\/"]}]},{"@type":"ImageObject","inLanguage":"fr-FR","@id":"https:\/\/indigenoustourism.ca\/fr\/cita-2017-le-congres-de-latac-atteint-un-succes-historique\/#primaryimage","url":"https:\/\/indigenoustourism.ca\/wp-content\/uploads\/2017\/11\/ITAC-2017-AGM-2.jpg","contentUrl":"https:\/\/indigenoustourism.ca\/wp-content\/uploads\/2017\/11\/ITAC-2017-AGM-2.jpg","width":600,"height":400},{"@type":"BreadcrumbList","@id":"https:\/\/indigenoustourism.ca\/fr\/cita-2017-le-congres-de-latac-atteint-un-succes-historique\/#breadcrumb","itemListElement":[{"@type":"ListItem","position":1,"name":"Home","item":"https:\/\/indigenoustourism.ca\/fr\/home\/"},{"@type":"ListItem","position":2,"name":"CITA 2017: le congr\u00e8s de l\u2019ATAC atteint un succ\u00e8s historique"}]},{"@type":"WebSite","@id":"https:\/\/indigenoustourism.ca\/#website","url":"https:\/\/indigenoustourism.ca\/","name":"Association touristique autochtone du Canada","description":"Corporate","publisher":{"@id":"https:\/\/indigenoustourism.ca\/#organization"},"potentialAction":[{"@type":"SearchAction","target":{"@type":"EntryPoint","urlTemplate":"https:\/\/indigenoustourism.ca\/?s={search_term_string}"},"query-input":{"@type":"PropertyValueSpecification","valueRequired":true,"valueName":"search_term_string"}}],"inLanguage":"fr-FR"},{"@type":"Organization","@id":"https:\/\/indigenoustourism.ca\/#organization","name":"Association touristique autochtone du Canada","url":"https:\/\/indigenoustourism.ca\/","logo":{"@type":"ImageObject","inLanguage":"fr-FR","@id":"https:\/\/indigenoustourism.ca\/#\/schema\/logo\/image\/","url":"https:\/\/indigenoustourism.ca\/wp-content\/uploads\/2018\/02\/ITAC-logo-corporate-bilingual-standard@300x.png","contentUrl":"https:\/\/indigenoustourism.ca\/wp-content\/uploads\/2018\/02\/ITAC-logo-corporate-bilingual-standard@300x.png","width":2408,"height":701,"caption":"Association touristique autochtone du Canada"},"image":{"@id":"https:\/\/indigenoustourism.ca\/#\/schema\/logo\/image\/"},"sameAs":["https:\/\/x.com\/itac_corporate"]},{"@type":"Person","@id":"https:\/\/indigenoustourism.ca\/#\/schema\/person\/5ba0db1e1051fddfe2215695bab10234","name":"ITAC Admin","image":{"@type":"ImageObject","inLanguage":"fr-FR","@id":"https:\/\/indigenoustourism.ca\/#\/schema\/person\/image\/","url":"https:\/\/secure.gravatar.com\/avatar\/8173ccfb312ae5d950799c39f305d424?s=96&d=mm&r=g","contentUrl":"https:\/\/secure.gravatar.com\/avatar\/8173ccfb312ae5d950799c39f305d424?s=96&d=mm&r=g","caption":"ITAC Admin"}}]}},"_links":{"self":[{"href":"https:\/\/indigenoustourism.ca\/fr\/wp-json\/wp\/v2\/posts\/4768","targetHints":{"allow":["GET"]}}],"collection":[{"href":"https:\/\/indigenoustourism.ca\/fr\/wp-json\/wp\/v2\/posts"}],"about":[{"href":"https:\/\/indigenoustourism.ca\/fr\/wp-json\/wp\/v2\/types\/post"}],"author":[{"embeddable":true,"href":"https:\/\/indigenoustourism.ca\/fr\/wp-json\/wp\/v2\/users\/14"}],"replies":[{"embeddable":true,"href":"https:\/\/indigenoustourism.ca\/fr\/wp-json\/wp\/v2\/comments?post=4768"}],"version-history":[{"count":0,"href":"https:\/\/indigenoustourism.ca\/fr\/wp-json\/wp\/v2\/posts\/4768\/revisions"}],"wp:featuredmedia":[{"embeddable":true,"href":"https:\/\/indigenoustourism.ca\/fr\/wp-json\/wp\/v2\/media\/4749"}],"wp:attachment":[{"href":"https:\/\/indigenoustourism.ca\/fr\/wp-json\/wp\/v2\/media?parent=4768"}],"wp:term":[{"taxonomy":"post_tag","embeddable":true,"href":"https:\/\/indigenoustourism.ca\/fr\/wp-json\/wp\/v2\/tags?post=4768"}],"curies":[{"name":"wp","href":"https:\/\/api.w.org\/{rel}","templated":true}]}}