{"id":4758,"date":"2017-11-08T21:57:57","date_gmt":"2017-11-09T05:57:57","guid":{"rendered":"https:\/\/indigenoustourism.ca\/corporate\/fr\/2017-aboriginal-tourism-awards-winners\/"},"modified":"2017-11-10T13:40:03","modified_gmt":"2017-11-10T21:40:03","slug":"les-chefs-de-file-du-tourisme-canadien-recompenses-lors-du-cita","status":"publish","type":"post","link":"https:\/\/indigenoustourism.ca\/fr\/les-chefs-de-file-du-tourisme-canadien-recompenses-lors-du-cita\/","title":{"rendered":"Les chefs de file du tourisme canadien r\u00e9compens\u00e9s lors du CITA"},"content":{"rendered":"<p><strong>Territoire du Trait\u00e9 No.7 (Calgary, Alberta), Nation Tsuut\u2019ina, 8 novembre 2017<\/strong> \u2013 L\u2019Association touristique autochtone du Canada (ATAC) a annonc\u00e9 les gagnants des Prix Tourisme Autochtone 2017 au sixi\u00e8me Congr\u00e8s international du tourisme autochtone (CITA) organis\u00e9 en collaboration avec la nation Tsuut\u2019ina \u00e0 Calgary, en Alberta, sur leur territoire traditionnel du trait\u00e9 no.7.<\/p>\n<p><!--more--><\/p>\n<p>Les prix \u00e9taient r\u00e9partis en deux cat\u00e9gories\u00a0: les prix de l\u2019Alberta destin\u00e9s aux candidats de cette province et les prix nationaux ouverts \u00e0 tous. Les entreprises mises en nomination devaient \u00eatre majoritairement d\u00e9tenues\/contr\u00f4l\u00e9es par les Autochtones et \u00eatre situ\u00e9es au Canada.<\/p>\n<p>Chacun des r\u00e9cipiendaires des prix nationaux a \u00e9t\u00e9 choisi pour son d\u00e9vouement continu quant \u00e0 l\u2019am\u00e9lioration des exp\u00e9riences touristiques autochtones au Canada.<\/p>\n<p>Les r\u00e9cipiendaires des Prix Tourisme Autochtone 2017 :<\/p>\n<p><strong>Prix de l\u2019Alberta<\/strong><\/p>\n<p>Exp\u00e9rience culturelle autochtone int\u00e9rieure\u00a0:<br \/>\n<a href=\"https:\/\/www.brownbearwoman.com\/\" target=\"_blank\" rel=\"noopener\">Spotted Elk Camps<\/a><\/p>\n<p>Exp\u00e9rience culturelle autochtone ext\u00e9rieure :<br \/>\n<a href=\"http:\/\/www.mahikan.ca\/\" target=\"_blank\" rel=\"noopener\">Mahikan Trails<\/a> &amp; <a href=\"http:\/\/www.paintedwarriors.ca\/\" target=\"_blank\" rel=\"noopener\">Painted Warriors<\/a><\/p>\n<p>H\u00e9bergement autochtone :<br \/>\n<a href=\"https:\/\/www.greyeagleresortandcasino.ca\/\" target=\"_blank\" rel=\"noopener\">Grey Eagle Resort<\/a><\/p>\n<p>Artiste\/\u00e9v\u00e9nement autochtone\u00a0:<br \/>\n<a href=\"http:\/\/www.moonstonecreation.ca\/\" target=\"_blank\" rel=\"noopener\">Moonstone Creation<\/a><\/p>\n<p><strong>Prix nationaux<\/strong><\/p>\n<p>Meilleure campagne marketing de l\u2019ann\u00e9e\u00a0:<br \/>\n<a href=\"https:\/\/www.ottawasummersolstice.ca\/\" target=\"_blank\" rel=\"noopener\">Summer Solstice Indigenous Festival 2017<\/a><\/p>\n<p>Entreprise la plus am\u00e9lior\u00e9e de l\u2019ann\u00e9e\u00a0:<br \/>\n<a href=\"http:\/\/tourismewendake.ca\/fr\/accueil\/\" target=\"_blank\" rel=\"noopener\">Tourism Wendake<\/a><\/p>\n<p>Ambassadeur culturel le plus inspirant\u00a0:<br \/>\nScott Hudson, Northern Lights Dog Sledding<\/p>\n<p>Aventure autochtone\u00a0:<br \/>\n<a href=\"http:\/\/www.spiritbear.com\/\" target=\"_blank\" rel=\"noopener\">Spirit Bear Lodge<\/a><\/p>\n<p>[masterslider alias=\u00a0\u00bbms-3-2-3&Prime;]<\/p>\n<p>Le congr\u00e8s de deux jours au <em>Grey Eagle Resort &amp;\u00a0Casino<\/em> \u00e0 Calgary en Alberta a r\u00e9uni des d\u00e9l\u00e9gu\u00e9s des communaut\u00e9s autochtones ainsi que des repr\u00e9sentants des organisations touristiques autochtones internationales. Le congr\u00e8s portait sur les strat\u00e9gies pour d\u00e9velopper des relations et des partenariats avec les organisations gouvernementales et non-gouvernementales, les organismes de marketing touristique, les autres op\u00e9rateurs d\u2019entreprises touristiques et les chefs de file de l\u2019industrie.<\/p>\n<p>Les participants incluaient Destination Canada, Affaires autochtones et du Nord Canada (AANC) et Parcs Canada. Les partenaires de l\u2019\u00e9v\u00e9nement \u00e9taient la <em>World Indigenous Tourism Alliance<\/em>, l\u2019Association de l\u2019industrie touristique du Canada (AITC) et l\u2019<em>Adventure Travel Trade Association<\/em>. Les conf\u00e9renciers incluaient les repr\u00e9sentants du S\u00e9nat du Canada, de Destination Canada, d\u2019<em>Iiniistsi Treaty Arts Society<\/em> et de la nation Tsuut\u2019ina.<\/p>\n<p>Pour plus de renseignements sur le CITA 2017, veuillez consulter <a href=\"https:\/\/iatc-canada.ca\/\" target=\"_blank\" rel=\"noopener\">iatc-canada.ca<\/a>.<\/p>\n<p><strong>\u00c0 propos de l\u2019ATAC<\/strong><br \/>\nL\u2019ATAC a \u00e9t\u00e9 officiellement constitu\u00e9e en 2015 en tant qu\u2019organisme national sans but lucratif de l\u2019industrie touristique autochtone. \u00c0 ce jour, l\u2019ATAC regroupe 15 repr\u00e9sentants et organisations de l\u2019industrie. L\u2019ATAC incarne la voix unifi\u00e9e de l\u2019industrie touristique autochtone et met l\u2019accent sur la cr\u00e9ation de partenariats entre les associations, les organisations, les minist\u00e8res et les chefs de file de l\u2019industrie \u00e0 travers le pays afin de soutenir la croissance du tourisme autochtone au Canada. Pour de plus amples informations sur l\u2019ATAC, veuillez consulter <a href=\"https:\/\/indigenoustourism.ca\/\" target=\"_blank\" rel=\"noopener\">Indigenoustourism.ca<\/a>.<\/p>\n<p>-30-<\/p>\n<p><strong>Personnes-ressources pour les m\u00e9dias :<\/strong><br \/>\nM. Brian Cant, Beattie Tartan : 250 592-3838, 250 888-8729 (cellulaire) ou <a href=\"mailto:brian.cant@onlybeattie.com\">brian.cant@onlybeattie.com<\/a><br \/>\nM. Keith Henry, ATAC : 604 639-4408 ou <a href=\"mailto:keith@indigenoustourism.ca\">keith@indigenoustourism.ca<\/a><\/p>\n<p>[su_button url=\u00a0\u00bbhttps:\/\/indigenoustourism.ca\/wp-content\/uploads\/2017\/11\/ITAC-IATC-Award-Winners-2017_FR.pdf\u00a0\u00bb style=\u00a0\u00bbflat\u00a0\u00bb background=\u00a0\u00bb#A20000&Prime; size=\u00a0\u00bb6&Prime; radius=\u00a0\u00bb8&Prime;]T\u00e9l\u00e9charger PDF[\/su_button]<\/p>\n","protected":false},"excerpt":{"rendered":"<p>Territoire du Trait\u00e9 No.7 (Calgary, Alberta), Nation Tsuut\u2019ina, 8 novembre 2017 \u2013 L\u2019Association touristique autochtone du Canada (ATAC) a annonc\u00e9 les gagnants des Prix Tourisme Autochtone 2017 au sixi\u00e8me Congr\u00e8s international du tourisme autochtone (CITA) organis\u00e9 en collaboration avec la nation Tsuut\u2019ina \u00e0 Calgary, en Alberta, sur leur territoire traditionnel du trait\u00e9 no.7.<\/p>\n","protected":false},"author":14,"featured_media":4732,"comment_status":"closed","ping_status":"closed","sticky":false,"template":"","format":"standard","meta":{"_acf_changed":false,"footnotes":""},"tags":[],"class_list":["post-4758","post","type-post","status-publish","format-standard","has-post-thumbnail","hentry"],"acf":[],"yoast_head":"<!-- This site is optimized with the Yoast SEO plugin v24.6 - https:\/\/yoast.com\/wordpress\/plugins\/seo\/ -->\n<title>Les chefs de file du tourisme canadien r\u00e9compens\u00e9s lors du CITA - Nouvelles de l&#039;industrie touristique autochtone<\/title>\n<meta name=\"description\" content=\"Territoire du Trait\u00e9 No.7 (Calgary, Alberta), Nation Tsuut\u2019ina, 8 novembre 2017 \u2013 L\u2019Association touristique autochtone du Canada (ATAC) a annonc\u00e9 les\" \/>\n<meta name=\"robots\" content=\"index, follow, max-snippet:-1, max-image-preview:large, max-video-preview:-1\" \/>\n<link rel=\"canonical\" href=\"https:\/\/indigenoustourism.ca\/fr\/les-chefs-de-file-du-tourisme-canadien-recompenses-lors-du-cita\/\" \/>\n<meta property=\"og:locale\" content=\"fr_FR\" \/>\n<meta property=\"og:type\" content=\"article\" \/>\n<meta property=\"og:title\" content=\"Les chefs de file du tourisme canadien r\u00e9compens\u00e9s lors du CITA - Nouvelles de l&#039;industrie touristique autochtone\" \/>\n<meta property=\"og:description\" content=\"Territoire du Trait\u00e9 No.7 (Calgary, Alberta), Nation Tsuut\u2019ina, 8 novembre 2017 \u2013 L\u2019Association touristique autochtone du Canada (ATAC) a annonc\u00e9 les\" \/>\n<meta property=\"og:url\" content=\"https:\/\/indigenoustourism.ca\/fr\/les-chefs-de-file-du-tourisme-canadien-recompenses-lors-du-cita\/\" \/>\n<meta property=\"og:site_name\" content=\"Association touristique autochtone du Canada\" \/>\n<meta property=\"article:published_time\" content=\"2017-11-09T05:57:57+00:00\" \/>\n<meta property=\"article:modified_time\" content=\"2017-11-10T21:40:03+00:00\" \/>\n<meta property=\"og:image\" content=\"https:\/\/indigenoustourism.ca\/wp-content\/uploads\/2017\/11\/2017-IATC-Awards-Tourisme-Wendake.jpg\" \/>\n\t<meta property=\"og:image:width\" content=\"600\" \/>\n\t<meta property=\"og:image:height\" content=\"400\" \/>\n\t<meta property=\"og:image:type\" content=\"image\/jpeg\" \/>\n<meta name=\"author\" content=\"ITAC Admin\" \/>\n<meta name=\"twitter:card\" content=\"summary_large_image\" \/>\n<meta name=\"twitter:creator\" content=\"@itac_corporate\" \/>\n<meta name=\"twitter:site\" content=\"@itac_corporate\" \/>\n<meta name=\"twitter:label1\" content=\"\u00c9crit par\" \/>\n\t<meta name=\"twitter:data1\" content=\"ITAC Admin\" \/>\n\t<meta name=\"twitter:label2\" content=\"Dur\u00e9e de lecture estim\u00e9e\" \/>\n\t<meta name=\"twitter:data2\" content=\"3 minutes\" \/>\n<script type=\"application\/ld+json\" class=\"yoast-schema-graph\">{\"@context\":\"https:\/\/schema.org\",\"@graph\":[{\"@type\":\"Article\",\"@id\":\"https:\/\/indigenoustourism.ca\/fr\/les-chefs-de-file-du-tourisme-canadien-recompenses-lors-du-cita\/#article\",\"isPartOf\":{\"@id\":\"https:\/\/indigenoustourism.ca\/fr\/les-chefs-de-file-du-tourisme-canadien-recompenses-lors-du-cita\/\"},\"author\":{\"name\":\"ITAC Admin\",\"@id\":\"https:\/\/indigenoustourism.ca\/#\/schema\/person\/5ba0db1e1051fddfe2215695bab10234\"},\"headline\":\"Les chefs de file du tourisme canadien r\u00e9compens\u00e9s lors du CITA\",\"datePublished\":\"2017-11-09T05:57:57+00:00\",\"dateModified\":\"2017-11-10T21:40:03+00:00\",\"mainEntityOfPage\":{\"@id\":\"https:\/\/indigenoustourism.ca\/fr\/les-chefs-de-file-du-tourisme-canadien-recompenses-lors-du-cita\/\"},\"wordCount\":540,\"publisher\":{\"@id\":\"https:\/\/indigenoustourism.ca\/#organization\"},\"image\":{\"@id\":\"https:\/\/indigenoustourism.ca\/fr\/les-chefs-de-file-du-tourisme-canadien-recompenses-lors-du-cita\/#primaryimage\"},\"thumbnailUrl\":\"https:\/\/indigenoustourism.ca\/wp-content\/uploads\/2017\/11\/2017-IATC-Awards-Tourisme-Wendake.jpg\",\"articleSection\":[\"Non classifi\u00e9(e)\"],\"inLanguage\":\"fr-FR\"},{\"@type\":\"WebPage\",\"@id\":\"https:\/\/indigenoustourism.ca\/fr\/les-chefs-de-file-du-tourisme-canadien-recompenses-lors-du-cita\/\",\"url\":\"https:\/\/indigenoustourism.ca\/fr\/les-chefs-de-file-du-tourisme-canadien-recompenses-lors-du-cita\/\",\"name\":\"Les chefs de file du tourisme canadien r\u00e9compens\u00e9s lors du CITA - Nouvelles de l'industrie touristique autochtone\",\"isPartOf\":{\"@id\":\"https:\/\/indigenoustourism.ca\/#website\"},\"primaryImageOfPage\":{\"@id\":\"https:\/\/indigenoustourism.ca\/fr\/les-chefs-de-file-du-tourisme-canadien-recompenses-lors-du-cita\/#primaryimage\"},\"image\":{\"@id\":\"https:\/\/indigenoustourism.ca\/fr\/les-chefs-de-file-du-tourisme-canadien-recompenses-lors-du-cita\/#primaryimage\"},\"thumbnailUrl\":\"https:\/\/indigenoustourism.ca\/wp-content\/uploads\/2017\/11\/2017-IATC-Awards-Tourisme-Wendake.jpg\",\"datePublished\":\"2017-11-09T05:57:57+00:00\",\"dateModified\":\"2017-11-10T21:40:03+00:00\",\"description\":\"Territoire du Trait\u00e9 No.7 (Calgary, Alberta), Nation Tsuut\u2019ina, 8 novembre 2017 \u2013 L\u2019Association touristique autochtone du Canada (ATAC) a annonc\u00e9 les\",\"breadcrumb\":{\"@id\":\"https:\/\/indigenoustourism.ca\/fr\/les-chefs-de-file-du-tourisme-canadien-recompenses-lors-du-cita\/#breadcrumb\"},\"inLanguage\":\"fr-FR\",\"potentialAction\":[{\"@type\":\"ReadAction\",\"target\":[\"https:\/\/indigenoustourism.ca\/fr\/les-chefs-de-file-du-tourisme-canadien-recompenses-lors-du-cita\/\"]}]},{\"@type\":\"ImageObject\",\"inLanguage\":\"fr-FR\",\"@id\":\"https:\/\/indigenoustourism.ca\/fr\/les-chefs-de-file-du-tourisme-canadien-recompenses-lors-du-cita\/#primaryimage\",\"url\":\"https:\/\/indigenoustourism.ca\/wp-content\/uploads\/2017\/11\/2017-IATC-Awards-Tourisme-Wendake.jpg\",\"contentUrl\":\"https:\/\/indigenoustourism.ca\/wp-content\/uploads\/2017\/11\/2017-IATC-Awards-Tourisme-Wendake.jpg\",\"width\":600,\"height\":400},{\"@type\":\"BreadcrumbList\",\"@id\":\"https:\/\/indigenoustourism.ca\/fr\/les-chefs-de-file-du-tourisme-canadien-recompenses-lors-du-cita\/#breadcrumb\",\"itemListElement\":[{\"@type\":\"ListItem\",\"position\":1,\"name\":\"Home\",\"item\":\"https:\/\/indigenoustourism.ca\/fr\/home\/\"},{\"@type\":\"ListItem\",\"position\":2,\"name\":\"Les chefs de file du tourisme canadien r\u00e9compens\u00e9s lors du CITA\"}]},{\"@type\":\"WebSite\",\"@id\":\"https:\/\/indigenoustourism.ca\/#website\",\"url\":\"https:\/\/indigenoustourism.ca\/\",\"name\":\"Association touristique autochtone du Canada\",\"description\":\"Corporate\",\"publisher\":{\"@id\":\"https:\/\/indigenoustourism.ca\/#organization\"},\"potentialAction\":[{\"@type\":\"SearchAction\",\"target\":{\"@type\":\"EntryPoint\",\"urlTemplate\":\"https:\/\/indigenoustourism.ca\/?s={search_term_string}\"},\"query-input\":{\"@type\":\"PropertyValueSpecification\",\"valueRequired\":true,\"valueName\":\"search_term_string\"}}],\"inLanguage\":\"fr-FR\"},{\"@type\":\"Organization\",\"@id\":\"https:\/\/indigenoustourism.ca\/#organization\",\"name\":\"Association touristique autochtone du Canada\",\"url\":\"https:\/\/indigenoustourism.ca\/\",\"logo\":{\"@type\":\"ImageObject\",\"inLanguage\":\"fr-FR\",\"@id\":\"https:\/\/indigenoustourism.ca\/#\/schema\/logo\/image\/\",\"url\":\"https:\/\/indigenoustourism.ca\/wp-content\/uploads\/2018\/02\/ITAC-logo-corporate-bilingual-standard@300x.png\",\"contentUrl\":\"https:\/\/indigenoustourism.ca\/wp-content\/uploads\/2018\/02\/ITAC-logo-corporate-bilingual-standard@300x.png\",\"width\":2408,\"height\":701,\"caption\":\"Association touristique autochtone du Canada\"},\"image\":{\"@id\":\"https:\/\/indigenoustourism.ca\/#\/schema\/logo\/image\/\"},\"sameAs\":[\"https:\/\/x.com\/itac_corporate\"]},{\"@type\":\"Person\",\"@id\":\"https:\/\/indigenoustourism.ca\/#\/schema\/person\/5ba0db1e1051fddfe2215695bab10234\",\"name\":\"ITAC Admin\",\"image\":{\"@type\":\"ImageObject\",\"inLanguage\":\"fr-FR\",\"@id\":\"https:\/\/indigenoustourism.ca\/#\/schema\/person\/image\/\",\"url\":\"https:\/\/secure.gravatar.com\/avatar\/8173ccfb312ae5d950799c39f305d424?s=96&d=mm&r=g\",\"contentUrl\":\"https:\/\/secure.gravatar.com\/avatar\/8173ccfb312ae5d950799c39f305d424?s=96&d=mm&r=g\",\"caption\":\"ITAC Admin\"}}]}<\/script>\n<!-- \/ Yoast SEO plugin. -->","yoast_head_json":{"title":"Les chefs de file du tourisme canadien r\u00e9compens\u00e9s lors du CITA - Nouvelles de l'industrie touristique autochtone","description":"Territoire du Trait\u00e9 No.7 (Calgary, Alberta), Nation Tsuut\u2019ina, 8 novembre 2017 \u2013 L\u2019Association touristique autochtone du Canada (ATAC) a annonc\u00e9 les","robots":{"index":"index","follow":"follow","max-snippet":"max-snippet:-1","max-image-preview":"max-image-preview:large","max-video-preview":"max-video-preview:-1"},"canonical":"https:\/\/indigenoustourism.ca\/fr\/les-chefs-de-file-du-tourisme-canadien-recompenses-lors-du-cita\/","og_locale":"fr_FR","og_type":"article","og_title":"Les chefs de file du tourisme canadien r\u00e9compens\u00e9s lors du CITA - Nouvelles de l'industrie touristique autochtone","og_description":"Territoire du Trait\u00e9 No.7 (Calgary, Alberta), Nation Tsuut\u2019ina, 8 novembre 2017 \u2013 L\u2019Association touristique autochtone du Canada (ATAC) a annonc\u00e9 les","og_url":"https:\/\/indigenoustourism.ca\/fr\/les-chefs-de-file-du-tourisme-canadien-recompenses-lors-du-cita\/","og_site_name":"Association touristique autochtone du Canada","article_published_time":"2017-11-09T05:57:57+00:00","article_modified_time":"2017-11-10T21:40:03+00:00","og_image":[{"width":600,"height":400,"url":"https:\/\/indigenoustourism.ca\/wp-content\/uploads\/2017\/11\/2017-IATC-Awards-Tourisme-Wendake.jpg","type":"image\/jpeg"}],"author":"ITAC Admin","twitter_card":"summary_large_image","twitter_creator":"@itac_corporate","twitter_site":"@itac_corporate","twitter_misc":{"\u00c9crit par":"ITAC Admin","Dur\u00e9e de lecture estim\u00e9e":"3 minutes"},"schema":{"@context":"https:\/\/schema.org","@graph":[{"@type":"Article","@id":"https:\/\/indigenoustourism.ca\/fr\/les-chefs-de-file-du-tourisme-canadien-recompenses-lors-du-cita\/#article","isPartOf":{"@id":"https:\/\/indigenoustourism.ca\/fr\/les-chefs-de-file-du-tourisme-canadien-recompenses-lors-du-cita\/"},"author":{"name":"ITAC Admin","@id":"https:\/\/indigenoustourism.ca\/#\/schema\/person\/5ba0db1e1051fddfe2215695bab10234"},"headline":"Les chefs de file du tourisme canadien r\u00e9compens\u00e9s lors du CITA","datePublished":"2017-11-09T05:57:57+00:00","dateModified":"2017-11-10T21:40:03+00:00","mainEntityOfPage":{"@id":"https:\/\/indigenoustourism.ca\/fr\/les-chefs-de-file-du-tourisme-canadien-recompenses-lors-du-cita\/"},"wordCount":540,"publisher":{"@id":"https:\/\/indigenoustourism.ca\/#organization"},"image":{"@id":"https:\/\/indigenoustourism.ca\/fr\/les-chefs-de-file-du-tourisme-canadien-recompenses-lors-du-cita\/#primaryimage"},"thumbnailUrl":"https:\/\/indigenoustourism.ca\/wp-content\/uploads\/2017\/11\/2017-IATC-Awards-Tourisme-Wendake.jpg","articleSection":["Non classifi\u00e9(e)"],"inLanguage":"fr-FR"},{"@type":"WebPage","@id":"https:\/\/indigenoustourism.ca\/fr\/les-chefs-de-file-du-tourisme-canadien-recompenses-lors-du-cita\/","url":"https:\/\/indigenoustourism.ca\/fr\/les-chefs-de-file-du-tourisme-canadien-recompenses-lors-du-cita\/","name":"Les chefs de file du tourisme canadien r\u00e9compens\u00e9s lors du CITA - Nouvelles de l'industrie touristique autochtone","isPartOf":{"@id":"https:\/\/indigenoustourism.ca\/#website"},"primaryImageOfPage":{"@id":"https:\/\/indigenoustourism.ca\/fr\/les-chefs-de-file-du-tourisme-canadien-recompenses-lors-du-cita\/#primaryimage"},"image":{"@id":"https:\/\/indigenoustourism.ca\/fr\/les-chefs-de-file-du-tourisme-canadien-recompenses-lors-du-cita\/#primaryimage"},"thumbnailUrl":"https:\/\/indigenoustourism.ca\/wp-content\/uploads\/2017\/11\/2017-IATC-Awards-Tourisme-Wendake.jpg","datePublished":"2017-11-09T05:57:57+00:00","dateModified":"2017-11-10T21:40:03+00:00","description":"Territoire du Trait\u00e9 No.7 (Calgary, Alberta), Nation Tsuut\u2019ina, 8 novembre 2017 \u2013 L\u2019Association touristique autochtone du Canada (ATAC) a annonc\u00e9 les","breadcrumb":{"@id":"https:\/\/indigenoustourism.ca\/fr\/les-chefs-de-file-du-tourisme-canadien-recompenses-lors-du-cita\/#breadcrumb"},"inLanguage":"fr-FR","potentialAction":[{"@type":"ReadAction","target":["https:\/\/indigenoustourism.ca\/fr\/les-chefs-de-file-du-tourisme-canadien-recompenses-lors-du-cita\/"]}]},{"@type":"ImageObject","inLanguage":"fr-FR","@id":"https:\/\/indigenoustourism.ca\/fr\/les-chefs-de-file-du-tourisme-canadien-recompenses-lors-du-cita\/#primaryimage","url":"https:\/\/indigenoustourism.ca\/wp-content\/uploads\/2017\/11\/2017-IATC-Awards-Tourisme-Wendake.jpg","contentUrl":"https:\/\/indigenoustourism.ca\/wp-content\/uploads\/2017\/11\/2017-IATC-Awards-Tourisme-Wendake.jpg","width":600,"height":400},{"@type":"BreadcrumbList","@id":"https:\/\/indigenoustourism.ca\/fr\/les-chefs-de-file-du-tourisme-canadien-recompenses-lors-du-cita\/#breadcrumb","itemListElement":[{"@type":"ListItem","position":1,"name":"Home","item":"https:\/\/indigenoustourism.ca\/fr\/home\/"},{"@type":"ListItem","position":2,"name":"Les chefs de file du tourisme canadien r\u00e9compens\u00e9s lors du CITA"}]},{"@type":"WebSite","@id":"https:\/\/indigenoustourism.ca\/#website","url":"https:\/\/indigenoustourism.ca\/","name":"Association touristique autochtone du Canada","description":"Corporate","publisher":{"@id":"https:\/\/indigenoustourism.ca\/#organization"},"potentialAction":[{"@type":"SearchAction","target":{"@type":"EntryPoint","urlTemplate":"https:\/\/indigenoustourism.ca\/?s={search_term_string}"},"query-input":{"@type":"PropertyValueSpecification","valueRequired":true,"valueName":"search_term_string"}}],"inLanguage":"fr-FR"},{"@type":"Organization","@id":"https:\/\/indigenoustourism.ca\/#organization","name":"Association touristique autochtone du Canada","url":"https:\/\/indigenoustourism.ca\/","logo":{"@type":"ImageObject","inLanguage":"fr-FR","@id":"https:\/\/indigenoustourism.ca\/#\/schema\/logo\/image\/","url":"https:\/\/indigenoustourism.ca\/wp-content\/uploads\/2018\/02\/ITAC-logo-corporate-bilingual-standard@300x.png","contentUrl":"https:\/\/indigenoustourism.ca\/wp-content\/uploads\/2018\/02\/ITAC-logo-corporate-bilingual-standard@300x.png","width":2408,"height":701,"caption":"Association touristique autochtone du Canada"},"image":{"@id":"https:\/\/indigenoustourism.ca\/#\/schema\/logo\/image\/"},"sameAs":["https:\/\/x.com\/itac_corporate"]},{"@type":"Person","@id":"https:\/\/indigenoustourism.ca\/#\/schema\/person\/5ba0db1e1051fddfe2215695bab10234","name":"ITAC Admin","image":{"@type":"ImageObject","inLanguage":"fr-FR","@id":"https:\/\/indigenoustourism.ca\/#\/schema\/person\/image\/","url":"https:\/\/secure.gravatar.com\/avatar\/8173ccfb312ae5d950799c39f305d424?s=96&d=mm&r=g","contentUrl":"https:\/\/secure.gravatar.com\/avatar\/8173ccfb312ae5d950799c39f305d424?s=96&d=mm&r=g","caption":"ITAC Admin"}}]}},"_links":{"self":[{"href":"https:\/\/indigenoustourism.ca\/fr\/wp-json\/wp\/v2\/posts\/4758","targetHints":{"allow":["GET"]}}],"collection":[{"href":"https:\/\/indigenoustourism.ca\/fr\/wp-json\/wp\/v2\/posts"}],"about":[{"href":"https:\/\/indigenoustourism.ca\/fr\/wp-json\/wp\/v2\/types\/post"}],"author":[{"embeddable":true,"href":"https:\/\/indigenoustourism.ca\/fr\/wp-json\/wp\/v2\/users\/14"}],"replies":[{"embeddable":true,"href":"https:\/\/indigenoustourism.ca\/fr\/wp-json\/wp\/v2\/comments?post=4758"}],"version-history":[{"count":0,"href":"https:\/\/indigenoustourism.ca\/fr\/wp-json\/wp\/v2\/posts\/4758\/revisions"}],"wp:featuredmedia":[{"embeddable":true,"href":"https:\/\/indigenoustourism.ca\/fr\/wp-json\/wp\/v2\/media\/4732"}],"wp:attachment":[{"href":"https:\/\/indigenoustourism.ca\/fr\/wp-json\/wp\/v2\/media?parent=4758"}],"wp:term":[{"taxonomy":"post_tag","embeddable":true,"href":"https:\/\/indigenoustourism.ca\/fr\/wp-json\/wp\/v2\/tags?post=4758"}],"curies":[{"name":"wp","href":"https:\/\/api.w.org\/{rel}","templated":true}]}}