{"id":39608,"date":"2026-02-03T11:22:53","date_gmt":"2026-02-03T19:22:53","guid":{"rendered":"https:\/\/indigenoustourism.ca\/?p=39608"},"modified":"2026-02-03T11:23:42","modified_gmt":"2026-02-03T19:23:42","slug":"latac-mene-les-discussions-sur-les-perspectives-autochtones-a-limpact-sustainability-travel-tourism-conference","status":"publish","type":"post","link":"https:\/\/indigenoustourism.ca\/fr\/latac-mene-les-discussions-sur-les-perspectives-autochtones-a-limpact-sustainability-travel-tourism-conference\/","title":{"rendered":"L&rsquo;ATAC m\u00e8ne les discussions sur les perspectives autochtones \u00e0 l\u2019IMPACT Sustainability Travel &#038; Tourism Conference"},"content":{"rendered":"<p><b>Territoire des lekwungen et des W\u0331S\u00c1NE\u0106 (Victoria, C.-B.) <\/b><span style=\"font-weight: 400;\">\u2013 <\/span><a href=\"https:\/\/indigenoustourism.ca\/fr\/\"><span style=\"font-weight: 400;\">L&rsquo;Association touristique autochtone du Canada<\/span><\/a><span style=\"font-weight: 400;\"> (ATAC) est heureuse d&rsquo;annoncer que M<\/span><span style=\"font-weight: 400;\">me<\/span><span style=\"font-weight: 400;\"> Teresa Ryder, directrice des partenariats de l\u2019ATAC, a de nouveau assur\u00e9 le r\u00f4le d&rsquo;animatrice du congr\u00e8s. Et au cas o\u00f9 vous l&rsquo;auriez manqu\u00e9, l\u2019ATAC et Intrepid Travel ont sign\u00e9 une entente historique pour soutenir le tourisme autochtone au Canada \u00e0 l\u2019<\/span><a href=\"https:\/\/impactnational.ca\/#?utm_source=ITAC&amp;utm_medium=External%20Link&amp;utm_campaign=Association%20Website\"><span style=\"font-weight: 400;\">IMPACT Sustainability Travel &amp; Tourism Conference<\/span><\/a><span style=\"font-weight: 400;\">, qui a eu lieu du 25 au 28 janvier 2026.<\/span><\/p>\n<p><span style=\"font-weight: 400;\">IMPACT est un sommet de premier plan ax\u00e9 sur la durabilit\u00e9 dans le secteur mondial du voyage et du tourisme. Cet \u00e9v\u00e9nement annuel, qui se tient \u00e0 Victoria, en Colombie-Britannique, r\u00e9unit des organisations de gestion de destinations, des op\u00e9rateurs touristiques, des repr\u00e9sentants des gouvernements, des leaders autochtones et des experts acad\u00e9miques pour un dialogue collaboratif et novateur sur les d\u00e9fis auxquels notre industrie est confront\u00e9e. L&rsquo;objectif d&rsquo;IMPACT est de rassembler l&rsquo;industrie touristique canadienne, ainsi que toutes les parties prenantes et les communaut\u00e9s concern\u00e9es, autour d&rsquo;une vision pour atteindre la durabilit\u00e9 \u00e9conomique, sociale et environnementale.<\/span><\/p>\n<p><span style=\"font-weight: 400;\">\u00c0 l\u2019\u00e9dition 2026 du congr\u00e8s, les d\u00e9l\u00e9gu\u00e9s ont pu profiter de quatre jours de conf\u00e9rences et d&rsquo;ateliers inspirants ax\u00e9s sur les piliers d&rsquo;IMPACT : l&rsquo;\u00e9cologie et l&rsquo;environnement, la communaut\u00e9 et le sentiment d&rsquo;appartenance, la culture et le patrimoine, et l&rsquo;\u00e9conomie.<\/span><\/p>\n<p><span style=\"font-weight: 400;\">Lors de la premi\u00e8re journ\u00e9e d&rsquo;IMPACT, Intrepid Travel, le plus grand voyagiste sp\u00e9cialis\u00e9 dans les voyages d\u2019aventure au monde, <\/span><a href=\"https:\/\/indigenoustourism.ca\/fr\/intrepid-travel-conclut-une-entente-historique-pour-soutenir-le-tourisme-autochtone-au-canada\/\"><span style=\"font-weight: 400;\">a sign\u00e9 une entente de partenariat historique avec l&rsquo;ATAC<\/span><\/a><span style=\"font-weight: 400;\">, s&rsquo;engageant \u00e0 investir 500 000 $ sur cinq ans pour soutenir la croissance et la promotion du tourisme autochtone au Canada. Ce partenariat permettra \u00e0 Intrepid d&rsquo;int\u00e9grer davantage d&rsquo;exp\u00e9riences men\u00e9es par les Autochtones dans ses itin\u00e9raires au Canada, avec 75 % des circuits incluant au moins une exp\u00e9rience autochtone d&rsquo;ici fin 2026, et un objectif \u00e0 long terme d\u2019atteindre 100 %.<\/span><\/p>\n<p><span style=\"font-weight: 400;\">\u00ab\u202fDes partenariats comme celui-ci cr\u00e9ent des possibilit\u00e9s concr\u00e8tes et permettent aux communaut\u00e9s de b\u00e9n\u00e9ficier directement sur le plan \u00e9conomique et culturel \u00bb, a d\u00e9clar\u00e9 M. Keith Henry, pr\u00e9sident-directeur g\u00e9n\u00e9ral de l\u2019ATAC. \u00ab Cela soutient notre vision de faire du Canada le chef de file mondial du tourisme autochtone d\u2019ici\u202f2030.\u202f\u00bb<\/span><\/p>\n<p><span style=\"font-weight: 400;\">La 2e journ\u00e9e du congr\u00e8s, M<\/span><span style=\"font-weight: 400;\">me <\/span><span style=\"font-weight: 400;\">Teresa Ryder, directrice des partenariats de l&rsquo;ATAC, M<\/span><span style=\"font-weight: 400;\">me<\/span><span style=\"font-weight: 400;\"> Amber Berard-Althouse, fondatrice de <\/span><a href=\"https:\/\/thelandheals.ca\/about-me\/\"><span style=\"font-weight: 400;\">The Land Heals<\/span><\/a><span style=\"font-weight: 400;\"> et pr\u00e9sidente de Yukon First Nations Culture &amp; Tourism, M. Kevin Seesequasis, agent de d\u00e9veloppement communautaire et touristique pour la <\/span><a href=\"https:\/\/fnpa.ca\/about-fnpa\/#ourhistory\"><span style=\"font-weight: 400;\">Nation crie de Beardy\u2019s et Okemasis<\/span><\/a><span style=\"font-weight: 400;\"> \/ Pemiska Tourism, et M<\/span><span style=\"font-weight: 400;\">me<\/span><span style=\"font-weight: 400;\"> Pania Tyson-Nathan, pr\u00e9sidente-directrice g\u00e9n\u00e9rale de <\/span><a href=\"https:\/\/maoritourism.co.nz\/about-us\/\"><span style=\"font-weight: 400;\">New Zealand M\u0101ori Tourism<\/span><\/a><span style=\"font-weight: 400;\">, ont particip\u00e9 au panel intitul\u00e9 \u00ab Perspectives autochtones : cultiver des partenariats interculturels pour l\u2019action climatique et le tourisme r\u00e9g\u00e9n\u00e9rateur \u00bb. M<\/span><span style=\"font-weight: 400;\">me<\/span><span style=\"font-weight: 400;\"> Ryder a anim\u00e9 ce panel, abordant comment les perspectives autochtones r\u00e9pondent aux d\u00e9fis climatiques et transforment les pratiques touristiques \u00e0 travers des r\u00e9cits, des exp\u00e9riences v\u00e9cues et le dialogue.<\/span><\/p>\n<p><span style=\"font-weight: 400;\">Pour de plus amples informations sur IMPACT, veuillez cliquer\u00a0<\/span><a href=\"https:\/\/impactnational.ca\/?utm_source=ITAC&amp;utm_medium=External%20Link&amp;utm_campaign=Association%20Website\"><span style=\"font-weight: 400;\">ici<\/span><\/a><span style=\"font-weight: 400;\">.\u00a0\u00a0<\/span><\/p>\n<p>&nbsp;<\/p>\n","protected":false},"excerpt":{"rendered":"<p>Territoire des lekwungen et des W\u0331S\u00c1NE\u0106 (Victoria, C.-B.) \u2013 L&rsquo;Association touristique autochtone du Canada (ATAC) est heureuse d&rsquo;annoncer que Mme Teresa Ryder, directrice des partenariats de l\u2019ATAC, a de nouveau assur\u00e9 le r\u00f4le d&rsquo;animatrice du congr\u00e8s. Et au cas o\u00f9 vous l&rsquo;auriez manqu\u00e9, l\u2019ATAC et Intrepid Travel ont sign\u00e9 une entente historique pour soutenir le [&hellip;]<\/p>\n","protected":false},"author":18,"featured_media":39594,"comment_status":"closed","ping_status":"closed","sticky":false,"template":"","format":"standard","meta":{"_acf_changed":false,"footnotes":""},"tags":[],"class_list":["post-39608","post","type-post","status-publish","format-standard","has-post-thumbnail","hentry","region-colombie-britannique","news-type-evenements","news-type-mises-a-jour-de-latac","news-type-nouvelles-de-lindustrie"],"acf":[],"yoast_head":"<!-- This site is optimized with the Yoast SEO plugin v24.6 - https:\/\/yoast.com\/wordpress\/plugins\/seo\/ -->\n<title>L&#039;ATAC m\u00e8ne les discussions sur les perspectives autochtones \u00e0 l\u2019IMPACT Sustainability Travel &amp; Tourism Conference - Nouvelles de l&#039;industrie touristique autochtone<\/title>\n<meta name=\"description\" content=\"Territoire des lekwungen et des W\u0331S\u00c1NE\u0106 (Victoria, C.-B.) \u2013 L&#039;Association touristique autochtone du Canada (ATAC) est heureuse d&#039;annoncer que Mme Teresa\" \/>\n<meta name=\"robots\" content=\"index, follow, max-snippet:-1, max-image-preview:large, max-video-preview:-1\" \/>\n<link rel=\"canonical\" href=\"https:\/\/indigenoustourism.ca\/fr\/latac-mene-les-discussions-sur-les-perspectives-autochtones-a-limpact-sustainability-travel-tourism-conference\/\" \/>\n<meta property=\"og:locale\" content=\"fr_FR\" \/>\n<meta property=\"og:type\" content=\"article\" \/>\n<meta property=\"og:title\" content=\"L&#039;ATAC m\u00e8ne les discussions sur les perspectives autochtones \u00e0 l\u2019IMPACT Sustainability Travel &amp; Tourism Conference - Nouvelles de l&#039;industrie touristique autochtone\" \/>\n<meta property=\"og:description\" content=\"Territoire des lekwungen et des W\u0331S\u00c1NE\u0106 (Victoria, C.-B.) \u2013 L&#039;Association touristique autochtone du Canada (ATAC) est heureuse d&#039;annoncer que Mme Teresa\" \/>\n<meta property=\"og:url\" content=\"https:\/\/indigenoustourism.ca\/fr\/latac-mene-les-discussions-sur-les-perspectives-autochtones-a-limpact-sustainability-travel-tourism-conference\/\" \/>\n<meta property=\"og:site_name\" content=\"Association touristique autochtone du Canada\" \/>\n<meta property=\"article:published_time\" content=\"2026-02-03T19:22:53+00:00\" \/>\n<meta property=\"article:modified_time\" content=\"2026-02-03T19:23:42+00:00\" \/>\n<meta property=\"og:image\" content=\"https:\/\/indigenoustourism.ca\/wp-content\/uploads\/2026\/02\/IMPACT-2026-Website-1336x1024-1.jpg\" \/>\n\t<meta property=\"og:image:width\" content=\"1336\" \/>\n\t<meta property=\"og:image:height\" content=\"1024\" \/>\n\t<meta property=\"og:image:type\" content=\"image\/jpeg\" \/>\n<meta name=\"author\" content=\"Sheldon McRae\" \/>\n<meta name=\"twitter:card\" content=\"summary_large_image\" \/>\n<meta name=\"twitter:creator\" content=\"@itac_corporate\" \/>\n<meta name=\"twitter:site\" content=\"@itac_corporate\" \/>\n<meta name=\"twitter:label1\" content=\"\u00c9crit par\" \/>\n\t<meta name=\"twitter:data1\" content=\"Sheldon McRae\" \/>\n\t<meta name=\"twitter:label2\" content=\"Dur\u00e9e de lecture estim\u00e9e\" \/>\n\t<meta name=\"twitter:data2\" content=\"3 minutes\" \/>\n<script type=\"application\/ld+json\" class=\"yoast-schema-graph\">{\"@context\":\"https:\/\/schema.org\",\"@graph\":[{\"@type\":\"Article\",\"@id\":\"https:\/\/indigenoustourism.ca\/fr\/latac-mene-les-discussions-sur-les-perspectives-autochtones-a-limpact-sustainability-travel-tourism-conference\/#article\",\"isPartOf\":{\"@id\":\"https:\/\/indigenoustourism.ca\/fr\/latac-mene-les-discussions-sur-les-perspectives-autochtones-a-limpact-sustainability-travel-tourism-conference\/\"},\"author\":{\"name\":\"Sheldon McRae\",\"@id\":\"https:\/\/indigenoustourism.ca\/#\/schema\/person\/11a6f3db06bc69c1bbdfc3829fa544bd\"},\"headline\":\"L&rsquo;ATAC m\u00e8ne les discussions sur les perspectives autochtones \u00e0 l\u2019IMPACT Sustainability Travel &#038; Tourism Conference\",\"datePublished\":\"2026-02-03T19:22:53+00:00\",\"dateModified\":\"2026-02-03T19:23:42+00:00\",\"mainEntityOfPage\":{\"@id\":\"https:\/\/indigenoustourism.ca\/fr\/latac-mene-les-discussions-sur-les-perspectives-autochtones-a-limpact-sustainability-travel-tourism-conference\/\"},\"wordCount\":550,\"publisher\":{\"@id\":\"https:\/\/indigenoustourism.ca\/#organization\"},\"image\":{\"@id\":\"https:\/\/indigenoustourism.ca\/fr\/latac-mene-les-discussions-sur-les-perspectives-autochtones-a-limpact-sustainability-travel-tourism-conference\/#primaryimage\"},\"thumbnailUrl\":\"https:\/\/indigenoustourism.ca\/wp-content\/uploads\/2026\/02\/IMPACT-2026-Website-1336x1024-1.jpg\",\"inLanguage\":\"fr-FR\"},{\"@type\":\"WebPage\",\"@id\":\"https:\/\/indigenoustourism.ca\/fr\/latac-mene-les-discussions-sur-les-perspectives-autochtones-a-limpact-sustainability-travel-tourism-conference\/\",\"url\":\"https:\/\/indigenoustourism.ca\/fr\/latac-mene-les-discussions-sur-les-perspectives-autochtones-a-limpact-sustainability-travel-tourism-conference\/\",\"name\":\"L'ATAC m\u00e8ne les discussions sur les perspectives autochtones \u00e0 l\u2019IMPACT Sustainability Travel & Tourism Conference - Nouvelles de l'industrie touristique autochtone\",\"isPartOf\":{\"@id\":\"https:\/\/indigenoustourism.ca\/#website\"},\"primaryImageOfPage\":{\"@id\":\"https:\/\/indigenoustourism.ca\/fr\/latac-mene-les-discussions-sur-les-perspectives-autochtones-a-limpact-sustainability-travel-tourism-conference\/#primaryimage\"},\"image\":{\"@id\":\"https:\/\/indigenoustourism.ca\/fr\/latac-mene-les-discussions-sur-les-perspectives-autochtones-a-limpact-sustainability-travel-tourism-conference\/#primaryimage\"},\"thumbnailUrl\":\"https:\/\/indigenoustourism.ca\/wp-content\/uploads\/2026\/02\/IMPACT-2026-Website-1336x1024-1.jpg\",\"datePublished\":\"2026-02-03T19:22:53+00:00\",\"dateModified\":\"2026-02-03T19:23:42+00:00\",\"description\":\"Territoire des lekwungen et des W\u0331S\u00c1NE\u0106 (Victoria, C.-B.) \u2013 L'Association touristique autochtone du Canada (ATAC) est heureuse d'annoncer que Mme Teresa\",\"breadcrumb\":{\"@id\":\"https:\/\/indigenoustourism.ca\/fr\/latac-mene-les-discussions-sur-les-perspectives-autochtones-a-limpact-sustainability-travel-tourism-conference\/#breadcrumb\"},\"inLanguage\":\"fr-FR\",\"potentialAction\":[{\"@type\":\"ReadAction\",\"target\":[\"https:\/\/indigenoustourism.ca\/fr\/latac-mene-les-discussions-sur-les-perspectives-autochtones-a-limpact-sustainability-travel-tourism-conference\/\"]}]},{\"@type\":\"ImageObject\",\"inLanguage\":\"fr-FR\",\"@id\":\"https:\/\/indigenoustourism.ca\/fr\/latac-mene-les-discussions-sur-les-perspectives-autochtones-a-limpact-sustainability-travel-tourism-conference\/#primaryimage\",\"url\":\"https:\/\/indigenoustourism.ca\/wp-content\/uploads\/2026\/02\/IMPACT-2026-Website-1336x1024-1.jpg\",\"contentUrl\":\"https:\/\/indigenoustourism.ca\/wp-content\/uploads\/2026\/02\/IMPACT-2026-Website-1336x1024-1.jpg\",\"width\":1336,\"height\":1024},{\"@type\":\"BreadcrumbList\",\"@id\":\"https:\/\/indigenoustourism.ca\/fr\/latac-mene-les-discussions-sur-les-perspectives-autochtones-a-limpact-sustainability-travel-tourism-conference\/#breadcrumb\",\"itemListElement\":[{\"@type\":\"ListItem\",\"position\":1,\"name\":\"Home\",\"item\":\"https:\/\/indigenoustourism.ca\/fr\/home\/\"},{\"@type\":\"ListItem\",\"position\":2,\"name\":\"L&#8217;ATAC m\u00e8ne les discussions sur les perspectives autochtones \u00e0 l\u2019IMPACT Sustainability Travel &#038; Tourism Conference\"}]},{\"@type\":\"WebSite\",\"@id\":\"https:\/\/indigenoustourism.ca\/#website\",\"url\":\"https:\/\/indigenoustourism.ca\/\",\"name\":\"Association touristique autochtone du Canada\",\"description\":\"Corporate\",\"publisher\":{\"@id\":\"https:\/\/indigenoustourism.ca\/#organization\"},\"potentialAction\":[{\"@type\":\"SearchAction\",\"target\":{\"@type\":\"EntryPoint\",\"urlTemplate\":\"https:\/\/indigenoustourism.ca\/?s={search_term_string}\"},\"query-input\":{\"@type\":\"PropertyValueSpecification\",\"valueRequired\":true,\"valueName\":\"search_term_string\"}}],\"inLanguage\":\"fr-FR\"},{\"@type\":\"Organization\",\"@id\":\"https:\/\/indigenoustourism.ca\/#organization\",\"name\":\"Association touristique autochtone du Canada\",\"url\":\"https:\/\/indigenoustourism.ca\/\",\"logo\":{\"@type\":\"ImageObject\",\"inLanguage\":\"fr-FR\",\"@id\":\"https:\/\/indigenoustourism.ca\/#\/schema\/logo\/image\/\",\"url\":\"https:\/\/indigenoustourism.ca\/wp-content\/uploads\/2018\/02\/ITAC-logo-corporate-bilingual-standard@300x.png\",\"contentUrl\":\"https:\/\/indigenoustourism.ca\/wp-content\/uploads\/2018\/02\/ITAC-logo-corporate-bilingual-standard@300x.png\",\"width\":2408,\"height\":701,\"caption\":\"Association touristique autochtone du Canada\"},\"image\":{\"@id\":\"https:\/\/indigenoustourism.ca\/#\/schema\/logo\/image\/\"},\"sameAs\":[\"https:\/\/x.com\/itac_corporate\"]},{\"@type\":\"Person\",\"@id\":\"https:\/\/indigenoustourism.ca\/#\/schema\/person\/11a6f3db06bc69c1bbdfc3829fa544bd\",\"name\":\"Sheldon McRae\",\"image\":{\"@type\":\"ImageObject\",\"inLanguage\":\"fr-FR\",\"@id\":\"https:\/\/indigenoustourism.ca\/#\/schema\/person\/image\/\",\"url\":\"https:\/\/secure.gravatar.com\/avatar\/cbe11659ca22578c6b18c51624d27db9?s=96&d=mm&r=g\",\"contentUrl\":\"https:\/\/secure.gravatar.com\/avatar\/cbe11659ca22578c6b18c51624d27db9?s=96&d=mm&r=g\",\"caption\":\"Sheldon McRae\"}}]}<\/script>\n<!-- \/ Yoast SEO plugin. -->","yoast_head_json":{"title":"L'ATAC m\u00e8ne les discussions sur les perspectives autochtones \u00e0 l\u2019IMPACT Sustainability Travel & Tourism Conference - Nouvelles de l'industrie touristique autochtone","description":"Territoire des lekwungen et des W\u0331S\u00c1NE\u0106 (Victoria, C.-B.) \u2013 L'Association touristique autochtone du Canada (ATAC) est heureuse d'annoncer que Mme Teresa","robots":{"index":"index","follow":"follow","max-snippet":"max-snippet:-1","max-image-preview":"max-image-preview:large","max-video-preview":"max-video-preview:-1"},"canonical":"https:\/\/indigenoustourism.ca\/fr\/latac-mene-les-discussions-sur-les-perspectives-autochtones-a-limpact-sustainability-travel-tourism-conference\/","og_locale":"fr_FR","og_type":"article","og_title":"L'ATAC m\u00e8ne les discussions sur les perspectives autochtones \u00e0 l\u2019IMPACT Sustainability Travel & Tourism Conference - Nouvelles de l'industrie touristique autochtone","og_description":"Territoire des lekwungen et des W\u0331S\u00c1NE\u0106 (Victoria, C.-B.) \u2013 L'Association touristique autochtone du Canada (ATAC) est heureuse d'annoncer que Mme Teresa","og_url":"https:\/\/indigenoustourism.ca\/fr\/latac-mene-les-discussions-sur-les-perspectives-autochtones-a-limpact-sustainability-travel-tourism-conference\/","og_site_name":"Association touristique autochtone du Canada","article_published_time":"2026-02-03T19:22:53+00:00","article_modified_time":"2026-02-03T19:23:42+00:00","og_image":[{"width":1336,"height":1024,"url":"https:\/\/indigenoustourism.ca\/wp-content\/uploads\/2026\/02\/IMPACT-2026-Website-1336x1024-1.jpg","type":"image\/jpeg"}],"author":"Sheldon McRae","twitter_card":"summary_large_image","twitter_creator":"@itac_corporate","twitter_site":"@itac_corporate","twitter_misc":{"\u00c9crit par":"Sheldon McRae","Dur\u00e9e de lecture estim\u00e9e":"3 minutes"},"schema":{"@context":"https:\/\/schema.org","@graph":[{"@type":"Article","@id":"https:\/\/indigenoustourism.ca\/fr\/latac-mene-les-discussions-sur-les-perspectives-autochtones-a-limpact-sustainability-travel-tourism-conference\/#article","isPartOf":{"@id":"https:\/\/indigenoustourism.ca\/fr\/latac-mene-les-discussions-sur-les-perspectives-autochtones-a-limpact-sustainability-travel-tourism-conference\/"},"author":{"name":"Sheldon McRae","@id":"https:\/\/indigenoustourism.ca\/#\/schema\/person\/11a6f3db06bc69c1bbdfc3829fa544bd"},"headline":"L&rsquo;ATAC m\u00e8ne les discussions sur les perspectives autochtones \u00e0 l\u2019IMPACT Sustainability Travel &#038; Tourism Conference","datePublished":"2026-02-03T19:22:53+00:00","dateModified":"2026-02-03T19:23:42+00:00","mainEntityOfPage":{"@id":"https:\/\/indigenoustourism.ca\/fr\/latac-mene-les-discussions-sur-les-perspectives-autochtones-a-limpact-sustainability-travel-tourism-conference\/"},"wordCount":550,"publisher":{"@id":"https:\/\/indigenoustourism.ca\/#organization"},"image":{"@id":"https:\/\/indigenoustourism.ca\/fr\/latac-mene-les-discussions-sur-les-perspectives-autochtones-a-limpact-sustainability-travel-tourism-conference\/#primaryimage"},"thumbnailUrl":"https:\/\/indigenoustourism.ca\/wp-content\/uploads\/2026\/02\/IMPACT-2026-Website-1336x1024-1.jpg","inLanguage":"fr-FR"},{"@type":"WebPage","@id":"https:\/\/indigenoustourism.ca\/fr\/latac-mene-les-discussions-sur-les-perspectives-autochtones-a-limpact-sustainability-travel-tourism-conference\/","url":"https:\/\/indigenoustourism.ca\/fr\/latac-mene-les-discussions-sur-les-perspectives-autochtones-a-limpact-sustainability-travel-tourism-conference\/","name":"L'ATAC m\u00e8ne les discussions sur les perspectives autochtones \u00e0 l\u2019IMPACT Sustainability Travel & Tourism Conference - Nouvelles de l'industrie touristique autochtone","isPartOf":{"@id":"https:\/\/indigenoustourism.ca\/#website"},"primaryImageOfPage":{"@id":"https:\/\/indigenoustourism.ca\/fr\/latac-mene-les-discussions-sur-les-perspectives-autochtones-a-limpact-sustainability-travel-tourism-conference\/#primaryimage"},"image":{"@id":"https:\/\/indigenoustourism.ca\/fr\/latac-mene-les-discussions-sur-les-perspectives-autochtones-a-limpact-sustainability-travel-tourism-conference\/#primaryimage"},"thumbnailUrl":"https:\/\/indigenoustourism.ca\/wp-content\/uploads\/2026\/02\/IMPACT-2026-Website-1336x1024-1.jpg","datePublished":"2026-02-03T19:22:53+00:00","dateModified":"2026-02-03T19:23:42+00:00","description":"Territoire des lekwungen et des W\u0331S\u00c1NE\u0106 (Victoria, C.-B.) \u2013 L'Association touristique autochtone du Canada (ATAC) est heureuse d'annoncer que Mme Teresa","breadcrumb":{"@id":"https:\/\/indigenoustourism.ca\/fr\/latac-mene-les-discussions-sur-les-perspectives-autochtones-a-limpact-sustainability-travel-tourism-conference\/#breadcrumb"},"inLanguage":"fr-FR","potentialAction":[{"@type":"ReadAction","target":["https:\/\/indigenoustourism.ca\/fr\/latac-mene-les-discussions-sur-les-perspectives-autochtones-a-limpact-sustainability-travel-tourism-conference\/"]}]},{"@type":"ImageObject","inLanguage":"fr-FR","@id":"https:\/\/indigenoustourism.ca\/fr\/latac-mene-les-discussions-sur-les-perspectives-autochtones-a-limpact-sustainability-travel-tourism-conference\/#primaryimage","url":"https:\/\/indigenoustourism.ca\/wp-content\/uploads\/2026\/02\/IMPACT-2026-Website-1336x1024-1.jpg","contentUrl":"https:\/\/indigenoustourism.ca\/wp-content\/uploads\/2026\/02\/IMPACT-2026-Website-1336x1024-1.jpg","width":1336,"height":1024},{"@type":"BreadcrumbList","@id":"https:\/\/indigenoustourism.ca\/fr\/latac-mene-les-discussions-sur-les-perspectives-autochtones-a-limpact-sustainability-travel-tourism-conference\/#breadcrumb","itemListElement":[{"@type":"ListItem","position":1,"name":"Home","item":"https:\/\/indigenoustourism.ca\/fr\/home\/"},{"@type":"ListItem","position":2,"name":"L&#8217;ATAC m\u00e8ne les discussions sur les perspectives autochtones \u00e0 l\u2019IMPACT Sustainability Travel &#038; Tourism Conference"}]},{"@type":"WebSite","@id":"https:\/\/indigenoustourism.ca\/#website","url":"https:\/\/indigenoustourism.ca\/","name":"Association touristique autochtone du Canada","description":"Corporate","publisher":{"@id":"https:\/\/indigenoustourism.ca\/#organization"},"potentialAction":[{"@type":"SearchAction","target":{"@type":"EntryPoint","urlTemplate":"https:\/\/indigenoustourism.ca\/?s={search_term_string}"},"query-input":{"@type":"PropertyValueSpecification","valueRequired":true,"valueName":"search_term_string"}}],"inLanguage":"fr-FR"},{"@type":"Organization","@id":"https:\/\/indigenoustourism.ca\/#organization","name":"Association touristique autochtone du Canada","url":"https:\/\/indigenoustourism.ca\/","logo":{"@type":"ImageObject","inLanguage":"fr-FR","@id":"https:\/\/indigenoustourism.ca\/#\/schema\/logo\/image\/","url":"https:\/\/indigenoustourism.ca\/wp-content\/uploads\/2018\/02\/ITAC-logo-corporate-bilingual-standard@300x.png","contentUrl":"https:\/\/indigenoustourism.ca\/wp-content\/uploads\/2018\/02\/ITAC-logo-corporate-bilingual-standard@300x.png","width":2408,"height":701,"caption":"Association touristique autochtone du Canada"},"image":{"@id":"https:\/\/indigenoustourism.ca\/#\/schema\/logo\/image\/"},"sameAs":["https:\/\/x.com\/itac_corporate"]},{"@type":"Person","@id":"https:\/\/indigenoustourism.ca\/#\/schema\/person\/11a6f3db06bc69c1bbdfc3829fa544bd","name":"Sheldon McRae","image":{"@type":"ImageObject","inLanguage":"fr-FR","@id":"https:\/\/indigenoustourism.ca\/#\/schema\/person\/image\/","url":"https:\/\/secure.gravatar.com\/avatar\/cbe11659ca22578c6b18c51624d27db9?s=96&d=mm&r=g","contentUrl":"https:\/\/secure.gravatar.com\/avatar\/cbe11659ca22578c6b18c51624d27db9?s=96&d=mm&r=g","caption":"Sheldon McRae"}}]}},"_links":{"self":[{"href":"https:\/\/indigenoustourism.ca\/fr\/wp-json\/wp\/v2\/posts\/39608","targetHints":{"allow":["GET"]}}],"collection":[{"href":"https:\/\/indigenoustourism.ca\/fr\/wp-json\/wp\/v2\/posts"}],"about":[{"href":"https:\/\/indigenoustourism.ca\/fr\/wp-json\/wp\/v2\/types\/post"}],"author":[{"embeddable":true,"href":"https:\/\/indigenoustourism.ca\/fr\/wp-json\/wp\/v2\/users\/18"}],"replies":[{"embeddable":true,"href":"https:\/\/indigenoustourism.ca\/fr\/wp-json\/wp\/v2\/comments?post=39608"}],"version-history":[{"count":0,"href":"https:\/\/indigenoustourism.ca\/fr\/wp-json\/wp\/v2\/posts\/39608\/revisions"}],"wp:featuredmedia":[{"embeddable":true,"href":"https:\/\/indigenoustourism.ca\/fr\/wp-json\/wp\/v2\/media\/39594"}],"wp:attachment":[{"href":"https:\/\/indigenoustourism.ca\/fr\/wp-json\/wp\/v2\/media?parent=39608"}],"wp:term":[{"taxonomy":"post_tag","embeddable":true,"href":"https:\/\/indigenoustourism.ca\/fr\/wp-json\/wp\/v2\/tags?post=39608"}],"curies":[{"name":"wp","href":"https:\/\/api.w.org\/{rel}","templated":true}]}}