{"id":38960,"date":"2025-10-03T15:23:55","date_gmt":"2025-10-03T22:23:55","guid":{"rendered":"https:\/\/indigenoustourism.ca\/?p=38960"},"modified":"2025-10-03T15:23:55","modified_gmt":"2025-10-03T22:23:55","slug":"latac-met-en-lumiere-le-tourisme-autochtone-au-sommet-gomedia-canada-2025","status":"publish","type":"post","link":"https:\/\/indigenoustourism.ca\/fr\/latac-met-en-lumiere-le-tourisme-autochtone-au-sommet-gomedia-canada-2025\/","title":{"rendered":"L\u2019ATAC met en lumi\u00e8re le tourisme autochtone au Sommet GoMedia Canada 2025"},"content":{"rendered":"<p><b>Territoires des trait\u00e9s n<\/b><b>o<\/b><b> 6 et 8 et la r\u00e9gion 4 des M\u00e9tis (Jasper, AB) \u2013 <\/b><a href=\"https:\/\/indigenoustourism.ca\/fr\"><span style=\"font-weight: 400;\">L\u2019Association touristique autochtone du Canada<\/span><\/a><span style=\"font-weight: 400;\"> (ATAC) a fi\u00e8rement particip\u00e9 au <\/span><a href=\"https:\/\/evenements.destinationcanada.com\/gomedia-canada\"><span style=\"font-weight: 400;\">Sommet GoMedia Canada 2025<\/span><\/a><span style=\"font-weight: 400;\">, qui s&rsquo;est tenu du 14 au 18 septembre \u00e0 Jasper, en Alberta. Organis\u00e9 par <\/span><a href=\"https:\/\/www.destinationcanada.com\/fr-ca\/a-propos-de-nous\"><span style=\"font-weight: 400;\">Destination Canada<\/span><\/a><span style=\"font-weight: 400;\">, ce sommet est le plus important \u00e9v\u00e9nement m\u00e9diatique international du pays.<\/span><\/p>\n<p><span style=\"font-weight: 400;\">GoMedia a d\u00e9but\u00e9 par une c\u00e9r\u00e9monie d&rsquo;accueil autochtone impressionnante, coordonn\u00e9e par <\/span><a href=\"https:\/\/indigenoustourismalberta.ca\/\"><span style=\"font-weight: 400;\">Indigenous Tourism Alberta<\/span><\/a><span style=\"font-weight: 400;\"> et Destination Canada, et organis\u00e9e par la <\/span><a href=\"https:\/\/www.aseniwuche.ca\/\"><span style=\"font-weight: 400;\">Nation Aseniwuche Winewak<\/span><\/a><span style=\"font-weight: 400;\">. Les A\u00een\u00e9s Joe Karakuntie et Hilda Hallock ont prononc\u00e9 les pri\u00e8res d\u2019ouverture, avant de laisser place \u00e0 une prestation de tambour r\u00e9alis\u00e9e par Red Rose Thunder et The James Gang, sous la conduite de M. Robert Wanyandie en tant que ma\u00eetre de c\u00e9r\u00e9monie. La grande entr\u00e9e a \u00e9t\u00e9 marqu\u00e9e par la participation des danseurs Tiran Zorthian (danse du poulet), Mackenzie McDonald (danse traditionnelle des femmes), Beau Hallock et Deanna Wanyandie (danse des clochettes), ainsi que Grace Wanyandie, Rebecca Wanyandie et Kiel Gill (danse du ch\u00e2le).<\/span><\/p>\n<p><span style=\"font-weight: 400;\">L&rsquo;ATAC \u00e9tait repr\u00e9sent\u00e9e par M<\/span><span style=\"font-weight: 400;\">me<\/span><span style=\"font-weight: 400;\"> Tamara Littlelight, directrice marketing, et M. Ryan Rogers, gestionnaire des communications, accompagn\u00e9s de d\u00e9l\u00e9gations des associations touristiques autochtones provinciales et territoriales (Alberta, Colombie-Britannique, Manitoba, Qu\u00e9bec et Yukon).<\/span><\/p>\n<p><span style=\"font-weight: 400;\">Ensemble, ils ont soulign\u00e9 l&rsquo;importance du tourisme autochtone pour faire avancer la r\u00e9conciliation et inspirer les voyageurs du monde entier.<\/span><\/p>\n<p><span style=\"font-weight: 400;\">Au cours du sommet, M<\/span><span style=\"font-weight: 400;\">me<\/span><span style=\"font-weight: 400;\"> Littlelight et M. Rogers ont tenu 14 rencontres individuelles avec des journalistes internationaux, \u00e9tablissant ainsi de nouveaux liens avec les m\u00e9dias et assurant une visibilit\u00e9 mondiale pour les exp\u00e9riences touristiques autochtones authentiques.<\/span><\/p>\n<p><span style=\"font-weight: 400;\">L&rsquo;ATAC s&rsquo;est \u00e9galement associ\u00e9e \u00e0 <\/span><a href=\"https:\/\/fr.travelmanitoba.com\/\"><span style=\"font-weight: 400;\">Voyage Manitoba<\/span><\/a><span style=\"font-weight: 400;\"> pour faire une pr\u00e9sentation percutante sur la r\u00e9conciliation par le tourisme. Lors de cette s\u00e9ance, M<\/span><span style=\"font-weight: 400;\">me<\/span><span style=\"font-weight: 400;\"> Lorraine Daniels, directrice g\u00e9n\u00e9rale du <\/span><a href=\"https:\/\/nirsmuseum.ca\/\"><span style=\"font-weight: 400;\">Mus\u00e9e national des pensionnats du Canada<\/span><\/a><span style=\"font-weight: 400;\">, a partag\u00e9 son t\u00e9moignage personnel et donn\u00e9 un aper\u00e7u de l&rsquo;histoire des pensionnats, faisant ainsi ressortir le r\u00f4le essentiel du tourisme dans la r\u00e9conciliation et l&rsquo;\u00e9ducation.<\/span><\/p>\n<p><span style=\"font-weight: 400;\">Afin d&rsquo;honorer les conf\u00e9renciers et de soutenir l&rsquo;art local, l&rsquo;ATAC a collabor\u00e9 avec la galerie Carter-Ryan pour offrir neuf reproductions d&rsquo;\u0153uvres d&rsquo;art sur le th\u00e8me de Jasper comme cadeaux, les recettes \u00e9tant revers\u00e9es pour soutenir les efforts de reconstruction de la r\u00e9gion apr\u00e8s les incendies de 2024.<\/span><\/p>\n<p><span style=\"font-weight: 400;\">Au-del\u00e0 du sommet, l&rsquo;ATAC a jou\u00e9 un r\u00f4le cl\u00e9 dans trois tourn\u00e9es de familiarisation (FAM) organis\u00e9es dans le cadre de GoMedia, destin\u00e9es \u00e0 faire d\u00e9couvrir la culture et les paysages autochtones aux m\u00e9dias internationaux :<\/span><\/p>\n<h3><b>Tourn\u00e9e FAM pr\u00e9-sommet en Ontario<\/b><span style=\"font-weight: 400;\"> (Destination Ontario et Wikwemikong Tourism):<\/span><i><span style=\"font-weight: 400;\"> D\u00e9couvrez l&rsquo;Ontario autochtone \u2013 Voyage \u00e0 travers des terres non c\u00e9d\u00e9es<\/span><\/i><\/h3>\n<p><span style=\"font-weight: 400;\">Les journalistes ont v\u00e9cu une exp\u00e9rience immersive de plusieurs jours pour en apprendre plus sur la culture autochtone sur l&rsquo;\u00eele Manitoulin, en Ontario. Ils ont s\u00e9journ\u00e9 \u00e0 l\u2019<\/span><a href=\"https:\/\/manitoulinhotel.com\/\"><span style=\"font-weight: 400;\">H\u00f4tel et centre de congr\u00e8s Manitoulin<\/span><\/a><span style=\"font-weight: 400;\">, et ont visit\u00e9 des sites culturels et naturels importants, notamment la <\/span><a href=\"https:\/\/ojibwe-cultural-foundation.myshopify.com\/\"><span style=\"font-weight: 400;\">Fondation culturelle ojibw\u00e9e<\/span><\/a><span style=\"font-weight: 400;\">, la galerie d&rsquo;art priv\u00e9e Mishibinijima et le <\/span><a href=\"https:\/\/www.grondinepark.com\/\"><span style=\"font-weight: 400;\">parc Point Grondine<\/span><\/a><span style=\"font-weight: 400;\">. Au programme\u00a0: tambour et chants Dewegan, l\u2019<\/span><a href=\"https:\/\/wikytours.com\/daily-cultural-experiences\/\"><span style=\"font-weight: 400;\">exp\u00e9rience \u00ab\u00a0Parcours non c\u00e9d\u00e9<\/span><span style=\"font-weight: 400;\">\u00a0\u00bb<\/span><span style=\"font-weight: 400;\">,<\/span><\/a><span style=\"font-weight: 400;\"> une randonn\u00e9e guid\u00e9e \u00e0 la d\u00e9couverte de la cuisine autochtone le long du sentier comm\u00e9moratif Bebamikawe (\u00ab\u00a0Laisser des empreintes\u00a0\u00bb), des enseignements sur les plantes m\u00e9dicinales, une s\u00e9ance de gu\u00e9rison avec des chevaux au <\/span><a href=\"https:\/\/www.reflectionshealinghorses.com\/\"><span style=\"font-weight: 400;\">ranch Osawamick G\u2019Tigaaning<\/span><\/a><span style=\"font-weight: 400;\">. L&rsquo;itin\u00e9raire incluait \u00e9galement une croisi\u00e8re panoramique \u00e0 travers des passages de canot historiques et un souper au Rainbow Ridge Golf Course.<\/span><\/p>\n<h3><b>Tourn\u00e9e FAM pr\u00e9-sommet en Alberta<\/b><span style=\"font-weight: 400;\"> (Indigenous Tourism Alberta et Travel Alberta)<\/span><i><span style=\"font-weight: 400;\"> : D\u00e9couvrez l\u2019Alberta autochtone \u2013 GoMedia<\/span><\/i><\/h3>\n<p><span style=\"font-weight: 400;\">L&rsquo;itin\u00e9raire offrait une immersion enrichissante dans la culture et l&rsquo;histoire autochtones de l&rsquo;Alberta. Pour commencer, les journalistes ont pris part \u00e0 une formation en sensibilisation culturelle anim\u00e9e par <\/span><a href=\"https:\/\/indigenoustourismalberta.ca\/\"><span style=\"font-weight: 400;\">Indigenous Tourism Alberta<\/span><\/a><span style=\"font-weight: 400;\">, suivie d\u2019une visite de <\/span><a href=\"https:\/\/www.fortedmontonpark.ca\/\"><span style=\"font-weight: 400;\">l\u2019exposition sur les peuples autochtones au parc Fort Edmonton<\/span><\/a><span style=\"font-weight: 400;\"> et d&rsquo;un souper mettant \u00e0 l&rsquo;honneur une cuisine d\u2019inspiration autochtone chez <\/span><a href=\"https:\/\/www.instagram.com\/bernadettes104\/\"><span style=\"font-weight: 400;\">Bernadette&rsquo;s<\/span><\/a><span style=\"font-weight: 400;\">. \u00c0 <\/span><a href=\"https:\/\/metiscrossing.com\/\"><span style=\"font-weight: 400;\">M\u00e9tis Crossing<\/span><\/a><span style=\"font-weight: 400;\">, ils ont d\u00e9couvert l&rsquo;art, les danses, les r\u00e9cits, la <\/span><a href=\"https:\/\/metiscrossing.com\/stay-here\/indigenous-inspired-cuisine\/\"><span style=\"font-weight: 400;\">cuisine<\/span><\/a><span style=\"font-weight: 400;\"> et les pratiques traditionnelles des M\u00e9tis, \u00e9cout\u00e9 le discours de la PDG Juanita Marois, et particip\u00e9 \u00e0 des activit\u00e9s comme une visite guid\u00e9e de la faune au parc Visions, Hopes and Dreams ainsi qu&rsquo;une excursion en canot intitul\u00e9e \u00ab Pagayer dans le pass\u00e9 \u00bb. Parmi les autres temps forts figurent l\u2019initiation \u00e0 la nature sauvage et au pistage des animaux chez <\/span><a href=\"https:\/\/www.paintedwarriors.ca\/\"><span style=\"font-weight: 400;\">Painted Warriors<\/span><\/a><span style=\"font-weight: 400;\">, l&rsquo;exp\u00e9rience guid\u00e9e de Zuc\u2019min au glacier Athabasca, ainsi qu\u2019une <\/span><a href=\"https:\/\/youtu.be\/Mu06b4KoovA?feature=shared\" data-rel=\"lightbox-video-0\"><span style=\"font-weight: 400;\">visite en h\u00e9licopt\u00e8re propos\u00e9e par Fallen Mountain<\/span><\/a><span style=\"font-weight: 400;\"> et men\u00e9e par la guide crie des Rocheuses, Lauren Moberly.\u00a0\u00a0<\/span><\/p>\n<h3><b>Tourn\u00e9e FAM post-sommet dans les Territoires du Nord-Ouest<\/b><i><span style=\"font-weight: 400;\"> (Northwest Territories Tourism)<\/span><\/i><\/h3>\n<p><span style=\"font-weight: 400;\">\u00c0 Yellowknife, les journalistes ont pu profiter d&rsquo;une vari\u00e9t\u00e9 d&rsquo;exp\u00e9riences autochtones et d&rsquo;aventures nordiques. Parmi les moments phares figurent une exp\u00e9rience d\u00e9n\u00e9e authentique d\u2019observation des aurores bor\u00e9ales accompagn\u00e9e de r\u00e9cits, de prestation de tambour et de plats traditionnels avec <\/span><a href=\"https:\/\/bdene.com\/\"><span style=\"font-weight: 400;\">B. Dene Adventures<\/span><\/a><span style=\"font-weight: 400;\">, ainsi que plusieurs sorties pour observer les aurores bor\u00e9ales avec <\/span><a href=\"https:\/\/northstaradventures.ca\/\"><span style=\"font-weight: 400;\">North Star Adventures<\/span><\/a><span style=\"font-weight: 400;\"> et <\/span><a href=\"https:\/\/northof60auroraadventures.com\/\"><span style=\"font-weight: 400;\">North of 60 Aurora Adventures<\/span><\/a><span style=\"font-weight: 400;\">. Le m\u00eame groupe de journalistes s\u2019est joint \u00e0 la guide locale Tracy Therrien de <\/span><a href=\"https:\/\/www.bucketlisttour.com\/\"><span style=\"font-weight: 400;\">Bucketlist Tours<\/span><\/a><span style=\"font-weight: 400;\"> pour une visite de la ville et l\u2019observation des aurores bor\u00e9ales dans une cabine priv\u00e9e, a explor\u00e9 la culture et les l\u00e9gendes d\u00e9n\u00e9es lors d&rsquo;une visite \u00e0 la d\u00e9couverte des r\u00e9cits autochtones avec M. Joe Bailey, et a fait une randonn\u00e9e sur le pittoresque sentier Ingraham jusqu&rsquo;aux chutes Cameron avec <\/span><a href=\"https:\/\/mybackyardtours.com\/\"><span style=\"font-weight: 400;\">My Backyard Tours<\/span><\/a><span style=\"font-weight: 400;\">.<\/span><\/p>\n<p><span style=\"font-weight: 400;\">GoMedia demeure une plateforme cl\u00e9 pour l&rsquo;ATAC, permettant de mettre en lumi\u00e8re les voix autochtones, de renforcer les partenariats et de promouvoir les exp\u00e9riences touristiques autochtones authentiques \u00e0 l\u2019\u00e9chelle mondiale, favorisant ainsi la r\u00e9conciliation, un r\u00e9cit \u00e0 la fois.<\/span><\/p>\n","protected":false},"excerpt":{"rendered":"<p>Territoires des trait\u00e9s no 6 et 8 et la r\u00e9gion 4 des M\u00e9tis (Jasper, AB) \u2013 L\u2019Association touristique autochtone du Canada (ATAC) a fi\u00e8rement particip\u00e9 au Sommet GoMedia Canada 2025, qui s&rsquo;est tenu du 14 au 18 septembre \u00e0 Jasper, en Alberta. Organis\u00e9 par Destination Canada, ce sommet est le plus important \u00e9v\u00e9nement m\u00e9diatique international [&hellip;]<\/p>\n","protected":false},"author":18,"featured_media":38948,"comment_status":"closed","ping_status":"closed","sticky":false,"template":"","format":"standard","meta":{"_acf_changed":false,"footnotes":""},"tags":[],"class_list":["post-38960","post","type-post","status-publish","format-standard","has-post-thumbnail","hentry","region-alberta-fr","region-ontario-fr","region-territoires-du-nord-ouest","news-type-evenements","news-type-mises-a-jour-de-latac","news-type-nouvelles-de-lindustrie"],"acf":[],"yoast_head":"<!-- This site is optimized with the Yoast SEO plugin v24.6 - https:\/\/yoast.com\/wordpress\/plugins\/seo\/ -->\n<title>L\u2019ATAC met en lumi\u00e8re le tourisme autochtone au Sommet GoMedia Canada 2025 - Nouvelles de l&#039;industrie touristique autochtone<\/title>\n<meta name=\"description\" content=\"Territoires des trait\u00e9s no 6 et 8 et la r\u00e9gion 4 des M\u00e9tis (Jasper, AB) \u2013 L\u2019Association touristique autochtone du Canada (ATAC) a fi\u00e8rement particip\u00e9 au\" \/>\n<meta name=\"robots\" content=\"index, follow, max-snippet:-1, max-image-preview:large, max-video-preview:-1\" \/>\n<link rel=\"canonical\" href=\"https:\/\/indigenoustourism.ca\/fr\/latac-met-en-lumiere-le-tourisme-autochtone-au-sommet-gomedia-canada-2025\/\" \/>\n<meta property=\"og:locale\" content=\"fr_FR\" \/>\n<meta property=\"og:type\" content=\"article\" \/>\n<meta property=\"og:title\" content=\"L\u2019ATAC met en lumi\u00e8re le tourisme autochtone au Sommet GoMedia Canada 2025 - Nouvelles de l&#039;industrie touristique autochtone\" \/>\n<meta property=\"og:description\" content=\"Territoires des trait\u00e9s no 6 et 8 et la r\u00e9gion 4 des M\u00e9tis (Jasper, AB) \u2013 L\u2019Association touristique autochtone du Canada (ATAC) a fi\u00e8rement particip\u00e9 au\" \/>\n<meta property=\"og:url\" content=\"https:\/\/indigenoustourism.ca\/fr\/latac-met-en-lumiere-le-tourisme-autochtone-au-sommet-gomedia-canada-2025\/\" \/>\n<meta property=\"og:site_name\" content=\"Association touristique autochtone du Canada\" \/>\n<meta property=\"article:published_time\" content=\"2025-10-03T22:23:55+00:00\" \/>\n<meta property=\"og:image\" content=\"https:\/\/indigenoustourism.ca\/wp-content\/uploads\/2025\/10\/Go-Media-Canada-Summit-2025-Website-1336x1024-1.jpg\" \/>\n\t<meta property=\"og:image:width\" content=\"1336\" \/>\n\t<meta property=\"og:image:height\" content=\"1024\" \/>\n\t<meta property=\"og:image:type\" content=\"image\/jpeg\" \/>\n<meta name=\"author\" content=\"Sheldon McRae\" \/>\n<meta name=\"twitter:card\" content=\"summary_large_image\" \/>\n<meta name=\"twitter:creator\" content=\"@itac_corporate\" \/>\n<meta name=\"twitter:site\" content=\"@itac_corporate\" \/>\n<meta name=\"twitter:label1\" content=\"\u00c9crit par\" \/>\n\t<meta name=\"twitter:data1\" content=\"Sheldon McRae\" \/>\n\t<meta name=\"twitter:label2\" content=\"Dur\u00e9e de lecture estim\u00e9e\" \/>\n\t<meta name=\"twitter:data2\" content=\"5 minutes\" \/>\n<script type=\"application\/ld+json\" class=\"yoast-schema-graph\">{\"@context\":\"https:\/\/schema.org\",\"@graph\":[{\"@type\":\"Article\",\"@id\":\"https:\/\/indigenoustourism.ca\/fr\/latac-met-en-lumiere-le-tourisme-autochtone-au-sommet-gomedia-canada-2025\/#article\",\"isPartOf\":{\"@id\":\"https:\/\/indigenoustourism.ca\/fr\/latac-met-en-lumiere-le-tourisme-autochtone-au-sommet-gomedia-canada-2025\/\"},\"author\":{\"name\":\"Sheldon McRae\",\"@id\":\"https:\/\/indigenoustourism.ca\/#\/schema\/person\/11a6f3db06bc69c1bbdfc3829fa544bd\"},\"headline\":\"L\u2019ATAC met en lumi\u00e8re le tourisme autochtone au Sommet GoMedia Canada 2025\",\"datePublished\":\"2025-10-03T22:23:55+00:00\",\"mainEntityOfPage\":{\"@id\":\"https:\/\/indigenoustourism.ca\/fr\/latac-met-en-lumiere-le-tourisme-autochtone-au-sommet-gomedia-canada-2025\/\"},\"wordCount\":1046,\"publisher\":{\"@id\":\"https:\/\/indigenoustourism.ca\/#organization\"},\"image\":{\"@id\":\"https:\/\/indigenoustourism.ca\/fr\/latac-met-en-lumiere-le-tourisme-autochtone-au-sommet-gomedia-canada-2025\/#primaryimage\"},\"thumbnailUrl\":\"https:\/\/indigenoustourism.ca\/wp-content\/uploads\/2025\/10\/Go-Media-Canada-Summit-2025-Website-1336x1024-1.jpg\",\"inLanguage\":\"fr-FR\"},{\"@type\":\"WebPage\",\"@id\":\"https:\/\/indigenoustourism.ca\/fr\/latac-met-en-lumiere-le-tourisme-autochtone-au-sommet-gomedia-canada-2025\/\",\"url\":\"https:\/\/indigenoustourism.ca\/fr\/latac-met-en-lumiere-le-tourisme-autochtone-au-sommet-gomedia-canada-2025\/\",\"name\":\"L\u2019ATAC met en lumi\u00e8re le tourisme autochtone au Sommet GoMedia Canada 2025 - Nouvelles de l'industrie touristique autochtone\",\"isPartOf\":{\"@id\":\"https:\/\/indigenoustourism.ca\/#website\"},\"primaryImageOfPage\":{\"@id\":\"https:\/\/indigenoustourism.ca\/fr\/latac-met-en-lumiere-le-tourisme-autochtone-au-sommet-gomedia-canada-2025\/#primaryimage\"},\"image\":{\"@id\":\"https:\/\/indigenoustourism.ca\/fr\/latac-met-en-lumiere-le-tourisme-autochtone-au-sommet-gomedia-canada-2025\/#primaryimage\"},\"thumbnailUrl\":\"https:\/\/indigenoustourism.ca\/wp-content\/uploads\/2025\/10\/Go-Media-Canada-Summit-2025-Website-1336x1024-1.jpg\",\"datePublished\":\"2025-10-03T22:23:55+00:00\",\"description\":\"Territoires des trait\u00e9s no 6 et 8 et la r\u00e9gion 4 des M\u00e9tis (Jasper, AB) \u2013 L\u2019Association touristique autochtone du Canada (ATAC) a fi\u00e8rement particip\u00e9 au\",\"breadcrumb\":{\"@id\":\"https:\/\/indigenoustourism.ca\/fr\/latac-met-en-lumiere-le-tourisme-autochtone-au-sommet-gomedia-canada-2025\/#breadcrumb\"},\"inLanguage\":\"fr-FR\",\"potentialAction\":[{\"@type\":\"ReadAction\",\"target\":[\"https:\/\/indigenoustourism.ca\/fr\/latac-met-en-lumiere-le-tourisme-autochtone-au-sommet-gomedia-canada-2025\/\"]}]},{\"@type\":\"ImageObject\",\"inLanguage\":\"fr-FR\",\"@id\":\"https:\/\/indigenoustourism.ca\/fr\/latac-met-en-lumiere-le-tourisme-autochtone-au-sommet-gomedia-canada-2025\/#primaryimage\",\"url\":\"https:\/\/indigenoustourism.ca\/wp-content\/uploads\/2025\/10\/Go-Media-Canada-Summit-2025-Website-1336x1024-1.jpg\",\"contentUrl\":\"https:\/\/indigenoustourism.ca\/wp-content\/uploads\/2025\/10\/Go-Media-Canada-Summit-2025-Website-1336x1024-1.jpg\",\"width\":1336,\"height\":1024},{\"@type\":\"BreadcrumbList\",\"@id\":\"https:\/\/indigenoustourism.ca\/fr\/latac-met-en-lumiere-le-tourisme-autochtone-au-sommet-gomedia-canada-2025\/#breadcrumb\",\"itemListElement\":[{\"@type\":\"ListItem\",\"position\":1,\"name\":\"Home\",\"item\":\"https:\/\/indigenoustourism.ca\/fr\/home\/\"},{\"@type\":\"ListItem\",\"position\":2,\"name\":\"L\u2019ATAC met en lumi\u00e8re le tourisme autochtone au Sommet GoMedia Canada 2025\"}]},{\"@type\":\"WebSite\",\"@id\":\"https:\/\/indigenoustourism.ca\/#website\",\"url\":\"https:\/\/indigenoustourism.ca\/\",\"name\":\"Association touristique autochtone du Canada\",\"description\":\"Corporate\",\"publisher\":{\"@id\":\"https:\/\/indigenoustourism.ca\/#organization\"},\"potentialAction\":[{\"@type\":\"SearchAction\",\"target\":{\"@type\":\"EntryPoint\",\"urlTemplate\":\"https:\/\/indigenoustourism.ca\/?s={search_term_string}\"},\"query-input\":{\"@type\":\"PropertyValueSpecification\",\"valueRequired\":true,\"valueName\":\"search_term_string\"}}],\"inLanguage\":\"fr-FR\"},{\"@type\":\"Organization\",\"@id\":\"https:\/\/indigenoustourism.ca\/#organization\",\"name\":\"Association touristique autochtone du Canada\",\"url\":\"https:\/\/indigenoustourism.ca\/\",\"logo\":{\"@type\":\"ImageObject\",\"inLanguage\":\"fr-FR\",\"@id\":\"https:\/\/indigenoustourism.ca\/#\/schema\/logo\/image\/\",\"url\":\"https:\/\/indigenoustourism.ca\/wp-content\/uploads\/2018\/02\/ITAC-logo-corporate-bilingual-standard@300x.png\",\"contentUrl\":\"https:\/\/indigenoustourism.ca\/wp-content\/uploads\/2018\/02\/ITAC-logo-corporate-bilingual-standard@300x.png\",\"width\":2408,\"height\":701,\"caption\":\"Association touristique autochtone du Canada\"},\"image\":{\"@id\":\"https:\/\/indigenoustourism.ca\/#\/schema\/logo\/image\/\"},\"sameAs\":[\"https:\/\/x.com\/itac_corporate\"]},{\"@type\":\"Person\",\"@id\":\"https:\/\/indigenoustourism.ca\/#\/schema\/person\/11a6f3db06bc69c1bbdfc3829fa544bd\",\"name\":\"Sheldon McRae\",\"image\":{\"@type\":\"ImageObject\",\"inLanguage\":\"fr-FR\",\"@id\":\"https:\/\/indigenoustourism.ca\/#\/schema\/person\/image\/\",\"url\":\"https:\/\/secure.gravatar.com\/avatar\/cbe11659ca22578c6b18c51624d27db9?s=96&d=mm&r=g\",\"contentUrl\":\"https:\/\/secure.gravatar.com\/avatar\/cbe11659ca22578c6b18c51624d27db9?s=96&d=mm&r=g\",\"caption\":\"Sheldon McRae\"}}]}<\/script>\n<!-- \/ Yoast SEO plugin. -->","yoast_head_json":{"title":"L\u2019ATAC met en lumi\u00e8re le tourisme autochtone au Sommet GoMedia Canada 2025 - Nouvelles de l'industrie touristique autochtone","description":"Territoires des trait\u00e9s no 6 et 8 et la r\u00e9gion 4 des M\u00e9tis (Jasper, AB) \u2013 L\u2019Association touristique autochtone du Canada (ATAC) a fi\u00e8rement particip\u00e9 au","robots":{"index":"index","follow":"follow","max-snippet":"max-snippet:-1","max-image-preview":"max-image-preview:large","max-video-preview":"max-video-preview:-1"},"canonical":"https:\/\/indigenoustourism.ca\/fr\/latac-met-en-lumiere-le-tourisme-autochtone-au-sommet-gomedia-canada-2025\/","og_locale":"fr_FR","og_type":"article","og_title":"L\u2019ATAC met en lumi\u00e8re le tourisme autochtone au Sommet GoMedia Canada 2025 - Nouvelles de l'industrie touristique autochtone","og_description":"Territoires des trait\u00e9s no 6 et 8 et la r\u00e9gion 4 des M\u00e9tis (Jasper, AB) \u2013 L\u2019Association touristique autochtone du Canada (ATAC) a fi\u00e8rement particip\u00e9 au","og_url":"https:\/\/indigenoustourism.ca\/fr\/latac-met-en-lumiere-le-tourisme-autochtone-au-sommet-gomedia-canada-2025\/","og_site_name":"Association touristique autochtone du Canada","article_published_time":"2025-10-03T22:23:55+00:00","og_image":[{"width":1336,"height":1024,"url":"https:\/\/indigenoustourism.ca\/wp-content\/uploads\/2025\/10\/Go-Media-Canada-Summit-2025-Website-1336x1024-1.jpg","type":"image\/jpeg"}],"author":"Sheldon McRae","twitter_card":"summary_large_image","twitter_creator":"@itac_corporate","twitter_site":"@itac_corporate","twitter_misc":{"\u00c9crit par":"Sheldon McRae","Dur\u00e9e de lecture estim\u00e9e":"5 minutes"},"schema":{"@context":"https:\/\/schema.org","@graph":[{"@type":"Article","@id":"https:\/\/indigenoustourism.ca\/fr\/latac-met-en-lumiere-le-tourisme-autochtone-au-sommet-gomedia-canada-2025\/#article","isPartOf":{"@id":"https:\/\/indigenoustourism.ca\/fr\/latac-met-en-lumiere-le-tourisme-autochtone-au-sommet-gomedia-canada-2025\/"},"author":{"name":"Sheldon McRae","@id":"https:\/\/indigenoustourism.ca\/#\/schema\/person\/11a6f3db06bc69c1bbdfc3829fa544bd"},"headline":"L\u2019ATAC met en lumi\u00e8re le tourisme autochtone au Sommet GoMedia Canada 2025","datePublished":"2025-10-03T22:23:55+00:00","mainEntityOfPage":{"@id":"https:\/\/indigenoustourism.ca\/fr\/latac-met-en-lumiere-le-tourisme-autochtone-au-sommet-gomedia-canada-2025\/"},"wordCount":1046,"publisher":{"@id":"https:\/\/indigenoustourism.ca\/#organization"},"image":{"@id":"https:\/\/indigenoustourism.ca\/fr\/latac-met-en-lumiere-le-tourisme-autochtone-au-sommet-gomedia-canada-2025\/#primaryimage"},"thumbnailUrl":"https:\/\/indigenoustourism.ca\/wp-content\/uploads\/2025\/10\/Go-Media-Canada-Summit-2025-Website-1336x1024-1.jpg","inLanguage":"fr-FR"},{"@type":"WebPage","@id":"https:\/\/indigenoustourism.ca\/fr\/latac-met-en-lumiere-le-tourisme-autochtone-au-sommet-gomedia-canada-2025\/","url":"https:\/\/indigenoustourism.ca\/fr\/latac-met-en-lumiere-le-tourisme-autochtone-au-sommet-gomedia-canada-2025\/","name":"L\u2019ATAC met en lumi\u00e8re le tourisme autochtone au Sommet GoMedia Canada 2025 - Nouvelles de l'industrie touristique autochtone","isPartOf":{"@id":"https:\/\/indigenoustourism.ca\/#website"},"primaryImageOfPage":{"@id":"https:\/\/indigenoustourism.ca\/fr\/latac-met-en-lumiere-le-tourisme-autochtone-au-sommet-gomedia-canada-2025\/#primaryimage"},"image":{"@id":"https:\/\/indigenoustourism.ca\/fr\/latac-met-en-lumiere-le-tourisme-autochtone-au-sommet-gomedia-canada-2025\/#primaryimage"},"thumbnailUrl":"https:\/\/indigenoustourism.ca\/wp-content\/uploads\/2025\/10\/Go-Media-Canada-Summit-2025-Website-1336x1024-1.jpg","datePublished":"2025-10-03T22:23:55+00:00","description":"Territoires des trait\u00e9s no 6 et 8 et la r\u00e9gion 4 des M\u00e9tis (Jasper, AB) \u2013 L\u2019Association touristique autochtone du Canada (ATAC) a fi\u00e8rement particip\u00e9 au","breadcrumb":{"@id":"https:\/\/indigenoustourism.ca\/fr\/latac-met-en-lumiere-le-tourisme-autochtone-au-sommet-gomedia-canada-2025\/#breadcrumb"},"inLanguage":"fr-FR","potentialAction":[{"@type":"ReadAction","target":["https:\/\/indigenoustourism.ca\/fr\/latac-met-en-lumiere-le-tourisme-autochtone-au-sommet-gomedia-canada-2025\/"]}]},{"@type":"ImageObject","inLanguage":"fr-FR","@id":"https:\/\/indigenoustourism.ca\/fr\/latac-met-en-lumiere-le-tourisme-autochtone-au-sommet-gomedia-canada-2025\/#primaryimage","url":"https:\/\/indigenoustourism.ca\/wp-content\/uploads\/2025\/10\/Go-Media-Canada-Summit-2025-Website-1336x1024-1.jpg","contentUrl":"https:\/\/indigenoustourism.ca\/wp-content\/uploads\/2025\/10\/Go-Media-Canada-Summit-2025-Website-1336x1024-1.jpg","width":1336,"height":1024},{"@type":"BreadcrumbList","@id":"https:\/\/indigenoustourism.ca\/fr\/latac-met-en-lumiere-le-tourisme-autochtone-au-sommet-gomedia-canada-2025\/#breadcrumb","itemListElement":[{"@type":"ListItem","position":1,"name":"Home","item":"https:\/\/indigenoustourism.ca\/fr\/home\/"},{"@type":"ListItem","position":2,"name":"L\u2019ATAC met en lumi\u00e8re le tourisme autochtone au Sommet GoMedia Canada 2025"}]},{"@type":"WebSite","@id":"https:\/\/indigenoustourism.ca\/#website","url":"https:\/\/indigenoustourism.ca\/","name":"Association touristique autochtone du Canada","description":"Corporate","publisher":{"@id":"https:\/\/indigenoustourism.ca\/#organization"},"potentialAction":[{"@type":"SearchAction","target":{"@type":"EntryPoint","urlTemplate":"https:\/\/indigenoustourism.ca\/?s={search_term_string}"},"query-input":{"@type":"PropertyValueSpecification","valueRequired":true,"valueName":"search_term_string"}}],"inLanguage":"fr-FR"},{"@type":"Organization","@id":"https:\/\/indigenoustourism.ca\/#organization","name":"Association touristique autochtone du Canada","url":"https:\/\/indigenoustourism.ca\/","logo":{"@type":"ImageObject","inLanguage":"fr-FR","@id":"https:\/\/indigenoustourism.ca\/#\/schema\/logo\/image\/","url":"https:\/\/indigenoustourism.ca\/wp-content\/uploads\/2018\/02\/ITAC-logo-corporate-bilingual-standard@300x.png","contentUrl":"https:\/\/indigenoustourism.ca\/wp-content\/uploads\/2018\/02\/ITAC-logo-corporate-bilingual-standard@300x.png","width":2408,"height":701,"caption":"Association touristique autochtone du Canada"},"image":{"@id":"https:\/\/indigenoustourism.ca\/#\/schema\/logo\/image\/"},"sameAs":["https:\/\/x.com\/itac_corporate"]},{"@type":"Person","@id":"https:\/\/indigenoustourism.ca\/#\/schema\/person\/11a6f3db06bc69c1bbdfc3829fa544bd","name":"Sheldon McRae","image":{"@type":"ImageObject","inLanguage":"fr-FR","@id":"https:\/\/indigenoustourism.ca\/#\/schema\/person\/image\/","url":"https:\/\/secure.gravatar.com\/avatar\/cbe11659ca22578c6b18c51624d27db9?s=96&d=mm&r=g","contentUrl":"https:\/\/secure.gravatar.com\/avatar\/cbe11659ca22578c6b18c51624d27db9?s=96&d=mm&r=g","caption":"Sheldon McRae"}}]}},"_links":{"self":[{"href":"https:\/\/indigenoustourism.ca\/fr\/wp-json\/wp\/v2\/posts\/38960","targetHints":{"allow":["GET"]}}],"collection":[{"href":"https:\/\/indigenoustourism.ca\/fr\/wp-json\/wp\/v2\/posts"}],"about":[{"href":"https:\/\/indigenoustourism.ca\/fr\/wp-json\/wp\/v2\/types\/post"}],"author":[{"embeddable":true,"href":"https:\/\/indigenoustourism.ca\/fr\/wp-json\/wp\/v2\/users\/18"}],"replies":[{"embeddable":true,"href":"https:\/\/indigenoustourism.ca\/fr\/wp-json\/wp\/v2\/comments?post=38960"}],"version-history":[{"count":0,"href":"https:\/\/indigenoustourism.ca\/fr\/wp-json\/wp\/v2\/posts\/38960\/revisions"}],"wp:featuredmedia":[{"embeddable":true,"href":"https:\/\/indigenoustourism.ca\/fr\/wp-json\/wp\/v2\/media\/38948"}],"wp:attachment":[{"href":"https:\/\/indigenoustourism.ca\/fr\/wp-json\/wp\/v2\/media?parent=38960"}],"wp:term":[{"taxonomy":"post_tag","embeddable":true,"href":"https:\/\/indigenoustourism.ca\/fr\/wp-json\/wp\/v2\/tags?post=38960"}],"curies":[{"name":"wp","href":"https:\/\/api.w.org\/{rel}","templated":true}]}}