{"id":38895,"date":"2025-09-16T06:27:34","date_gmt":"2025-09-16T13:27:34","guid":{"rendered":"https:\/\/indigenoustourism.ca\/?p=38895"},"modified":"2025-09-16T06:27:34","modified_gmt":"2025-09-16T13:27:34","slug":"latac-met-en-lumiere-le-tourisme-autochtone-a-focus-canada-2025-en-australie","status":"publish","type":"post","link":"https:\/\/indigenoustourism.ca\/fr\/latac-met-en-lumiere-le-tourisme-autochtone-a-focus-canada-2025-en-australie\/","title":{"rendered":"L\u2019ATAC met en lumi\u00e8re le tourisme autochtone \u00e0 Focus Canada 2025 en Australie"},"content":{"rendered":"<p><i><span style=\"font-weight: 400;\">\u2014Premi\u00e8re mission commerciale de l\u2019ATAC en Australie\u2014<\/span><\/i><\/p>\n<p><b>X\u02b7m\u0259\u03b8k\u02b7\u0259y\u0313\u0259m (Musqueam), S\u1e35wx\u0331w\u00fa7mesh (Squamish) et s\u0259lilw\u0259ta\u026c (Tsleil-Waututh), Vancouver, C.-B.\u00a0<\/b>\u2013\u00a0<a href=\"https:\/\/indigenoustourism.ca\/fr\"><span style=\"font-weight: 400;\">L\u2019Association touristique autochtone du Canada<\/span><\/a><span style=\"font-weight: 400;\"> \u00e9tait repr\u00e9sent\u00e9e par M. Markus Kruse, gestionnaire des ventes et du r\u00e9seau de distribution, au salon Focus Canada Australie, tenu du 3 au 5 septembre 2025 par <\/span><a href=\"https:\/\/www.destinationcanada.com\/fr-ca\"><span style=\"font-weight: 400;\">Destination Canada<\/span><\/a><span style=\"font-weight: 400;\">. Cette mission commerciale exploratoire a permis d\u2019\u00e9tablir une pr\u00e9sence sur le march\u00e9 australien et de nouer des liens avec le r\u00e9seau de distribution et les m\u00e9dias locaux.<\/span><\/p>\n<p><span style=\"font-weight: 400;\">Le programme proposait diverses occasions d\u2019\u00e9changes, notamment :<\/span><\/p>\n<ul>\n<li style=\"font-weight: 400;\" aria-level=\"1\"><span style=\"font-weight: 400;\">Un petit-d\u00e9jeuner de formation pour les voyagistes, avec des s\u00e9ances en petits groupes en rotation;<\/span><\/li>\n<li style=\"font-weight: 400;\" aria-level=\"1\"><span style=\"font-weight: 400;\">Un \u00e9v\u00e9nement destin\u00e9 aux agents, r\u00e9unissant plus de 200 conseillers en voyages dans un format alliant exposition et pr\u00e9sentations;<\/span><\/li>\n<li style=\"font-weight: 400;\" aria-level=\"1\"><span style=\"font-weight: 400;\">Une s\u00e9ance B2B d&rsquo;une journ\u00e9e enti\u00e8re avec des grossistes et des voyagistes;<\/span><\/li>\n<li style=\"font-weight: 400;\" aria-level=\"1\"><span style=\"font-weight: 400;\">Deux panels de discussion \u2014 l\u2019un avec le r\u00e9seau de distribution, l\u2019autre avec les m\u00e9dias.<\/span><\/li>\n<\/ul>\n<p><span style=\"font-weight: 400;\">Chacune de ces s\u00e9ances a offert \u00e0 l&rsquo;ATAC la possibilit\u00e9 de mettre en valeur les exp\u00e9riences touristiques autochtones et de tisser de nouveaux liens sur le march\u00e9 australien.<\/span><span style=\"font-weight: 400;\">\u00a0<\/span><\/p>\n<p><span style=\"font-weight: 400;\">Par ailleurs, l\u2019ATAC a particip\u00e9 \u00e0 un repas du midi et \u00e0 une s\u00e9ance d\u2019information avec les m\u00e9dias, en compagnie de 50 r\u00e9dacteurs, journalistes et producteurs sp\u00e9cialis\u00e9s dans les voyages et le mode de vie. Cet \u00e9v\u00e9nement a offert une plateforme id\u00e9ale pour promouvoir <\/span><a href=\"https:\/\/theoriginaloriginal.ca\/fr\/\"><span style=\"font-weight: 400;\">la marque d\u2019excellence l\u2019Original Original de l\u2019ATAC<\/span><\/a><span style=\"font-weight: 400;\">, tout en mettant en avant les exp\u00e9riences offertes par les membres, qui incitent les voyageurs australiens \u00e0 explorer le tourisme autochtone au Canada.<\/span><\/p>\n<p><span style=\"font-weight: 400;\">Gr\u00e2ce \u00e0 cette participation, l&rsquo;ATAC poursuit ses efforts visant \u00e0 mieux faire conna\u00eetre les exp\u00e9riences touristiques autochtones authentiques et \u00e0 stimuler la demande \u00e0 l&rsquo;\u00e9chelle internationale, tout en \u00e9tablissant des partenariats durables favorisant la croissance de notre secteur.<\/span><\/p>\n<p><span style=\"font-weight: 400;\">La pr\u00e9sence de l\u2019ATAC \u00e0 Focus Canada Australie a permis de mettre en lumi\u00e8re le tourisme autochtone et ses retomb\u00e9es positives dans le cadre d\u2019un \u00e9v\u00e9nement commercial international, tout en rehaussant la visibilit\u00e9 du secteur sur le march\u00e9 australien.<\/span><\/p>\n","protected":false},"excerpt":{"rendered":"<p>\u2014Premi\u00e8re mission commerciale de l\u2019ATAC en Australie\u2014 X\u02b7m\u0259\u03b8k\u02b7\u0259y\u0313\u0259m (Musqueam), S\u1e35wx\u0331w\u00fa7mesh (Squamish) et s\u0259lilw\u0259ta\u026c (Tsleil-Waututh), Vancouver, C.-B.\u00a0\u2013\u00a0L\u2019Association touristique autochtone du Canada \u00e9tait repr\u00e9sent\u00e9e par M. Markus Kruse, gestionnaire des ventes et du r\u00e9seau de distribution, au salon Focus Canada Australie, tenu du 3 au 5 septembre 2025 par Destination Canada. Cette mission commerciale exploratoire a permis [&hellip;]<\/p>\n","protected":false},"author":18,"featured_media":38891,"comment_status":"closed","ping_status":"closed","sticky":false,"template":"","format":"standard","meta":{"_acf_changed":false,"footnotes":""},"tags":[],"class_list":["post-38895","post","type-post","status-publish","format-standard","has-post-thumbnail","hentry","news-type-mises-a-jour-de-latac","news-type-nouvelles-de-lindustrie"],"acf":[],"yoast_head":"<!-- This site is optimized with the Yoast SEO plugin v24.6 - https:\/\/yoast.com\/wordpress\/plugins\/seo\/ -->\n<title>L\u2019ATAC met en lumi\u00e8re le tourisme autochtone \u00e0 Focus Canada 2025 en Australie - Nouvelles de l&#039;industrie touristique autochtone<\/title>\n<meta name=\"description\" content=\"\u2014Premi\u00e8re mission commerciale de l\u2019ATAC en Australie\u2014 X\u02b7m\u0259\u03b8k\u02b7\u0259y\u0313\u0259m (Musqueam), S\u1e35wx\u0331w\u00fa7mesh (Squamish) et s\u0259lilw\u0259ta\u026c (Tsleil-Waututh), Vancouver,\" \/>\n<meta name=\"robots\" content=\"index, follow, max-snippet:-1, max-image-preview:large, max-video-preview:-1\" \/>\n<link rel=\"canonical\" href=\"https:\/\/indigenoustourism.ca\/fr\/latac-met-en-lumiere-le-tourisme-autochtone-a-focus-canada-2025-en-australie\/\" \/>\n<meta property=\"og:locale\" content=\"fr_FR\" \/>\n<meta property=\"og:type\" content=\"article\" \/>\n<meta property=\"og:title\" content=\"L\u2019ATAC met en lumi\u00e8re le tourisme autochtone \u00e0 Focus Canada 2025 en Australie - Nouvelles de l&#039;industrie touristique autochtone\" \/>\n<meta property=\"og:description\" content=\"\u2014Premi\u00e8re mission commerciale de l\u2019ATAC en Australie\u2014 X\u02b7m\u0259\u03b8k\u02b7\u0259y\u0313\u0259m (Musqueam), S\u1e35wx\u0331w\u00fa7mesh (Squamish) et s\u0259lilw\u0259ta\u026c (Tsleil-Waututh), Vancouver,\" \/>\n<meta property=\"og:url\" content=\"https:\/\/indigenoustourism.ca\/fr\/latac-met-en-lumiere-le-tourisme-autochtone-a-focus-canada-2025-en-australie\/\" \/>\n<meta property=\"og:site_name\" content=\"Association touristique autochtone du Canada\" \/>\n<meta property=\"article:published_time\" content=\"2025-09-16T13:27:34+00:00\" \/>\n<meta property=\"og:image\" content=\"https:\/\/indigenoustourism.ca\/wp-content\/uploads\/2025\/09\/Focus-Australia-2025-Canada-.jpg\" \/>\n\t<meta property=\"og:image:width\" content=\"1336\" \/>\n\t<meta property=\"og:image:height\" content=\"1024\" \/>\n\t<meta property=\"og:image:type\" content=\"image\/jpeg\" \/>\n<meta name=\"author\" content=\"Sheldon McRae\" \/>\n<meta name=\"twitter:card\" content=\"summary_large_image\" \/>\n<meta name=\"twitter:creator\" content=\"@itac_corporate\" \/>\n<meta name=\"twitter:site\" content=\"@itac_corporate\" \/>\n<meta name=\"twitter:label1\" content=\"\u00c9crit par\" \/>\n\t<meta name=\"twitter:data1\" content=\"Sheldon McRae\" \/>\n\t<meta name=\"twitter:label2\" content=\"Dur\u00e9e de lecture estim\u00e9e\" \/>\n\t<meta name=\"twitter:data2\" content=\"2 minutes\" \/>\n<script type=\"application\/ld+json\" class=\"yoast-schema-graph\">{\"@context\":\"https:\/\/schema.org\",\"@graph\":[{\"@type\":\"Article\",\"@id\":\"https:\/\/indigenoustourism.ca\/fr\/latac-met-en-lumiere-le-tourisme-autochtone-a-focus-canada-2025-en-australie\/#article\",\"isPartOf\":{\"@id\":\"https:\/\/indigenoustourism.ca\/fr\/latac-met-en-lumiere-le-tourisme-autochtone-a-focus-canada-2025-en-australie\/\"},\"author\":{\"name\":\"Sheldon McRae\",\"@id\":\"https:\/\/indigenoustourism.ca\/#\/schema\/person\/11a6f3db06bc69c1bbdfc3829fa544bd\"},\"headline\":\"L\u2019ATAC met en lumi\u00e8re le tourisme autochtone \u00e0 Focus Canada 2025 en Australie\",\"datePublished\":\"2025-09-16T13:27:34+00:00\",\"mainEntityOfPage\":{\"@id\":\"https:\/\/indigenoustourism.ca\/fr\/latac-met-en-lumiere-le-tourisme-autochtone-a-focus-canada-2025-en-australie\/\"},\"wordCount\":384,\"publisher\":{\"@id\":\"https:\/\/indigenoustourism.ca\/#organization\"},\"image\":{\"@id\":\"https:\/\/indigenoustourism.ca\/fr\/latac-met-en-lumiere-le-tourisme-autochtone-a-focus-canada-2025-en-australie\/#primaryimage\"},\"thumbnailUrl\":\"https:\/\/indigenoustourism.ca\/wp-content\/uploads\/2025\/09\/Focus-Australia-2025-Canada-.jpg\",\"inLanguage\":\"fr-FR\"},{\"@type\":\"WebPage\",\"@id\":\"https:\/\/indigenoustourism.ca\/fr\/latac-met-en-lumiere-le-tourisme-autochtone-a-focus-canada-2025-en-australie\/\",\"url\":\"https:\/\/indigenoustourism.ca\/fr\/latac-met-en-lumiere-le-tourisme-autochtone-a-focus-canada-2025-en-australie\/\",\"name\":\"L\u2019ATAC met en lumi\u00e8re le tourisme autochtone \u00e0 Focus Canada 2025 en Australie - Nouvelles de l'industrie touristique autochtone\",\"isPartOf\":{\"@id\":\"https:\/\/indigenoustourism.ca\/#website\"},\"primaryImageOfPage\":{\"@id\":\"https:\/\/indigenoustourism.ca\/fr\/latac-met-en-lumiere-le-tourisme-autochtone-a-focus-canada-2025-en-australie\/#primaryimage\"},\"image\":{\"@id\":\"https:\/\/indigenoustourism.ca\/fr\/latac-met-en-lumiere-le-tourisme-autochtone-a-focus-canada-2025-en-australie\/#primaryimage\"},\"thumbnailUrl\":\"https:\/\/indigenoustourism.ca\/wp-content\/uploads\/2025\/09\/Focus-Australia-2025-Canada-.jpg\",\"datePublished\":\"2025-09-16T13:27:34+00:00\",\"description\":\"\u2014Premi\u00e8re mission commerciale de l\u2019ATAC en Australie\u2014 X\u02b7m\u0259\u03b8k\u02b7\u0259y\u0313\u0259m (Musqueam), S\u1e35wx\u0331w\u00fa7mesh (Squamish) et s\u0259lilw\u0259ta\u026c (Tsleil-Waututh), Vancouver,\",\"breadcrumb\":{\"@id\":\"https:\/\/indigenoustourism.ca\/fr\/latac-met-en-lumiere-le-tourisme-autochtone-a-focus-canada-2025-en-australie\/#breadcrumb\"},\"inLanguage\":\"fr-FR\",\"potentialAction\":[{\"@type\":\"ReadAction\",\"target\":[\"https:\/\/indigenoustourism.ca\/fr\/latac-met-en-lumiere-le-tourisme-autochtone-a-focus-canada-2025-en-australie\/\"]}]},{\"@type\":\"ImageObject\",\"inLanguage\":\"fr-FR\",\"@id\":\"https:\/\/indigenoustourism.ca\/fr\/latac-met-en-lumiere-le-tourisme-autochtone-a-focus-canada-2025-en-australie\/#primaryimage\",\"url\":\"https:\/\/indigenoustourism.ca\/wp-content\/uploads\/2025\/09\/Focus-Australia-2025-Canada-.jpg\",\"contentUrl\":\"https:\/\/indigenoustourism.ca\/wp-content\/uploads\/2025\/09\/Focus-Australia-2025-Canada-.jpg\",\"width\":1336,\"height\":1024},{\"@type\":\"BreadcrumbList\",\"@id\":\"https:\/\/indigenoustourism.ca\/fr\/latac-met-en-lumiere-le-tourisme-autochtone-a-focus-canada-2025-en-australie\/#breadcrumb\",\"itemListElement\":[{\"@type\":\"ListItem\",\"position\":1,\"name\":\"Home\",\"item\":\"https:\/\/indigenoustourism.ca\/fr\/home\/\"},{\"@type\":\"ListItem\",\"position\":2,\"name\":\"L\u2019ATAC met en lumi\u00e8re le tourisme autochtone \u00e0 Focus Canada 2025 en Australie\"}]},{\"@type\":\"WebSite\",\"@id\":\"https:\/\/indigenoustourism.ca\/#website\",\"url\":\"https:\/\/indigenoustourism.ca\/\",\"name\":\"Association touristique autochtone du Canada\",\"description\":\"Corporate\",\"publisher\":{\"@id\":\"https:\/\/indigenoustourism.ca\/#organization\"},\"potentialAction\":[{\"@type\":\"SearchAction\",\"target\":{\"@type\":\"EntryPoint\",\"urlTemplate\":\"https:\/\/indigenoustourism.ca\/?s={search_term_string}\"},\"query-input\":{\"@type\":\"PropertyValueSpecification\",\"valueRequired\":true,\"valueName\":\"search_term_string\"}}],\"inLanguage\":\"fr-FR\"},{\"@type\":\"Organization\",\"@id\":\"https:\/\/indigenoustourism.ca\/#organization\",\"name\":\"Association touristique autochtone du Canada\",\"url\":\"https:\/\/indigenoustourism.ca\/\",\"logo\":{\"@type\":\"ImageObject\",\"inLanguage\":\"fr-FR\",\"@id\":\"https:\/\/indigenoustourism.ca\/#\/schema\/logo\/image\/\",\"url\":\"https:\/\/indigenoustourism.ca\/wp-content\/uploads\/2018\/02\/ITAC-logo-corporate-bilingual-standard@300x.png\",\"contentUrl\":\"https:\/\/indigenoustourism.ca\/wp-content\/uploads\/2018\/02\/ITAC-logo-corporate-bilingual-standard@300x.png\",\"width\":2408,\"height\":701,\"caption\":\"Association touristique autochtone du Canada\"},\"image\":{\"@id\":\"https:\/\/indigenoustourism.ca\/#\/schema\/logo\/image\/\"},\"sameAs\":[\"https:\/\/x.com\/itac_corporate\"]},{\"@type\":\"Person\",\"@id\":\"https:\/\/indigenoustourism.ca\/#\/schema\/person\/11a6f3db06bc69c1bbdfc3829fa544bd\",\"name\":\"Sheldon McRae\",\"image\":{\"@type\":\"ImageObject\",\"inLanguage\":\"fr-FR\",\"@id\":\"https:\/\/indigenoustourism.ca\/#\/schema\/person\/image\/\",\"url\":\"https:\/\/secure.gravatar.com\/avatar\/cbe11659ca22578c6b18c51624d27db9?s=96&d=mm&r=g\",\"contentUrl\":\"https:\/\/secure.gravatar.com\/avatar\/cbe11659ca22578c6b18c51624d27db9?s=96&d=mm&r=g\",\"caption\":\"Sheldon McRae\"}}]}<\/script>\n<!-- \/ Yoast SEO plugin. -->","yoast_head_json":{"title":"L\u2019ATAC met en lumi\u00e8re le tourisme autochtone \u00e0 Focus Canada 2025 en Australie - Nouvelles de l'industrie touristique autochtone","description":"\u2014Premi\u00e8re mission commerciale de l\u2019ATAC en Australie\u2014 X\u02b7m\u0259\u03b8k\u02b7\u0259y\u0313\u0259m (Musqueam), S\u1e35wx\u0331w\u00fa7mesh (Squamish) et s\u0259lilw\u0259ta\u026c (Tsleil-Waututh), Vancouver,","robots":{"index":"index","follow":"follow","max-snippet":"max-snippet:-1","max-image-preview":"max-image-preview:large","max-video-preview":"max-video-preview:-1"},"canonical":"https:\/\/indigenoustourism.ca\/fr\/latac-met-en-lumiere-le-tourisme-autochtone-a-focus-canada-2025-en-australie\/","og_locale":"fr_FR","og_type":"article","og_title":"L\u2019ATAC met en lumi\u00e8re le tourisme autochtone \u00e0 Focus Canada 2025 en Australie - Nouvelles de l'industrie touristique autochtone","og_description":"\u2014Premi\u00e8re mission commerciale de l\u2019ATAC en Australie\u2014 X\u02b7m\u0259\u03b8k\u02b7\u0259y\u0313\u0259m (Musqueam), S\u1e35wx\u0331w\u00fa7mesh (Squamish) et s\u0259lilw\u0259ta\u026c (Tsleil-Waututh), Vancouver,","og_url":"https:\/\/indigenoustourism.ca\/fr\/latac-met-en-lumiere-le-tourisme-autochtone-a-focus-canada-2025-en-australie\/","og_site_name":"Association touristique autochtone du Canada","article_published_time":"2025-09-16T13:27:34+00:00","og_image":[{"width":1336,"height":1024,"url":"https:\/\/indigenoustourism.ca\/wp-content\/uploads\/2025\/09\/Focus-Australia-2025-Canada-.jpg","type":"image\/jpeg"}],"author":"Sheldon McRae","twitter_card":"summary_large_image","twitter_creator":"@itac_corporate","twitter_site":"@itac_corporate","twitter_misc":{"\u00c9crit par":"Sheldon McRae","Dur\u00e9e de lecture estim\u00e9e":"2 minutes"},"schema":{"@context":"https:\/\/schema.org","@graph":[{"@type":"Article","@id":"https:\/\/indigenoustourism.ca\/fr\/latac-met-en-lumiere-le-tourisme-autochtone-a-focus-canada-2025-en-australie\/#article","isPartOf":{"@id":"https:\/\/indigenoustourism.ca\/fr\/latac-met-en-lumiere-le-tourisme-autochtone-a-focus-canada-2025-en-australie\/"},"author":{"name":"Sheldon McRae","@id":"https:\/\/indigenoustourism.ca\/#\/schema\/person\/11a6f3db06bc69c1bbdfc3829fa544bd"},"headline":"L\u2019ATAC met en lumi\u00e8re le tourisme autochtone \u00e0 Focus Canada 2025 en Australie","datePublished":"2025-09-16T13:27:34+00:00","mainEntityOfPage":{"@id":"https:\/\/indigenoustourism.ca\/fr\/latac-met-en-lumiere-le-tourisme-autochtone-a-focus-canada-2025-en-australie\/"},"wordCount":384,"publisher":{"@id":"https:\/\/indigenoustourism.ca\/#organization"},"image":{"@id":"https:\/\/indigenoustourism.ca\/fr\/latac-met-en-lumiere-le-tourisme-autochtone-a-focus-canada-2025-en-australie\/#primaryimage"},"thumbnailUrl":"https:\/\/indigenoustourism.ca\/wp-content\/uploads\/2025\/09\/Focus-Australia-2025-Canada-.jpg","inLanguage":"fr-FR"},{"@type":"WebPage","@id":"https:\/\/indigenoustourism.ca\/fr\/latac-met-en-lumiere-le-tourisme-autochtone-a-focus-canada-2025-en-australie\/","url":"https:\/\/indigenoustourism.ca\/fr\/latac-met-en-lumiere-le-tourisme-autochtone-a-focus-canada-2025-en-australie\/","name":"L\u2019ATAC met en lumi\u00e8re le tourisme autochtone \u00e0 Focus Canada 2025 en Australie - Nouvelles de l'industrie touristique autochtone","isPartOf":{"@id":"https:\/\/indigenoustourism.ca\/#website"},"primaryImageOfPage":{"@id":"https:\/\/indigenoustourism.ca\/fr\/latac-met-en-lumiere-le-tourisme-autochtone-a-focus-canada-2025-en-australie\/#primaryimage"},"image":{"@id":"https:\/\/indigenoustourism.ca\/fr\/latac-met-en-lumiere-le-tourisme-autochtone-a-focus-canada-2025-en-australie\/#primaryimage"},"thumbnailUrl":"https:\/\/indigenoustourism.ca\/wp-content\/uploads\/2025\/09\/Focus-Australia-2025-Canada-.jpg","datePublished":"2025-09-16T13:27:34+00:00","description":"\u2014Premi\u00e8re mission commerciale de l\u2019ATAC en Australie\u2014 X\u02b7m\u0259\u03b8k\u02b7\u0259y\u0313\u0259m (Musqueam), S\u1e35wx\u0331w\u00fa7mesh (Squamish) et s\u0259lilw\u0259ta\u026c (Tsleil-Waututh), Vancouver,","breadcrumb":{"@id":"https:\/\/indigenoustourism.ca\/fr\/latac-met-en-lumiere-le-tourisme-autochtone-a-focus-canada-2025-en-australie\/#breadcrumb"},"inLanguage":"fr-FR","potentialAction":[{"@type":"ReadAction","target":["https:\/\/indigenoustourism.ca\/fr\/latac-met-en-lumiere-le-tourisme-autochtone-a-focus-canada-2025-en-australie\/"]}]},{"@type":"ImageObject","inLanguage":"fr-FR","@id":"https:\/\/indigenoustourism.ca\/fr\/latac-met-en-lumiere-le-tourisme-autochtone-a-focus-canada-2025-en-australie\/#primaryimage","url":"https:\/\/indigenoustourism.ca\/wp-content\/uploads\/2025\/09\/Focus-Australia-2025-Canada-.jpg","contentUrl":"https:\/\/indigenoustourism.ca\/wp-content\/uploads\/2025\/09\/Focus-Australia-2025-Canada-.jpg","width":1336,"height":1024},{"@type":"BreadcrumbList","@id":"https:\/\/indigenoustourism.ca\/fr\/latac-met-en-lumiere-le-tourisme-autochtone-a-focus-canada-2025-en-australie\/#breadcrumb","itemListElement":[{"@type":"ListItem","position":1,"name":"Home","item":"https:\/\/indigenoustourism.ca\/fr\/home\/"},{"@type":"ListItem","position":2,"name":"L\u2019ATAC met en lumi\u00e8re le tourisme autochtone \u00e0 Focus Canada 2025 en Australie"}]},{"@type":"WebSite","@id":"https:\/\/indigenoustourism.ca\/#website","url":"https:\/\/indigenoustourism.ca\/","name":"Association touristique autochtone du Canada","description":"Corporate","publisher":{"@id":"https:\/\/indigenoustourism.ca\/#organization"},"potentialAction":[{"@type":"SearchAction","target":{"@type":"EntryPoint","urlTemplate":"https:\/\/indigenoustourism.ca\/?s={search_term_string}"},"query-input":{"@type":"PropertyValueSpecification","valueRequired":true,"valueName":"search_term_string"}}],"inLanguage":"fr-FR"},{"@type":"Organization","@id":"https:\/\/indigenoustourism.ca\/#organization","name":"Association touristique autochtone du Canada","url":"https:\/\/indigenoustourism.ca\/","logo":{"@type":"ImageObject","inLanguage":"fr-FR","@id":"https:\/\/indigenoustourism.ca\/#\/schema\/logo\/image\/","url":"https:\/\/indigenoustourism.ca\/wp-content\/uploads\/2018\/02\/ITAC-logo-corporate-bilingual-standard@300x.png","contentUrl":"https:\/\/indigenoustourism.ca\/wp-content\/uploads\/2018\/02\/ITAC-logo-corporate-bilingual-standard@300x.png","width":2408,"height":701,"caption":"Association touristique autochtone du Canada"},"image":{"@id":"https:\/\/indigenoustourism.ca\/#\/schema\/logo\/image\/"},"sameAs":["https:\/\/x.com\/itac_corporate"]},{"@type":"Person","@id":"https:\/\/indigenoustourism.ca\/#\/schema\/person\/11a6f3db06bc69c1bbdfc3829fa544bd","name":"Sheldon McRae","image":{"@type":"ImageObject","inLanguage":"fr-FR","@id":"https:\/\/indigenoustourism.ca\/#\/schema\/person\/image\/","url":"https:\/\/secure.gravatar.com\/avatar\/cbe11659ca22578c6b18c51624d27db9?s=96&d=mm&r=g","contentUrl":"https:\/\/secure.gravatar.com\/avatar\/cbe11659ca22578c6b18c51624d27db9?s=96&d=mm&r=g","caption":"Sheldon McRae"}}]}},"_links":{"self":[{"href":"https:\/\/indigenoustourism.ca\/fr\/wp-json\/wp\/v2\/posts\/38895","targetHints":{"allow":["GET"]}}],"collection":[{"href":"https:\/\/indigenoustourism.ca\/fr\/wp-json\/wp\/v2\/posts"}],"about":[{"href":"https:\/\/indigenoustourism.ca\/fr\/wp-json\/wp\/v2\/types\/post"}],"author":[{"embeddable":true,"href":"https:\/\/indigenoustourism.ca\/fr\/wp-json\/wp\/v2\/users\/18"}],"replies":[{"embeddable":true,"href":"https:\/\/indigenoustourism.ca\/fr\/wp-json\/wp\/v2\/comments?post=38895"}],"version-history":[{"count":0,"href":"https:\/\/indigenoustourism.ca\/fr\/wp-json\/wp\/v2\/posts\/38895\/revisions"}],"wp:featuredmedia":[{"embeddable":true,"href":"https:\/\/indigenoustourism.ca\/fr\/wp-json\/wp\/v2\/media\/38891"}],"wp:attachment":[{"href":"https:\/\/indigenoustourism.ca\/fr\/wp-json\/wp\/v2\/media?parent=38895"}],"wp:term":[{"taxonomy":"post_tag","embeddable":true,"href":"https:\/\/indigenoustourism.ca\/fr\/wp-json\/wp\/v2\/tags?post=38895"}],"curies":[{"name":"wp","href":"https:\/\/api.w.org\/{rel}","templated":true}]}}