{"id":35519,"date":"2024-10-07T08:25:21","date_gmt":"2024-10-07T15:25:21","guid":{"rendered":"https:\/\/indigenoustourism.ca\/?p=35519"},"modified":"2024-10-08T10:36:29","modified_gmt":"2024-10-08T17:36:29","slug":"latac-a-tenu-sa-9e-assemblee-generale-annuelle-et-annonce-la-composition-de-son-conseil-dadministration","status":"publish","type":"post","link":"https:\/\/indigenoustourism.ca\/fr\/latac-a-tenu-sa-9e-assemblee-generale-annuelle-et-annonce-la-composition-de-son-conseil-dadministration\/","title":{"rendered":"L\u2019ATAC a tenu sa 9e assembl\u00e9e g\u00e9n\u00e9rale annuelle et annonce la composition de son conseil d\u2019administration"},"content":{"rendered":"<p><b>Charlottetown, Epekwitk (\u00ce.-P.-\u00c9.<\/b><span style=\"font-weight: 400;\">) \u2013 L\u2019<\/span><a href=\"https:\/\/indigenoustourism.ca\/fr\/\"><span style=\"font-weight: 400;\">Association touristique autochtone du Canada<\/span><\/a><span style=\"font-weight: 400;\"> (ATAC) est heureuse d\u2019annoncer l\u2019\u00e9lection de cinq membres \u00e0 son conseil d\u2019administration lors de sa 9e assembl\u00e9e g\u00e9n\u00e9rale annuelle (AGA) qui a eu lieu en pr\u00e9sentiel le lundi 7 octobre 2024. L&rsquo;enregistrement de l&rsquo;AGA sera disponible sur <a href=\"https:\/\/indigenoustourism.ca\/fr\/events\/9e-assemblee-generale-annuelle-de-latac\/\">le site Web de l\u2019ATAC<\/a> le mardi 8 octobre 2024.<\/span><\/p>\n<p><span style=\"font-weight: 400;\">L\u2019ATAC a tenu avec succ\u00e8s son AGA en pr\u00e9sentiel. \u00c0 l\u2019ordre du jour figuraient des discours de la pr\u00e9sidente et de la vice-pr\u00e9sidente du conseil d&rsquo;administration, ainsi que les faits saillants des activit\u00e9s de l\u2019ATAC.<\/span><\/p>\n<p><span style=\"font-weight: 400;\">\u00ab\u00a0L\u2019ATAC est l\u2019organisation touristique autochtone nationale du Canada. En avril 2024, nous comptions un nombre record de 1300 membres. L\u2019ATAC soutient pr\u00e8s de 1900 entreprises touristiques autochtones \u00e0 travers le pays\u00a0\u00bb, a d\u00e9clar\u00e9 M. Keith Henry, pr\u00e9sident-directeur g\u00e9n\u00e9ral de l\u2019ATAC. \u00ab\u00a0Nous poursuivons notre strat\u00e9gie en vue de r\u00e9aliser notre Vision 2030 de faire du Canada le leader mondial du tourisme autochtone. \u00bb<\/span><\/p>\n<p><span style=\"font-weight: 400;\">\u00ab C&rsquo;est un honneur de voir cette hausse impressionnante du nombre de membres de l\u2019ATAC durant mon mandat \u00bb, a d\u00e9clar\u00e9 M<\/span><span style=\"font-weight: 400;\">me<\/span><span style=\"font-weight: 400;\">\u00a0Marilyn Jensen, pr\u00e9sidente du conseil d\u2019administration de l\u2019ATAC (repr\u00e9sentante du Yukon). \u00ab\u00a0Je me r\u00e9jouis de la croissance de l\u2019ATAC au cours de l\u2019ann\u00e9e \u00e0 venir, alors que nous nous unissons pour d\u00e9montrer que le tourisme autochtone est la r\u00e9conciliation \u00e9conomique en action.\u00a0\u00bb<\/span><\/p>\n<h3><span style=\"font-weight: 400;\">R\u00e9sultats des \u00e9lections<\/span><\/h3>\n<p><span style=\"font-weight: 400;\">Avec l\u2019\u00e9lection de cinq membres au conseil d\u2019administration repr\u00e9sentant la Colombie-Britannique, le Nunavut, l\u2019Ontario, l&rsquo;\u00cele-du-Prince-\u00c9douard et le Qu\u00e9bec, l\u2019ATAC est heureuse d\u2019avoir de solides leaders m\u00e9tis, inuits et des Premi\u00e8res Nations et une majorit\u00e9 de femmes sur le conseil (62 %). Il s\u2019agit d\u2019un \u00e9l\u00e9ment crucial pour l\u2019association.<\/span><\/p>\n<h3><span style=\"font-weight: 400;\">Acclamations<\/span><\/h3>\n<ul>\n<li style=\"font-weight: 400;\" aria-level=\"1\"><span style=\"font-weight: 400;\">Repr\u00e9sentant de la Colombie-Britannique : M. Dean Werk de Great River Fishing Adventures (membre du conseil d\u2019administration de l\u2019ATAC);<\/span><\/li>\n<li style=\"font-weight: 400;\" aria-level=\"1\"><span style=\"font-weight: 400;\">Repr\u00e9sentante du Nunavut : M<\/span><span style=\"font-weight: 400;\">me<\/span><span style=\"font-weight: 400;\"> Sheila Flaherty de Sijjakkut (membre du conseil d\u2019administration de l\u2019ATAC);<\/span><\/li>\n<li style=\"font-weight: 400;\" aria-level=\"1\"><span style=\"font-weight: 400;\">Repr\u00e9sentant de l\u2019Ontario : M. Jason W. Johnston de Cape Croker Park (membre du conseil d\u2019administration de l\u2019ATAC);<\/span><\/li>\n<li style=\"font-weight: 400;\" aria-level=\"1\"><span style=\"font-weight: 400;\">Repr\u00e9sentante de l&rsquo;\u00cele-du-Prince-\u00c9douard\u00a0: M<\/span><span style=\"font-weight: 400;\">me<\/span><span style=\"font-weight: 400;\"> Jamie Thomas de l\u2019Indigenous Tourism Association of PEI \/ Lennox Island Development Corporation (membre du conseil d\u2019administration de l\u2019ATAC);<\/span><\/li>\n<li style=\"font-weight: 400;\" aria-level=\"1\"><span style=\"font-weight: 400;\">Repr\u00e9sentante du Qu\u00e9bec\u00a0: M<\/span><span style=\"font-weight: 400;\">me<\/span><span style=\"font-weight: 400;\"> Marie-Pierre Lain\u00e9, de Tourisme Autochtone Qu\u00e9bec (membre du conseil d\u2019administration de l\u2019ATAC).<\/span><\/li>\n<\/ul>\n<h3><span style=\"font-weight: 400;\">Le nouveau conseil d\u2019administration de l\u2019ATAC\u00a0:<\/span><\/h3>\n<p><span style=\"font-weight: 400;\">Administratrice\u00a0 \u2013 M<\/span><span style=\"font-weight: 400;\">me<\/span><span style=\"font-weight: 400;\"> Marilyn Jensen, Yukon<br \/>\n<\/span>Pr\u00e9sidente du conseil d\u2019administration de Yukon First Nations Culture &amp; Tourism<\/p>\n<p><span style=\"font-weight: 400;\">Administratrice\u00a0 \u2013 M<\/span><span style=\"font-weight: 400;\">me<\/span><span style=\"font-weight: 400;\"> Brenda Holder, Alberta<br \/>\n<\/span><span style=\"font-weight: 400;\">Mahikan Trails<\/span><\/p>\n<p><span style=\"font-weight: 400;\">Administrateur\u00a0 \u2013 M. Kelly Fiddler, Saskatchewan<br \/>\n<\/span><span style=\"font-weight: 400;\">Mosquito Economic Development Corp\u00a0<\/span><\/p>\n<p><span style=\"font-weight: 400;\">Administratrice \u2013 M<\/span><span style=\"font-weight: 400;\">me<\/span><span style=\"font-weight: 400;\"> Colleen Lambert, Terre-Neuve et Labrador<br \/>\n<\/span><span style=\"font-weight: 400;\">Miawpukek Tourism<\/span><\/p>\n<p><span style=\"font-weight: 400;\">Administratrice \u2013 M<\/span><span style=\"font-weight: 400;\">me <\/span><span style=\"font-weight: 400;\">Marlene Joudry, Nouvelle-\u00c9cosse<br \/>\n<\/span><span style=\"font-weight: 400;\">Animatrice de programme, ma\u00eetre artisane et animatrice culturelle\u00a0<\/span><\/p>\n<p><span style=\"font-weight: 400;\">Administrateur \u2013 M. Dave Daley, Manitoba<br \/>\n<\/span><span style=\"font-weight: 400;\">Wapusk Adventures<\/span><\/p>\n<p><span style=\"font-weight: 400;\">Administrateur \u2013 M. Dave Smith, Nouveau-Brunswick<br \/>\n<\/span><span style=\"font-weight: 400;\">First Nations Storytellers<\/span><\/p>\n<p><span style=\"font-weight: 400;\">Administrateur \u2013 M. Dean Werk, Colombie-Britannique<br \/>\n<\/span>Great River Fishing Adventures<\/p>\n<p><span style=\"font-weight: 400;\">Administrateur \u2013 M. James McPherson, Territoires du Nord-Ouest<br \/>\n<\/span>Sahtu Adventures<\/p>\n<p><span style=\"font-weight: 400;\">Administrateur \u2013 M. Jason W Johnston, Ontario<br \/>\n<\/span><span style=\"font-weight: 400;\">Cape Croker Park<\/span><\/p>\n<p><span style=\"font-weight: 400;\">Administratrice \u2013 M<\/span><span style=\"font-weight: 400;\">me <\/span><span style=\"font-weight: 400;\">Marie-Pierre Lain\u00e9, Qu\u00e9bec<br \/>\n<\/span><span style=\"font-weight: 400;\">Tourisme Autochtone Qu\u00e9bec<\/span><\/p>\n<p><span style=\"font-weight: 400;\">Administratrice \u2013 M<\/span><span style=\"font-weight: 400;\">me <\/span><span style=\"font-weight: 400;\">Jamie Thomas, \u00cele-du-Prince-\u00c9douard<br \/>\n<\/span><span style=\"font-weight: 400;\">Lennox Island Development Corporation<\/span><\/p>\n<p><span style=\"font-weight: 400;\">Administratrice \u2013 M<\/span><span style=\"font-weight: 400;\">me <\/span><span style=\"font-weight: 400;\">Sheila Flaherty, Nunavut<br \/>\n<\/span><span style=\"font-size: 16px;\">Sijjakkut<\/span><\/p>\n<p>L\u2019ATAC se r\u00e9jouit d\u2019avoir une telle repr\u00e9sentation solide et r\u00e9siliente pour la guider vers la r\u00e9alisation de sa Vision 2030, qui est de faire du Canada le chef de file mondial du tourisme autochtone.<\/p>\n<p>Pour plus d\u2019informations sur le conseil d\u2019administration de l\u2019ATAC, <a href=\"https:\/\/indigenoustourism.ca\/fr\/a-propos-de-latac\/conseil-dadministration-de-latac\/\">cliquez ici.<\/a><\/p>\n<h4><span style=\"font-weight: 400;\"><i><span style=\"font-weight: 400;\">Le comit\u00e9 ex\u00e9cutif de l\u2019ATAC sera annonc\u00e9 lors d\u2019une prochaine r\u00e9union du conseil d\u2019administration.<\/span><\/i><\/span><\/h4>\n","protected":false},"excerpt":{"rendered":"<p>Charlottetown, Epekwitk (\u00ce.-P.-\u00c9.) \u2013 L\u2019Association touristique autochtone du Canada (ATAC) est heureuse d\u2019annoncer l\u2019\u00e9lection de cinq membres \u00e0 son conseil d\u2019administration lors de sa 9e assembl\u00e9e g\u00e9n\u00e9rale annuelle (AGA) qui a eu lieu en pr\u00e9sentiel le lundi 7 octobre 2024. L&rsquo;enregistrement de l&rsquo;AGA sera disponible sur le site Web de l\u2019ATAC le mardi 8 octobre [&hellip;]<\/p>\n","protected":false},"author":18,"featured_media":35520,"comment_status":"closed","ping_status":"closed","sticky":false,"template":"","format":"standard","meta":{"_acf_changed":false,"footnotes":""},"tags":[],"class_list":["post-35519","post","type-post","status-publish","format-standard","has-post-thumbnail","hentry","region-ile-du-prince-edouard","news-type-evenements","news-type-mises-a-jour-de-latac"],"acf":[],"yoast_head":"<!-- This site is optimized with the Yoast SEO plugin v24.6 - https:\/\/yoast.com\/wordpress\/plugins\/seo\/ -->\n<title>L\u2019ATAC a tenu sa 9e assembl\u00e9e g\u00e9n\u00e9rale annuelle et annonce la composition de son conseil d\u2019administration - Nouvelles de l&#039;industrie touristique autochtone<\/title>\n<meta name=\"description\" content=\"Charlottetown, Epekwitk (\u00ce.-P.-\u00c9.) \u2013 L\u2019Association touristique autochtone du Canada (ATAC) est heureuse d\u2019annoncer l\u2019\u00e9lection de cinq membres \u00e0 son\" \/>\n<meta name=\"robots\" content=\"index, follow, max-snippet:-1, max-image-preview:large, max-video-preview:-1\" \/>\n<link rel=\"canonical\" href=\"https:\/\/indigenoustourism.ca\/fr\/latac-a-tenu-sa-9e-assemblee-generale-annuelle-et-annonce-la-composition-de-son-conseil-dadministration\/\" \/>\n<meta property=\"og:locale\" content=\"fr_FR\" \/>\n<meta property=\"og:type\" content=\"article\" \/>\n<meta property=\"og:title\" content=\"L\u2019ATAC a tenu sa 9e assembl\u00e9e g\u00e9n\u00e9rale annuelle et annonce la composition de son conseil d\u2019administration - Nouvelles de l&#039;industrie touristique autochtone\" \/>\n<meta property=\"og:description\" content=\"Charlottetown, Epekwitk (\u00ce.-P.-\u00c9.) \u2013 L\u2019Association touristique autochtone du Canada (ATAC) est heureuse d\u2019annoncer l\u2019\u00e9lection de cinq membres \u00e0 son\" \/>\n<meta property=\"og:url\" content=\"https:\/\/indigenoustourism.ca\/fr\/latac-a-tenu-sa-9e-assemblee-generale-annuelle-et-annonce-la-composition-de-son-conseil-dadministration\/\" \/>\n<meta property=\"og:site_name\" content=\"Association touristique autochtone du Canada\" \/>\n<meta property=\"article:published_time\" content=\"2024-10-07T15:25:21+00:00\" \/>\n<meta property=\"article:modified_time\" content=\"2024-10-08T17:36:29+00:00\" \/>\n<meta property=\"og:image\" content=\"https:\/\/indigenoustourism.ca\/wp-content\/uploads\/2024\/10\/9th-AGM-FR-1336x1024-1.jpg\" \/>\n\t<meta property=\"og:image:width\" content=\"1336\" \/>\n\t<meta property=\"og:image:height\" content=\"1024\" \/>\n\t<meta property=\"og:image:type\" content=\"image\/jpeg\" \/>\n<meta name=\"author\" content=\"Sheldon McRae\" \/>\n<meta name=\"twitter:card\" content=\"summary_large_image\" \/>\n<meta name=\"twitter:creator\" content=\"@itac_corporate\" \/>\n<meta name=\"twitter:site\" content=\"@itac_corporate\" \/>\n<meta name=\"twitter:label1\" content=\"\u00c9crit par\" \/>\n\t<meta name=\"twitter:data1\" content=\"Sheldon McRae\" \/>\n\t<meta name=\"twitter:label2\" content=\"Dur\u00e9e de lecture estim\u00e9e\" \/>\n\t<meta name=\"twitter:data2\" content=\"3 minutes\" \/>\n<script type=\"application\/ld+json\" class=\"yoast-schema-graph\">{\"@context\":\"https:\/\/schema.org\",\"@graph\":[{\"@type\":\"Article\",\"@id\":\"https:\/\/indigenoustourism.ca\/fr\/latac-a-tenu-sa-9e-assemblee-generale-annuelle-et-annonce-la-composition-de-son-conseil-dadministration\/#article\",\"isPartOf\":{\"@id\":\"https:\/\/indigenoustourism.ca\/fr\/latac-a-tenu-sa-9e-assemblee-generale-annuelle-et-annonce-la-composition-de-son-conseil-dadministration\/\"},\"author\":{\"name\":\"Sheldon McRae\",\"@id\":\"https:\/\/indigenoustourism.ca\/#\/schema\/person\/11a6f3db06bc69c1bbdfc3829fa544bd\"},\"headline\":\"L\u2019ATAC a tenu sa 9e assembl\u00e9e g\u00e9n\u00e9rale annuelle et annonce la composition de son conseil d\u2019administration\",\"datePublished\":\"2024-10-07T15:25:21+00:00\",\"dateModified\":\"2024-10-08T17:36:29+00:00\",\"mainEntityOfPage\":{\"@id\":\"https:\/\/indigenoustourism.ca\/fr\/latac-a-tenu-sa-9e-assemblee-generale-annuelle-et-annonce-la-composition-de-son-conseil-dadministration\/\"},\"wordCount\":658,\"publisher\":{\"@id\":\"https:\/\/indigenoustourism.ca\/#organization\"},\"image\":{\"@id\":\"https:\/\/indigenoustourism.ca\/fr\/latac-a-tenu-sa-9e-assemblee-generale-annuelle-et-annonce-la-composition-de-son-conseil-dadministration\/#primaryimage\"},\"thumbnailUrl\":\"https:\/\/indigenoustourism.ca\/wp-content\/uploads\/2024\/10\/9th-AGM-FR-1336x1024-1.jpg\",\"inLanguage\":\"fr-FR\"},{\"@type\":\"WebPage\",\"@id\":\"https:\/\/indigenoustourism.ca\/fr\/latac-a-tenu-sa-9e-assemblee-generale-annuelle-et-annonce-la-composition-de-son-conseil-dadministration\/\",\"url\":\"https:\/\/indigenoustourism.ca\/fr\/latac-a-tenu-sa-9e-assemblee-generale-annuelle-et-annonce-la-composition-de-son-conseil-dadministration\/\",\"name\":\"L\u2019ATAC a tenu sa 9e assembl\u00e9e g\u00e9n\u00e9rale annuelle et annonce la composition de son conseil d\u2019administration - Nouvelles de l'industrie touristique autochtone\",\"isPartOf\":{\"@id\":\"https:\/\/indigenoustourism.ca\/#website\"},\"primaryImageOfPage\":{\"@id\":\"https:\/\/indigenoustourism.ca\/fr\/latac-a-tenu-sa-9e-assemblee-generale-annuelle-et-annonce-la-composition-de-son-conseil-dadministration\/#primaryimage\"},\"image\":{\"@id\":\"https:\/\/indigenoustourism.ca\/fr\/latac-a-tenu-sa-9e-assemblee-generale-annuelle-et-annonce-la-composition-de-son-conseil-dadministration\/#primaryimage\"},\"thumbnailUrl\":\"https:\/\/indigenoustourism.ca\/wp-content\/uploads\/2024\/10\/9th-AGM-FR-1336x1024-1.jpg\",\"datePublished\":\"2024-10-07T15:25:21+00:00\",\"dateModified\":\"2024-10-08T17:36:29+00:00\",\"description\":\"Charlottetown, Epekwitk (\u00ce.-P.-\u00c9.) \u2013 L\u2019Association touristique autochtone du Canada (ATAC) est heureuse d\u2019annoncer l\u2019\u00e9lection de cinq membres \u00e0 son\",\"breadcrumb\":{\"@id\":\"https:\/\/indigenoustourism.ca\/fr\/latac-a-tenu-sa-9e-assemblee-generale-annuelle-et-annonce-la-composition-de-son-conseil-dadministration\/#breadcrumb\"},\"inLanguage\":\"fr-FR\",\"potentialAction\":[{\"@type\":\"ReadAction\",\"target\":[\"https:\/\/indigenoustourism.ca\/fr\/latac-a-tenu-sa-9e-assemblee-generale-annuelle-et-annonce-la-composition-de-son-conseil-dadministration\/\"]}]},{\"@type\":\"ImageObject\",\"inLanguage\":\"fr-FR\",\"@id\":\"https:\/\/indigenoustourism.ca\/fr\/latac-a-tenu-sa-9e-assemblee-generale-annuelle-et-annonce-la-composition-de-son-conseil-dadministration\/#primaryimage\",\"url\":\"https:\/\/indigenoustourism.ca\/wp-content\/uploads\/2024\/10\/9th-AGM-FR-1336x1024-1.jpg\",\"contentUrl\":\"https:\/\/indigenoustourism.ca\/wp-content\/uploads\/2024\/10\/9th-AGM-FR-1336x1024-1.jpg\",\"width\":1336,\"height\":1024},{\"@type\":\"BreadcrumbList\",\"@id\":\"https:\/\/indigenoustourism.ca\/fr\/latac-a-tenu-sa-9e-assemblee-generale-annuelle-et-annonce-la-composition-de-son-conseil-dadministration\/#breadcrumb\",\"itemListElement\":[{\"@type\":\"ListItem\",\"position\":1,\"name\":\"Home\",\"item\":\"https:\/\/indigenoustourism.ca\/fr\/home\/\"},{\"@type\":\"ListItem\",\"position\":2,\"name\":\"L\u2019ATAC a tenu sa 9e assembl\u00e9e g\u00e9n\u00e9rale annuelle et annonce la composition de son conseil d\u2019administration\"}]},{\"@type\":\"WebSite\",\"@id\":\"https:\/\/indigenoustourism.ca\/#website\",\"url\":\"https:\/\/indigenoustourism.ca\/\",\"name\":\"Association touristique autochtone du Canada\",\"description\":\"Corporate\",\"publisher\":{\"@id\":\"https:\/\/indigenoustourism.ca\/#organization\"},\"potentialAction\":[{\"@type\":\"SearchAction\",\"target\":{\"@type\":\"EntryPoint\",\"urlTemplate\":\"https:\/\/indigenoustourism.ca\/?s={search_term_string}\"},\"query-input\":{\"@type\":\"PropertyValueSpecification\",\"valueRequired\":true,\"valueName\":\"search_term_string\"}}],\"inLanguage\":\"fr-FR\"},{\"@type\":\"Organization\",\"@id\":\"https:\/\/indigenoustourism.ca\/#organization\",\"name\":\"Association touristique autochtone du Canada\",\"url\":\"https:\/\/indigenoustourism.ca\/\",\"logo\":{\"@type\":\"ImageObject\",\"inLanguage\":\"fr-FR\",\"@id\":\"https:\/\/indigenoustourism.ca\/#\/schema\/logo\/image\/\",\"url\":\"https:\/\/indigenoustourism.ca\/wp-content\/uploads\/2018\/02\/ITAC-logo-corporate-bilingual-standard@300x.png\",\"contentUrl\":\"https:\/\/indigenoustourism.ca\/wp-content\/uploads\/2018\/02\/ITAC-logo-corporate-bilingual-standard@300x.png\",\"width\":2408,\"height\":701,\"caption\":\"Association touristique autochtone du Canada\"},\"image\":{\"@id\":\"https:\/\/indigenoustourism.ca\/#\/schema\/logo\/image\/\"},\"sameAs\":[\"https:\/\/x.com\/itac_corporate\"]},{\"@type\":\"Person\",\"@id\":\"https:\/\/indigenoustourism.ca\/#\/schema\/person\/11a6f3db06bc69c1bbdfc3829fa544bd\",\"name\":\"Sheldon McRae\",\"image\":{\"@type\":\"ImageObject\",\"inLanguage\":\"fr-FR\",\"@id\":\"https:\/\/indigenoustourism.ca\/#\/schema\/person\/image\/\",\"url\":\"https:\/\/secure.gravatar.com\/avatar\/cbe11659ca22578c6b18c51624d27db9?s=96&d=mm&r=g\",\"contentUrl\":\"https:\/\/secure.gravatar.com\/avatar\/cbe11659ca22578c6b18c51624d27db9?s=96&d=mm&r=g\",\"caption\":\"Sheldon McRae\"}}]}<\/script>\n<!-- \/ Yoast SEO plugin. -->","yoast_head_json":{"title":"L\u2019ATAC a tenu sa 9e assembl\u00e9e g\u00e9n\u00e9rale annuelle et annonce la composition de son conseil d\u2019administration - Nouvelles de l'industrie touristique autochtone","description":"Charlottetown, Epekwitk (\u00ce.-P.-\u00c9.) \u2013 L\u2019Association touristique autochtone du Canada (ATAC) est heureuse d\u2019annoncer l\u2019\u00e9lection de cinq membres \u00e0 son","robots":{"index":"index","follow":"follow","max-snippet":"max-snippet:-1","max-image-preview":"max-image-preview:large","max-video-preview":"max-video-preview:-1"},"canonical":"https:\/\/indigenoustourism.ca\/fr\/latac-a-tenu-sa-9e-assemblee-generale-annuelle-et-annonce-la-composition-de-son-conseil-dadministration\/","og_locale":"fr_FR","og_type":"article","og_title":"L\u2019ATAC a tenu sa 9e assembl\u00e9e g\u00e9n\u00e9rale annuelle et annonce la composition de son conseil d\u2019administration - Nouvelles de l'industrie touristique autochtone","og_description":"Charlottetown, Epekwitk (\u00ce.-P.-\u00c9.) \u2013 L\u2019Association touristique autochtone du Canada (ATAC) est heureuse d\u2019annoncer l\u2019\u00e9lection de cinq membres \u00e0 son","og_url":"https:\/\/indigenoustourism.ca\/fr\/latac-a-tenu-sa-9e-assemblee-generale-annuelle-et-annonce-la-composition-de-son-conseil-dadministration\/","og_site_name":"Association touristique autochtone du Canada","article_published_time":"2024-10-07T15:25:21+00:00","article_modified_time":"2024-10-08T17:36:29+00:00","og_image":[{"width":1336,"height":1024,"url":"https:\/\/indigenoustourism.ca\/wp-content\/uploads\/2024\/10\/9th-AGM-FR-1336x1024-1.jpg","type":"image\/jpeg"}],"author":"Sheldon McRae","twitter_card":"summary_large_image","twitter_creator":"@itac_corporate","twitter_site":"@itac_corporate","twitter_misc":{"\u00c9crit par":"Sheldon McRae","Dur\u00e9e de lecture estim\u00e9e":"3 minutes"},"schema":{"@context":"https:\/\/schema.org","@graph":[{"@type":"Article","@id":"https:\/\/indigenoustourism.ca\/fr\/latac-a-tenu-sa-9e-assemblee-generale-annuelle-et-annonce-la-composition-de-son-conseil-dadministration\/#article","isPartOf":{"@id":"https:\/\/indigenoustourism.ca\/fr\/latac-a-tenu-sa-9e-assemblee-generale-annuelle-et-annonce-la-composition-de-son-conseil-dadministration\/"},"author":{"name":"Sheldon McRae","@id":"https:\/\/indigenoustourism.ca\/#\/schema\/person\/11a6f3db06bc69c1bbdfc3829fa544bd"},"headline":"L\u2019ATAC a tenu sa 9e assembl\u00e9e g\u00e9n\u00e9rale annuelle et annonce la composition de son conseil d\u2019administration","datePublished":"2024-10-07T15:25:21+00:00","dateModified":"2024-10-08T17:36:29+00:00","mainEntityOfPage":{"@id":"https:\/\/indigenoustourism.ca\/fr\/latac-a-tenu-sa-9e-assemblee-generale-annuelle-et-annonce-la-composition-de-son-conseil-dadministration\/"},"wordCount":658,"publisher":{"@id":"https:\/\/indigenoustourism.ca\/#organization"},"image":{"@id":"https:\/\/indigenoustourism.ca\/fr\/latac-a-tenu-sa-9e-assemblee-generale-annuelle-et-annonce-la-composition-de-son-conseil-dadministration\/#primaryimage"},"thumbnailUrl":"https:\/\/indigenoustourism.ca\/wp-content\/uploads\/2024\/10\/9th-AGM-FR-1336x1024-1.jpg","inLanguage":"fr-FR"},{"@type":"WebPage","@id":"https:\/\/indigenoustourism.ca\/fr\/latac-a-tenu-sa-9e-assemblee-generale-annuelle-et-annonce-la-composition-de-son-conseil-dadministration\/","url":"https:\/\/indigenoustourism.ca\/fr\/latac-a-tenu-sa-9e-assemblee-generale-annuelle-et-annonce-la-composition-de-son-conseil-dadministration\/","name":"L\u2019ATAC a tenu sa 9e assembl\u00e9e g\u00e9n\u00e9rale annuelle et annonce la composition de son conseil d\u2019administration - Nouvelles de l'industrie touristique autochtone","isPartOf":{"@id":"https:\/\/indigenoustourism.ca\/#website"},"primaryImageOfPage":{"@id":"https:\/\/indigenoustourism.ca\/fr\/latac-a-tenu-sa-9e-assemblee-generale-annuelle-et-annonce-la-composition-de-son-conseil-dadministration\/#primaryimage"},"image":{"@id":"https:\/\/indigenoustourism.ca\/fr\/latac-a-tenu-sa-9e-assemblee-generale-annuelle-et-annonce-la-composition-de-son-conseil-dadministration\/#primaryimage"},"thumbnailUrl":"https:\/\/indigenoustourism.ca\/wp-content\/uploads\/2024\/10\/9th-AGM-FR-1336x1024-1.jpg","datePublished":"2024-10-07T15:25:21+00:00","dateModified":"2024-10-08T17:36:29+00:00","description":"Charlottetown, Epekwitk (\u00ce.-P.-\u00c9.) \u2013 L\u2019Association touristique autochtone du Canada (ATAC) est heureuse d\u2019annoncer l\u2019\u00e9lection de cinq membres \u00e0 son","breadcrumb":{"@id":"https:\/\/indigenoustourism.ca\/fr\/latac-a-tenu-sa-9e-assemblee-generale-annuelle-et-annonce-la-composition-de-son-conseil-dadministration\/#breadcrumb"},"inLanguage":"fr-FR","potentialAction":[{"@type":"ReadAction","target":["https:\/\/indigenoustourism.ca\/fr\/latac-a-tenu-sa-9e-assemblee-generale-annuelle-et-annonce-la-composition-de-son-conseil-dadministration\/"]}]},{"@type":"ImageObject","inLanguage":"fr-FR","@id":"https:\/\/indigenoustourism.ca\/fr\/latac-a-tenu-sa-9e-assemblee-generale-annuelle-et-annonce-la-composition-de-son-conseil-dadministration\/#primaryimage","url":"https:\/\/indigenoustourism.ca\/wp-content\/uploads\/2024\/10\/9th-AGM-FR-1336x1024-1.jpg","contentUrl":"https:\/\/indigenoustourism.ca\/wp-content\/uploads\/2024\/10\/9th-AGM-FR-1336x1024-1.jpg","width":1336,"height":1024},{"@type":"BreadcrumbList","@id":"https:\/\/indigenoustourism.ca\/fr\/latac-a-tenu-sa-9e-assemblee-generale-annuelle-et-annonce-la-composition-de-son-conseil-dadministration\/#breadcrumb","itemListElement":[{"@type":"ListItem","position":1,"name":"Home","item":"https:\/\/indigenoustourism.ca\/fr\/home\/"},{"@type":"ListItem","position":2,"name":"L\u2019ATAC a tenu sa 9e assembl\u00e9e g\u00e9n\u00e9rale annuelle et annonce la composition de son conseil d\u2019administration"}]},{"@type":"WebSite","@id":"https:\/\/indigenoustourism.ca\/#website","url":"https:\/\/indigenoustourism.ca\/","name":"Association touristique autochtone du Canada","description":"Corporate","publisher":{"@id":"https:\/\/indigenoustourism.ca\/#organization"},"potentialAction":[{"@type":"SearchAction","target":{"@type":"EntryPoint","urlTemplate":"https:\/\/indigenoustourism.ca\/?s={search_term_string}"},"query-input":{"@type":"PropertyValueSpecification","valueRequired":true,"valueName":"search_term_string"}}],"inLanguage":"fr-FR"},{"@type":"Organization","@id":"https:\/\/indigenoustourism.ca\/#organization","name":"Association touristique autochtone du Canada","url":"https:\/\/indigenoustourism.ca\/","logo":{"@type":"ImageObject","inLanguage":"fr-FR","@id":"https:\/\/indigenoustourism.ca\/#\/schema\/logo\/image\/","url":"https:\/\/indigenoustourism.ca\/wp-content\/uploads\/2018\/02\/ITAC-logo-corporate-bilingual-standard@300x.png","contentUrl":"https:\/\/indigenoustourism.ca\/wp-content\/uploads\/2018\/02\/ITAC-logo-corporate-bilingual-standard@300x.png","width":2408,"height":701,"caption":"Association touristique autochtone du Canada"},"image":{"@id":"https:\/\/indigenoustourism.ca\/#\/schema\/logo\/image\/"},"sameAs":["https:\/\/x.com\/itac_corporate"]},{"@type":"Person","@id":"https:\/\/indigenoustourism.ca\/#\/schema\/person\/11a6f3db06bc69c1bbdfc3829fa544bd","name":"Sheldon McRae","image":{"@type":"ImageObject","inLanguage":"fr-FR","@id":"https:\/\/indigenoustourism.ca\/#\/schema\/person\/image\/","url":"https:\/\/secure.gravatar.com\/avatar\/cbe11659ca22578c6b18c51624d27db9?s=96&d=mm&r=g","contentUrl":"https:\/\/secure.gravatar.com\/avatar\/cbe11659ca22578c6b18c51624d27db9?s=96&d=mm&r=g","caption":"Sheldon McRae"}}]}},"_links":{"self":[{"href":"https:\/\/indigenoustourism.ca\/fr\/wp-json\/wp\/v2\/posts\/35519","targetHints":{"allow":["GET"]}}],"collection":[{"href":"https:\/\/indigenoustourism.ca\/fr\/wp-json\/wp\/v2\/posts"}],"about":[{"href":"https:\/\/indigenoustourism.ca\/fr\/wp-json\/wp\/v2\/types\/post"}],"author":[{"embeddable":true,"href":"https:\/\/indigenoustourism.ca\/fr\/wp-json\/wp\/v2\/users\/18"}],"replies":[{"embeddable":true,"href":"https:\/\/indigenoustourism.ca\/fr\/wp-json\/wp\/v2\/comments?post=35519"}],"version-history":[{"count":0,"href":"https:\/\/indigenoustourism.ca\/fr\/wp-json\/wp\/v2\/posts\/35519\/revisions"}],"wp:featuredmedia":[{"embeddable":true,"href":"https:\/\/indigenoustourism.ca\/fr\/wp-json\/wp\/v2\/media\/35520"}],"wp:attachment":[{"href":"https:\/\/indigenoustourism.ca\/fr\/wp-json\/wp\/v2\/media?parent=35519"}],"wp:term":[{"taxonomy":"post_tag","embeddable":true,"href":"https:\/\/indigenoustourism.ca\/fr\/wp-json\/wp\/v2\/tags?post=35519"}],"curies":[{"name":"wp","href":"https:\/\/api.w.org\/{rel}","templated":true}]}}