{"id":32484,"date":"2024-06-11T13:13:09","date_gmt":"2024-06-11T20:13:09","guid":{"rendered":"https:\/\/indigenoustourism.ca\/?p=32484"},"modified":"2024-06-11T13:13:09","modified_gmt":"2024-06-11T20:13:09","slug":"debut-de-la-saison-estivale-des-pow-wow-2024-au-canada","status":"publish","type":"post","link":"https:\/\/indigenoustourism.ca\/fr\/debut-de-la-saison-estivale-des-pow-wow-2024-au-canada\/","title":{"rendered":"D\u00e9but de la saison estivale des pow-wow 2024 au Canada"},"content":{"rendered":"<p><i><span style=\"font-weight: 400;\">Destination Autochtone d\u00e9voile un programme riche en c\u00e9l\u00e9brations d&rsquo;un bout \u00e0 l&rsquo;autre du pays.<\/span><\/i><\/p>\n<p><b>X\u02b7m\u0259\u03b8k\u02b7\u0259y\u0313\u0259m (Musqueam), S\u1e35wx\u0331w\u00fa7mesh (Squamish) et s\u0259lilw\u0259ta\u026c (TsleilWaututh), (Vancouver, C.-B.)<\/b><span style=\"font-weight: 400;\"> \u2013<\/span><b> 10 juin 2024 <\/b><span style=\"font-weight: 400;\">\u2013 La saison estivale des pow-wow 2024 est officiellement lanc\u00e9e! Destination Autochtone a le plaisir d&rsquo;annoncer une liste impressionnante d&rsquo;\u00e9v\u00e9nements d&rsquo;un bout \u00e0 l&rsquo;autre du pays. Ouverts \u00e0 tous, ces rassemblements importants r\u00e9unissent plusieurs g\u00e9n\u00e9rations pour une c\u00e9l\u00e9bration de la cuisine, des traditions culturelles, du renforcement de la communaut\u00e9 et de la gu\u00e9rison spirituelle en l&rsquo;honneur de la vie, de la culture et des traditions autochtones.<\/span><\/p>\n<p><span style=\"font-weight: 400;\">Les c\u00e9l\u00e9brations incluent notamment\u00a0:<\/span><\/p>\n<p><span style=\"font-weight: 400;\">\u00a0<\/span><b>Colombie-Britannique<\/b><\/p>\n<p><span style=\"font-weight: 400;\">Joignez-vous \u00e0 la Kamloopa Pow Wow Society pour une c\u00e9l\u00e9bration de trois jours de la culture autochtone dynamique lors de la <\/span><a href=\"https:\/\/tkemlups.ca\/kamloopa-powwow\/\"><b>43e \u00e9dition de l&rsquo;\u00e9v\u00e9nement annuel Kamloopa Pow Wow<\/b><\/a><span style=\"font-weight: 400;\">, qui aura lieu du 28 au 30 juin 2024 au Tk\u0313eml\u00faps te Secw\u00e9pemc Special Events Facility (Arbour) \u00e0 Secwepemc\u00fal&rsquo;ecw. Comptant environ 500 danseurs et joueurs de tambour venus de tout le Canada et des \u00c9tats-Unis, le pow-wow sera l&rsquo;occasion pour les visiteurs de profiter des prestations de tambour et de danse, des tenues traditionnelles color\u00e9es, de nourriture savoureuse et de faire des achats dans les nombreux kiosques d\u2019artisanat.<\/span><\/p>\n<p><span style=\"font-weight: 400;\">Le deuxi\u00e8me <\/span><a href=\"https:\/\/calendar.powwows.com\/events\/annual-memorial-squamish-nation-youth-pow-wow\/#google_vignette\"><b>pow-wow annuel des jeunes de la Nation Squamish<\/b><\/a><span style=\"font-weight: 400;\"> se d\u00e9roulera au parc de la r\u00e9serve de Capilano du 5 au 7 juillet 2024. Avec pour objectif de soutenir les jeunes et de leur offrir des possibilit\u00e9s en mati\u00e8re d&rsquo;\u00e9ducation, d&#8217;emploi et de gu\u00e9rison gr\u00e2ce \u00e0 la culture, cette comp\u00e9tition de danse conviviale pour tous les \u00e2ges verra la participation du danseur principal et mentor Notorious Cree, de la danseuse principale et mentor Tonia Jo Hall, ainsi que de l&rsquo;invit\u00e9e sp\u00e9ciale Fawn Wood, laur\u00e9ate d&rsquo;un prix Juno en 2022.<\/span><\/p>\n<p><span style=\"font-weight: 400;\">Du 2 au 4 ao\u00fbt 2024, la Nation d\u00e9n\u00e9e de Lhtako se joindra \u00e0 la Quesnel Tillicum Society pour c\u00e9l\u00e9brer la 50e \u00e9dition de leur pow-wow lors de son premier <\/span><a href=\"https:\/\/www.facebook.com\/groups\/959281087491984\/posts\/7163830173703680\/\"><b>pow-wow annuel<\/b><\/a><span style=\"font-weight: 400;\">. Les artistes en vedette incluent Everett Melem St&rsquo;ye White, directeur d&rsquo;ar\u00e8ne, Cecil Sheena, ma\u00eetre de c\u00e9r\u00e9monie, Chris Wells, animateur et Young Spirit, groupe de tambours h\u00f4te.<\/span><\/p>\n<p><b>Alberta<\/b><span style=\"font-weight: 400;\">\u00a0<\/span><\/p>\n<p><span style=\"font-weight: 400;\">Les meilleurs danseurs et joueurs de tambour du Canada et des \u00c9tats-Unis se r\u00e9uniront pour une c\u00e9l\u00e9bration des cultures \u00e0 l&rsquo;occasion du <\/span><a href=\"https:\/\/www.calgarystampede.com\/powwow?utm_source=ITAC&amp;utm_medium=Website&amp;utm_campaign=Destination+Indigenous&amp;utm_content=Canadian+Pow+Wows\"><b>pow-wow du Stampede de Calgary 2024<\/b><\/a><span style=\"font-weight: 400;\">, qui aura lieu les 7 et 8 juillet 2024. L&rsquo;un des plus grands pow-wow au pays, cette comp\u00e9tition exceptionnelle met en avant la diversit\u00e9 des danses, des chants et des tambours des Premi\u00e8res Nations, et l\u2019acc\u00e8s est gratuit avec l&rsquo;entr\u00e9e au Stampede Park.<\/span><\/p>\n<p><span style=\"font-weight: 400;\">Le <\/span><a href=\"https:\/\/www.facebook.com\/photo\/?fbid=857541803072211&amp;set=pb.100064491979966.-2207520000\"><b>30e pow-wow annuel de la Nation crie d&rsquo;Enoch<\/b><\/a><span style=\"font-weight: 400;\"> accueille les visiteurs du 12 au 14 juillet pour une fin de semaine inoubliable de c\u00e9l\u00e9bration de la culture autochtone. Parmi les \u00e9v\u00e9nements phares figurent des comp\u00e9titions de danse principale pour hommes et femmes, des concours de tambours, ainsi qu&rsquo;un concours de princesse avec 100 petits danseurs \u00e0 chaque jour!<\/span><\/p>\n<p><span style=\"font-weight: 400;\">Un spectacle haut en couleurs, en talents et en splendeur, convie les visiteurs au <\/span><a href=\"https:\/\/www.festivalseekers.com\/festival\/beaver-lake-pow-wow#:~:text=Come%20watch%20the%20Cree%20First,4%2C%202023%20%2D%20Sun.?utm_source=ITAC?utm_medium=Website?utm_campaign=Destination+Indigenous?utm_content=Canadian+Pow+Wows\"><b>pow-wow annuel de Beaver Lake<\/b><\/a><b>, <\/b><span style=\"font-weight: 400;\">qui aura lieu du 4 au 6 ao\u00fbt 2024. Cette comp\u00e9tition nationale captivante r\u00e9unit les meilleurs danseurs et joueurs de tambour de pow-wow de tout le Canada et compte cinq cat\u00e9gories de danse \u2013 danse traditionnelle, danse libre, danse des herbes sacr\u00e9es, danse de la robe \u00e0 franges, et danse du poulet. Les festivit\u00e9s de la fin de semaine incluent \u00e9galement une vari\u00e9t\u00e9 de concours de tambours aussi envo\u00fbtants que les prestations des danseurs.<\/span><\/p>\n<p><b>Saskatchewan<\/b><span style=\"font-weight: 400;\">\u00a0<\/span><\/p>\n<p><span style=\"font-weight: 400;\">\u00a0<\/span><span style=\"font-weight: 400;\">La Premi\u00e8re Nation Sweetgrass tiendra son <\/span><a href=\"https:\/\/www.windspeaker.com\/node\/events\/13346\"><b>pow-wow traditionnel<\/b><\/a><span style=\"font-weight: 400;\"> les 16 et 17 juillet 2024, avec la participation des groupes de tambour h\u00f4tes Sweet Grass Singers et Blackstone. Les c\u00e9l\u00e9brations incluent \u00e9galement de grandes entr\u00e9es \u00e0 13h et 19h \u00e0 chaque jour.<\/span><\/p>\n<p><span style=\"font-weight: 400;\">La Premi\u00e8re Nation de Big River, qui vise \u00e0 soutenir les jeunes et les enfants par le chant et la danse, organisera son <\/span><a href=\"https:\/\/www.windspeaker.com\/node\/events\/13337\"><b>3e pow-wow annuel<\/b><\/a><span style=\"font-weight: 400;\"> du 23 au 25 juillet 2024, avec des cat\u00e9gories de danse pour les 6 \u00e0 60 ans et plus.<\/span><\/p>\n<p><span style=\"font-weight: 400;\">Du 30 juillet au 1er ao\u00fbt 2024, joignez-vous \u00e0 la <\/span><a href=\"https:\/\/www.windspeaker.com\/node\/events\/13424\"><b>Premi\u00e8re Nation de Little Pine et \u00e0 la Nation crie de Lucky Man<\/b><\/a><span style=\"font-weight: 400;\"> pour un pow-wow comp\u00e9titif incluant cinq cat\u00e9gories de danse, des concours de tambours et une vari\u00e9t\u00e9 de danses sp\u00e9ciales.<\/span><\/p>\n<p><b>Manitoba<\/b><\/p>\n<p><span style=\"font-weight: 400;\">La <\/span><a href=\"https:\/\/www.windspeaker.com\/node\/events\/13554\"><b>Premi\u00e8re Nation du lac Manitoba<\/b><\/a><span style=\"font-weight: 400;\"> tiendra son pow-wow traditionnel annuel du 21 au 23 juin 2024, avec le groupe de tambour h\u00f4te, Horsetail et le ma\u00eetre de c\u00e9r\u00e9monie Darcy Malcolm Sr. Tout au long des mois de juillet et d&rsquo;ao\u00fbt, le Manitoba accueillera diverses c\u00e9l\u00e9brations mettant \u00e0 l&rsquo;honneur la culture et les traditions autochtones, notamment <\/span><a href=\"https:\/\/www.peguis.ca\/index.php\/events\/treaty-days-pow-wow\"><b>les journ\u00e9es du trait\u00e9 et le pow-wow de la Premi\u00e8re Nation de Peguis<\/b><\/a><span style=\"font-weight: 400;\"> du 12 au 21 juillet 2024, le pow-wow de la <\/span><a href=\"https:\/\/www.windspeaker.com\/node\/events\/13450\"><b>Nation crie de Nisichawayasihk<\/b><\/a><span style=\"font-weight: 400;\"> du 26 au 28 juillet, et le <\/span><a href=\"https:\/\/www.facebook.com\/photo?fbid=810332984467782&amp;set=pb.100064732627163.-2207520000\"><b>pow-wow de la Nation crie de Norway House<\/b><\/a><span style=\"font-weight: 400;\"> du 2 au 4 ao\u00fbt 2024.\u00a0<\/span><\/p>\n<p><b>Ontario<\/b><span style=\"font-weight: 400;\">\u00a0<\/span><\/p>\n<p><span style=\"font-weight: 400;\">\u00a0<\/span><span style=\"font-weight: 400;\">D\u00e9couvrez le meilleur de la culture et des traditions autochtones lors du <\/span><a href=\"https:\/\/summersolsticefestivals.ca\/?utm_source=ITAC&amp;utm_medium=Website&amp;utm_campaign=Destination%20Indigenous&amp;utm_content=Canadian%20Pow%20Wows\"><b>Festival autochtone annuel du solstice d&rsquo;\u00e9t\u00e9<\/b><\/a><span style=\"font-weight: 400;\">, du 19 au 23 juin. Cette c\u00e9l\u00e9bration de cinq jours est un festival artistique pluridisciplinaire r\u00e9unissant artistes, interpr\u00e8tes, \u00e9ducateurs, \u00e9tudiants et membres des communaut\u00e9s autochtones pour un partage des connaissances et une c\u00e9l\u00e9bration des diverses cultures autochtones au Canada.\u00a0<\/span><\/p>\n<p><span style=\"font-weight: 400;\">Tous sont les bienvenus au <\/span><a href=\"https:\/\/www.mississaugi.com\/annual-pow-wow.html\"><b>43e pow-wow annuel de la Premi\u00e8re Nation de Mississauga<\/b><\/a><span style=\"font-weight: 400;\">, les 20 et 21 juillet 2024. Cette c\u00e9l\u00e9bration de deux jours inclut le groupe de tambour h\u00f4te, Charging Horse, et le groupe de tambour co-h\u00f4te, Under the Pines, des prestations sp\u00e9ciales de danse de la robe \u00e0 franges \u00e0 l&rsquo;ancienne, de danse des bois par les hommes et de danse du ch\u00e2le par les femmes de 18 ans et plus, ainsi que de nombreux autres spectacles et \u00e9v\u00e9nements captivants.<\/span><\/p>\n<p><span style=\"font-weight: 400;\">Sur les rives du magnifique fleuve Saint-Laurent \u00e0 Cornwall, le <\/span><a href=\"https:\/\/www.akwesasnepowwow.com\/\"><b>pow-wow d&rsquo;Akwesasne<\/b><\/a><span style=\"font-weight: 400;\"> propose une fin de semaine sous le signe du plaisir, de la paix et de l&rsquo;amiti\u00e9 avec des voisins de toutes les cultures. Les 7 et 8 septembre 2024, ce festival de deux jours r\u00e9unira les meilleurs artisans, joueurs de tambour et danseurs autochtones de toute la r\u00e9gion.<\/span><\/p>\n<p><b>Qu\u00e9bec<\/b><\/p>\n<p><span style=\"font-weight: 400;\">Dans le cadre de la Journ\u00e9e nationale des peuples autochtones, les visiteurs sont convi\u00e9s \u00e0 la <\/span><a href=\"https:\/\/www.kwefest.com\/\"><b>7e \u00e9dition de KWE!<\/b><\/a><span style=\"font-weight: 400;\"> \u00e0 la d\u00e9couverte des 11 Nations autochtones au Qu\u00e9bec au moyen de prestations artistiques, de conf\u00e9rences, de d\u00e9monstrations et d\u2019\u00e9changes du 14 au 16 juin 2024 \u00e0 la place Jean-B\u00e9liveau \u00e0 Qu\u00e9bec.<\/span><\/p>\n<p><span style=\"font-weight: 400;\">Du 26 au 28 juillet 2024, le <\/span><a href=\"https:\/\/www.facebook.com\/profile.php?id=100063570521487&amp;utm_source=ITAC&amp;utm_medium=Website&amp;utm_campaign=Destination%20Indigenous&amp;utm_content=Canadian%20Pow%20Wows\"><b>pow-wow de Manawan<\/b><\/a><span style=\"font-weight: 400;\"> propose une immersion captivante dans les traditions et les coutumes de la Nation atikamekw. Se d\u00e9roulant au c\u0153ur du Qu\u00e9bec, ce pow-wow pr\u00e9sente un \u00e9ventail de danses exaltantes, de rituels c\u00e9r\u00e9moniels, d&rsquo;expositions culturelles et d&rsquo;exp\u00e9riences mettant en exergue la convivialit\u00e9 de la communaut\u00e9 de Manawan.<\/span><\/p>\n<p><span style=\"font-weight: 400;\">Le <\/span><a href=\"https:\/\/malecites.ca\/fr\/pow-wow\"><b>pow-wow 2024 de la Premi\u00e8re Nation Wolastoqiyik Wahsipekuk<\/b><\/a><span style=\"font-weight: 400;\"> aura lieu les 17 et 18 ao\u00fbt 2024. L\u2019\u00e9v\u00e9nement inclura des danseurs, les groupes de tambours de pow-wow, Muskrat Singers et Redtail Spirit Singers, ainsi que divers ateliers et pr\u00e9sentations. Le pow-wow s\u2019inscrit dans le cadre de l\u2019\u00e9v\u00e9nement \u00ab\u00a0Deux Nations, Une F\u00eate\u00a0\u00bb organis\u00e9 en collaboration avec la municipalit\u00e9 de Cacouna.<\/span><\/p>\n<p><b>Nouveau-Brunswick<\/b><\/p>\n<p><span style=\"font-weight: 400;\">En l&rsquo;honneur des femmes et des filles autochtones assassin\u00e9es et disparues, le <\/span><a href=\"http:\/\/fishermenpowwow.com\/?fbclid=IwZXh0bgNhZW0CMTAAAR1JJAkS77iezpWZ-16eKuoblGX1iaxZRFjUPAYnFtXIO21RfSHIYl-sNTs_aem_AebK1clzj-5L8DrPwJaS9hFaSAaM-loRFzIB9Y2AJ5LmBqR-fMXqKYlLc9RhlBDATqKrLy-SR-4BTIinz_BEShG4\"><b>12e pow-wow annuel des p\u00eacheurs<\/b><\/a><span style=\"font-weight: 400;\"> se tiendra \u00e0 Miramichi le 1er juillet 2024. Il inclura des danses, des prestations de tambours et des chants traditionnels, ainsi que la tr\u00e8s populaire et importante c\u00e9r\u00e9monie du lever du soleil.<\/span><\/p>\n<p><b>Nouvelle-\u00c9cosse<\/b><\/p>\n<p><span style=\"font-weight: 400;\">Le <\/span><a href=\"https:\/\/www.facebook.com\/photo\/?fbid=10161268443769722&amp;set=gm.10160826411181727&amp;idorvanity=96522021726\"><b>33e pow-wow comp\u00e9titif annuel d&rsquo;Eskasoni<\/b><\/a><span style=\"font-weight: 400;\"> sera de retour au Noel R. Denney Memorial Pow Wow Grounds, du 28 au 30 juin.\u00a0 Les c\u00e9l\u00e9brations incluent une f\u00eate pour la fin des classes, des concours de tambours et de danse, et un spectacle de feux d&rsquo;artifice.<\/span><\/p>\n<p><b>Terre-Neuve-et-Labrador<\/b><\/p>\n<p><span style=\"font-weight: 400;\">Le <\/span><a href=\"https:\/\/www.facebook.com\/groups\/BSGpowwow\/\"><b>pow-wow traditionnel annuel de Bay St. George<\/b><\/a><span style=\"font-weight: 400;\"> promet du plaisir pour toute la famille du 12 au 14 juillet 2024. Cette c\u00e9l\u00e9bration inclut une hutte de sudation, un feu sacr\u00e9, des c\u00e9r\u00e9monies, des enseignements, des exposants et bien plus encore.<\/span><\/p>\n<p><b>\u00cele-du-Prince-\u00c9douard<\/b><\/p>\n<p><span style=\"font-weight: 400;\">D\u00e9couvrez les traditions bien vivantes du peuple micmac lors du <\/span><a href=\"https:\/\/mcpei.ca\/event\/lennox-island-annual-mawiomi\/\"><b>pow-wow de Lennox Island<\/b><\/a><span style=\"font-weight: 400;\">, qui aura lieu du 22 au 24 ao\u00fbt 2004. Cette c\u00e9l\u00e9bration culturelle met en lumi\u00e8re la beaut\u00e9 et la richesse du patrimoine micmac et offre une occasion unique d&rsquo;assister \u00e0 des c\u00e9r\u00e9monies sacr\u00e9es, \u00e0 la narration de r\u00e9cits traditionnels et au partage des connaissances autochtones.<\/span><\/p>\n<p><span style=\"font-weight: 400;\">Pour la liste compl\u00e8te des \u00e9v\u00e9nements et exp\u00e9riences autochtones qui se d\u00e9rouleront cette ann\u00e9e au Canada, visitez <\/span><a href=\"https:\/\/canadianpowwows.ca\/fr\/\"><b>CanadianPowWows.ca<\/b><\/a><b>.<\/b><\/p>\n<p><span style=\"font-weight: 400;\">Pour en savoir plus sur les r\u00e8gles \u00e0 respecter lors d&rsquo;un pow-wow, rendez-vous sur <\/span><a href=\"https:\/\/canadianpowwows.ca\/fr\/faires-et-ne-pas-faire\/\"><b>Canadianpowwows.ca\/fr\/faires-et-ne-pas-faire<\/b><\/a><span style=\"font-weight: 400;\">.<\/span><\/p>\n<p><span style=\"font-weight: 400;\">-30-\u00a0<\/span><\/p>\n<p><span style=\"font-weight: 400;\">\u00a0<\/span><b>\u00c0 propos de l\u2019Association touristique autochtone du Canada<\/b><\/p>\n<p><span style=\"font-weight: 400;\">Constitu\u00e9e en 2015, l\u2019Association touristique autochtone du Canada (ATAC) est un organisme national sans but lucratif de l\u2019industrie touristique autochtone. L\u2019ATAC est l\u2019organisation responsable de la croissance et de la promotion de l\u2019industrie touristique autochtone \u00e0 travers le pays. Inspir\u00e9e par la vision d\u2019une \u00e9conomie touristique autochtone florissante partageant des exp\u00e9riences authentiques, m\u00e9morables et enrichissantes, l\u2019ATAC d\u00e9veloppe des partenariats avec diff\u00e9rents groupes et r\u00e9gions ayant des mandats similaires afin de favoriser le soutien collectif, le d\u00e9veloppement de produits, la promotion et la commercialisation d\u2019entreprises touristiques autochtones authentiques dans le respect des protocoles.<\/span><\/p>\n<p><b>PERSONNE-RESSOURCE POUR LES M\u00c9DIAS :<\/b><span style=\"font-weight: 400;\">\u00a0<\/span><\/p>\n<p><span style=\"font-weight: 400;\">Anglais<br \/>\n<\/span><span>M<\/span><span>me<\/span><span> Jovily Martone<br \/>\n<\/span>tartanbond, au nom de l\u2019ATAC<br \/>\n416-319-8296<br \/>\n<a href=\"mailto:jovily.martone@tartanbond.com\"><span>jovily.martone@tartanbond.com<\/span><\/a><span>\u00a0<\/span><\/p>\n","protected":false},"excerpt":{"rendered":"<p>Destination Autochtone d\u00e9voile un programme riche en c\u00e9l\u00e9brations d&rsquo;un bout \u00e0 l&rsquo;autre du pays. X\u02b7m\u0259\u03b8k\u02b7\u0259y\u0313\u0259m (Musqueam), S\u1e35wx\u0331w\u00fa7mesh (Squamish) et s\u0259lilw\u0259ta\u026c (TsleilWaututh), (Vancouver, C.-B.) \u2013 10 juin 2024 \u2013 La saison estivale des pow-wow 2024 est officiellement lanc\u00e9e! Destination Autochtone a le plaisir d&rsquo;annoncer une liste impressionnante d&rsquo;\u00e9v\u00e9nements d&rsquo;un bout \u00e0 l&rsquo;autre du pays. Ouverts \u00e0 [&hellip;]<\/p>\n","protected":false},"author":18,"featured_media":32463,"comment_status":"closed","ping_status":"closed","sticky":false,"template":"","format":"standard","meta":{"_acf_changed":false,"footnotes":""},"tags":[],"class_list":["post-32484","post","type-post","status-publish","format-standard","has-post-thumbnail","hentry","region-colombie-britannique","news-type-communiques-de-presse"],"acf":[],"yoast_head":"<!-- This site is optimized with the Yoast SEO plugin v24.6 - https:\/\/yoast.com\/wordpress\/plugins\/seo\/ -->\n<title>D\u00e9but de la saison estivale des pow-wow 2024 au Canada - Nouvelles de l&#039;industrie touristique autochtone<\/title>\n<meta name=\"description\" content=\"Destination Autochtone d\u00e9voile un programme riche en c\u00e9l\u00e9brations d&#039;un bout \u00e0 l&#039;autre du pays. X\u02b7m\u0259\u03b8k\u02b7\u0259y\u0313\u0259m (Musqueam), S\u1e35wx\u0331w\u00fa7mesh (Squamish) et\" \/>\n<meta name=\"robots\" content=\"index, follow, max-snippet:-1, max-image-preview:large, max-video-preview:-1\" \/>\n<link rel=\"canonical\" href=\"https:\/\/indigenoustourism.ca\/fr\/debut-de-la-saison-estivale-des-pow-wow-2024-au-canada\/\" \/>\n<meta property=\"og:locale\" content=\"fr_FR\" \/>\n<meta property=\"og:type\" content=\"article\" \/>\n<meta property=\"og:title\" content=\"D\u00e9but de la saison estivale des pow-wow 2024 au Canada - Nouvelles de l&#039;industrie touristique autochtone\" \/>\n<meta property=\"og:description\" content=\"Destination Autochtone d\u00e9voile un programme riche en c\u00e9l\u00e9brations d&#039;un bout \u00e0 l&#039;autre du pays. X\u02b7m\u0259\u03b8k\u02b7\u0259y\u0313\u0259m (Musqueam), S\u1e35wx\u0331w\u00fa7mesh (Squamish) et\" \/>\n<meta property=\"og:url\" content=\"https:\/\/indigenoustourism.ca\/fr\/debut-de-la-saison-estivale-des-pow-wow-2024-au-canada\/\" \/>\n<meta property=\"og:site_name\" content=\"Association touristique autochtone du Canada\" \/>\n<meta property=\"article:published_time\" content=\"2024-06-11T20:13:09+00:00\" \/>\n<meta property=\"og:image\" content=\"https:\/\/indigenoustourism.ca\/wp-content\/uploads\/2024\/06\/2024-Summer-Pow-Wow-Season-1336-X-1024-.jpg\" \/>\n\t<meta property=\"og:image:width\" content=\"1336\" \/>\n\t<meta property=\"og:image:height\" content=\"1024\" \/>\n\t<meta property=\"og:image:type\" content=\"image\/jpeg\" \/>\n<meta name=\"author\" content=\"Sheldon McRae\" \/>\n<meta name=\"twitter:card\" content=\"summary_large_image\" \/>\n<meta name=\"twitter:creator\" content=\"@itac_corporate\" \/>\n<meta name=\"twitter:site\" content=\"@itac_corporate\" \/>\n<meta name=\"twitter:label1\" content=\"\u00c9crit par\" \/>\n\t<meta name=\"twitter:data1\" content=\"Sheldon McRae\" \/>\n\t<meta name=\"twitter:label2\" content=\"Dur\u00e9e de lecture estim\u00e9e\" \/>\n\t<meta name=\"twitter:data2\" content=\"7 minutes\" \/>\n<script type=\"application\/ld+json\" class=\"yoast-schema-graph\">{\"@context\":\"https:\/\/schema.org\",\"@graph\":[{\"@type\":\"Article\",\"@id\":\"https:\/\/indigenoustourism.ca\/fr\/debut-de-la-saison-estivale-des-pow-wow-2024-au-canada\/#article\",\"isPartOf\":{\"@id\":\"https:\/\/indigenoustourism.ca\/fr\/debut-de-la-saison-estivale-des-pow-wow-2024-au-canada\/\"},\"author\":{\"name\":\"Sheldon McRae\",\"@id\":\"https:\/\/indigenoustourism.ca\/#\/schema\/person\/11a6f3db06bc69c1bbdfc3829fa544bd\"},\"headline\":\"D\u00e9but de la saison estivale des pow-wow 2024 au Canada\",\"datePublished\":\"2024-06-11T20:13:09+00:00\",\"mainEntityOfPage\":{\"@id\":\"https:\/\/indigenoustourism.ca\/fr\/debut-de-la-saison-estivale-des-pow-wow-2024-au-canada\/\"},\"wordCount\":1652,\"publisher\":{\"@id\":\"https:\/\/indigenoustourism.ca\/#organization\"},\"image\":{\"@id\":\"https:\/\/indigenoustourism.ca\/fr\/debut-de-la-saison-estivale-des-pow-wow-2024-au-canada\/#primaryimage\"},\"thumbnailUrl\":\"https:\/\/indigenoustourism.ca\/wp-content\/uploads\/2024\/06\/2024-Summer-Pow-Wow-Season-1336-X-1024-.jpg\",\"inLanguage\":\"fr-FR\"},{\"@type\":\"WebPage\",\"@id\":\"https:\/\/indigenoustourism.ca\/fr\/debut-de-la-saison-estivale-des-pow-wow-2024-au-canada\/\",\"url\":\"https:\/\/indigenoustourism.ca\/fr\/debut-de-la-saison-estivale-des-pow-wow-2024-au-canada\/\",\"name\":\"D\u00e9but de la saison estivale des pow-wow 2024 au Canada - Nouvelles de l'industrie touristique autochtone\",\"isPartOf\":{\"@id\":\"https:\/\/indigenoustourism.ca\/#website\"},\"primaryImageOfPage\":{\"@id\":\"https:\/\/indigenoustourism.ca\/fr\/debut-de-la-saison-estivale-des-pow-wow-2024-au-canada\/#primaryimage\"},\"image\":{\"@id\":\"https:\/\/indigenoustourism.ca\/fr\/debut-de-la-saison-estivale-des-pow-wow-2024-au-canada\/#primaryimage\"},\"thumbnailUrl\":\"https:\/\/indigenoustourism.ca\/wp-content\/uploads\/2024\/06\/2024-Summer-Pow-Wow-Season-1336-X-1024-.jpg\",\"datePublished\":\"2024-06-11T20:13:09+00:00\",\"description\":\"Destination Autochtone d\u00e9voile un programme riche en c\u00e9l\u00e9brations d'un bout \u00e0 l'autre du pays. X\u02b7m\u0259\u03b8k\u02b7\u0259y\u0313\u0259m (Musqueam), S\u1e35wx\u0331w\u00fa7mesh (Squamish) et\",\"breadcrumb\":{\"@id\":\"https:\/\/indigenoustourism.ca\/fr\/debut-de-la-saison-estivale-des-pow-wow-2024-au-canada\/#breadcrumb\"},\"inLanguage\":\"fr-FR\",\"potentialAction\":[{\"@type\":\"ReadAction\",\"target\":[\"https:\/\/indigenoustourism.ca\/fr\/debut-de-la-saison-estivale-des-pow-wow-2024-au-canada\/\"]}]},{\"@type\":\"ImageObject\",\"inLanguage\":\"fr-FR\",\"@id\":\"https:\/\/indigenoustourism.ca\/fr\/debut-de-la-saison-estivale-des-pow-wow-2024-au-canada\/#primaryimage\",\"url\":\"https:\/\/indigenoustourism.ca\/wp-content\/uploads\/2024\/06\/2024-Summer-Pow-Wow-Season-1336-X-1024-.jpg\",\"contentUrl\":\"https:\/\/indigenoustourism.ca\/wp-content\/uploads\/2024\/06\/2024-Summer-Pow-Wow-Season-1336-X-1024-.jpg\",\"width\":1336,\"height\":1024},{\"@type\":\"BreadcrumbList\",\"@id\":\"https:\/\/indigenoustourism.ca\/fr\/debut-de-la-saison-estivale-des-pow-wow-2024-au-canada\/#breadcrumb\",\"itemListElement\":[{\"@type\":\"ListItem\",\"position\":1,\"name\":\"Home\",\"item\":\"https:\/\/indigenoustourism.ca\/fr\/home\/\"},{\"@type\":\"ListItem\",\"position\":2,\"name\":\"D\u00e9but de la saison estivale des pow-wow 2024 au Canada\"}]},{\"@type\":\"WebSite\",\"@id\":\"https:\/\/indigenoustourism.ca\/#website\",\"url\":\"https:\/\/indigenoustourism.ca\/\",\"name\":\"Association touristique autochtone du Canada\",\"description\":\"Corporate\",\"publisher\":{\"@id\":\"https:\/\/indigenoustourism.ca\/#organization\"},\"potentialAction\":[{\"@type\":\"SearchAction\",\"target\":{\"@type\":\"EntryPoint\",\"urlTemplate\":\"https:\/\/indigenoustourism.ca\/?s={search_term_string}\"},\"query-input\":{\"@type\":\"PropertyValueSpecification\",\"valueRequired\":true,\"valueName\":\"search_term_string\"}}],\"inLanguage\":\"fr-FR\"},{\"@type\":\"Organization\",\"@id\":\"https:\/\/indigenoustourism.ca\/#organization\",\"name\":\"Association touristique autochtone du Canada\",\"url\":\"https:\/\/indigenoustourism.ca\/\",\"logo\":{\"@type\":\"ImageObject\",\"inLanguage\":\"fr-FR\",\"@id\":\"https:\/\/indigenoustourism.ca\/#\/schema\/logo\/image\/\",\"url\":\"https:\/\/indigenoustourism.ca\/wp-content\/uploads\/2018\/02\/ITAC-logo-corporate-bilingual-standard@300x.png\",\"contentUrl\":\"https:\/\/indigenoustourism.ca\/wp-content\/uploads\/2018\/02\/ITAC-logo-corporate-bilingual-standard@300x.png\",\"width\":2408,\"height\":701,\"caption\":\"Association touristique autochtone du Canada\"},\"image\":{\"@id\":\"https:\/\/indigenoustourism.ca\/#\/schema\/logo\/image\/\"},\"sameAs\":[\"https:\/\/x.com\/itac_corporate\"]},{\"@type\":\"Person\",\"@id\":\"https:\/\/indigenoustourism.ca\/#\/schema\/person\/11a6f3db06bc69c1bbdfc3829fa544bd\",\"name\":\"Sheldon McRae\",\"image\":{\"@type\":\"ImageObject\",\"inLanguage\":\"fr-FR\",\"@id\":\"https:\/\/indigenoustourism.ca\/#\/schema\/person\/image\/\",\"url\":\"https:\/\/secure.gravatar.com\/avatar\/cbe11659ca22578c6b18c51624d27db9?s=96&d=mm&r=g\",\"contentUrl\":\"https:\/\/secure.gravatar.com\/avatar\/cbe11659ca22578c6b18c51624d27db9?s=96&d=mm&r=g\",\"caption\":\"Sheldon McRae\"}}]}<\/script>\n<!-- \/ Yoast SEO plugin. -->","yoast_head_json":{"title":"D\u00e9but de la saison estivale des pow-wow 2024 au Canada - Nouvelles de l'industrie touristique autochtone","description":"Destination Autochtone d\u00e9voile un programme riche en c\u00e9l\u00e9brations d'un bout \u00e0 l'autre du pays. X\u02b7m\u0259\u03b8k\u02b7\u0259y\u0313\u0259m (Musqueam), S\u1e35wx\u0331w\u00fa7mesh (Squamish) et","robots":{"index":"index","follow":"follow","max-snippet":"max-snippet:-1","max-image-preview":"max-image-preview:large","max-video-preview":"max-video-preview:-1"},"canonical":"https:\/\/indigenoustourism.ca\/fr\/debut-de-la-saison-estivale-des-pow-wow-2024-au-canada\/","og_locale":"fr_FR","og_type":"article","og_title":"D\u00e9but de la saison estivale des pow-wow 2024 au Canada - Nouvelles de l'industrie touristique autochtone","og_description":"Destination Autochtone d\u00e9voile un programme riche en c\u00e9l\u00e9brations d'un bout \u00e0 l'autre du pays. X\u02b7m\u0259\u03b8k\u02b7\u0259y\u0313\u0259m (Musqueam), S\u1e35wx\u0331w\u00fa7mesh (Squamish) et","og_url":"https:\/\/indigenoustourism.ca\/fr\/debut-de-la-saison-estivale-des-pow-wow-2024-au-canada\/","og_site_name":"Association touristique autochtone du Canada","article_published_time":"2024-06-11T20:13:09+00:00","og_image":[{"width":1336,"height":1024,"url":"https:\/\/indigenoustourism.ca\/wp-content\/uploads\/2024\/06\/2024-Summer-Pow-Wow-Season-1336-X-1024-.jpg","type":"image\/jpeg"}],"author":"Sheldon McRae","twitter_card":"summary_large_image","twitter_creator":"@itac_corporate","twitter_site":"@itac_corporate","twitter_misc":{"\u00c9crit par":"Sheldon McRae","Dur\u00e9e de lecture estim\u00e9e":"7 minutes"},"schema":{"@context":"https:\/\/schema.org","@graph":[{"@type":"Article","@id":"https:\/\/indigenoustourism.ca\/fr\/debut-de-la-saison-estivale-des-pow-wow-2024-au-canada\/#article","isPartOf":{"@id":"https:\/\/indigenoustourism.ca\/fr\/debut-de-la-saison-estivale-des-pow-wow-2024-au-canada\/"},"author":{"name":"Sheldon McRae","@id":"https:\/\/indigenoustourism.ca\/#\/schema\/person\/11a6f3db06bc69c1bbdfc3829fa544bd"},"headline":"D\u00e9but de la saison estivale des pow-wow 2024 au Canada","datePublished":"2024-06-11T20:13:09+00:00","mainEntityOfPage":{"@id":"https:\/\/indigenoustourism.ca\/fr\/debut-de-la-saison-estivale-des-pow-wow-2024-au-canada\/"},"wordCount":1652,"publisher":{"@id":"https:\/\/indigenoustourism.ca\/#organization"},"image":{"@id":"https:\/\/indigenoustourism.ca\/fr\/debut-de-la-saison-estivale-des-pow-wow-2024-au-canada\/#primaryimage"},"thumbnailUrl":"https:\/\/indigenoustourism.ca\/wp-content\/uploads\/2024\/06\/2024-Summer-Pow-Wow-Season-1336-X-1024-.jpg","inLanguage":"fr-FR"},{"@type":"WebPage","@id":"https:\/\/indigenoustourism.ca\/fr\/debut-de-la-saison-estivale-des-pow-wow-2024-au-canada\/","url":"https:\/\/indigenoustourism.ca\/fr\/debut-de-la-saison-estivale-des-pow-wow-2024-au-canada\/","name":"D\u00e9but de la saison estivale des pow-wow 2024 au Canada - Nouvelles de l'industrie touristique autochtone","isPartOf":{"@id":"https:\/\/indigenoustourism.ca\/#website"},"primaryImageOfPage":{"@id":"https:\/\/indigenoustourism.ca\/fr\/debut-de-la-saison-estivale-des-pow-wow-2024-au-canada\/#primaryimage"},"image":{"@id":"https:\/\/indigenoustourism.ca\/fr\/debut-de-la-saison-estivale-des-pow-wow-2024-au-canada\/#primaryimage"},"thumbnailUrl":"https:\/\/indigenoustourism.ca\/wp-content\/uploads\/2024\/06\/2024-Summer-Pow-Wow-Season-1336-X-1024-.jpg","datePublished":"2024-06-11T20:13:09+00:00","description":"Destination Autochtone d\u00e9voile un programme riche en c\u00e9l\u00e9brations d'un bout \u00e0 l'autre du pays. X\u02b7m\u0259\u03b8k\u02b7\u0259y\u0313\u0259m (Musqueam), S\u1e35wx\u0331w\u00fa7mesh (Squamish) et","breadcrumb":{"@id":"https:\/\/indigenoustourism.ca\/fr\/debut-de-la-saison-estivale-des-pow-wow-2024-au-canada\/#breadcrumb"},"inLanguage":"fr-FR","potentialAction":[{"@type":"ReadAction","target":["https:\/\/indigenoustourism.ca\/fr\/debut-de-la-saison-estivale-des-pow-wow-2024-au-canada\/"]}]},{"@type":"ImageObject","inLanguage":"fr-FR","@id":"https:\/\/indigenoustourism.ca\/fr\/debut-de-la-saison-estivale-des-pow-wow-2024-au-canada\/#primaryimage","url":"https:\/\/indigenoustourism.ca\/wp-content\/uploads\/2024\/06\/2024-Summer-Pow-Wow-Season-1336-X-1024-.jpg","contentUrl":"https:\/\/indigenoustourism.ca\/wp-content\/uploads\/2024\/06\/2024-Summer-Pow-Wow-Season-1336-X-1024-.jpg","width":1336,"height":1024},{"@type":"BreadcrumbList","@id":"https:\/\/indigenoustourism.ca\/fr\/debut-de-la-saison-estivale-des-pow-wow-2024-au-canada\/#breadcrumb","itemListElement":[{"@type":"ListItem","position":1,"name":"Home","item":"https:\/\/indigenoustourism.ca\/fr\/home\/"},{"@type":"ListItem","position":2,"name":"D\u00e9but de la saison estivale des pow-wow 2024 au Canada"}]},{"@type":"WebSite","@id":"https:\/\/indigenoustourism.ca\/#website","url":"https:\/\/indigenoustourism.ca\/","name":"Association touristique autochtone du Canada","description":"Corporate","publisher":{"@id":"https:\/\/indigenoustourism.ca\/#organization"},"potentialAction":[{"@type":"SearchAction","target":{"@type":"EntryPoint","urlTemplate":"https:\/\/indigenoustourism.ca\/?s={search_term_string}"},"query-input":{"@type":"PropertyValueSpecification","valueRequired":true,"valueName":"search_term_string"}}],"inLanguage":"fr-FR"},{"@type":"Organization","@id":"https:\/\/indigenoustourism.ca\/#organization","name":"Association touristique autochtone du Canada","url":"https:\/\/indigenoustourism.ca\/","logo":{"@type":"ImageObject","inLanguage":"fr-FR","@id":"https:\/\/indigenoustourism.ca\/#\/schema\/logo\/image\/","url":"https:\/\/indigenoustourism.ca\/wp-content\/uploads\/2018\/02\/ITAC-logo-corporate-bilingual-standard@300x.png","contentUrl":"https:\/\/indigenoustourism.ca\/wp-content\/uploads\/2018\/02\/ITAC-logo-corporate-bilingual-standard@300x.png","width":2408,"height":701,"caption":"Association touristique autochtone du Canada"},"image":{"@id":"https:\/\/indigenoustourism.ca\/#\/schema\/logo\/image\/"},"sameAs":["https:\/\/x.com\/itac_corporate"]},{"@type":"Person","@id":"https:\/\/indigenoustourism.ca\/#\/schema\/person\/11a6f3db06bc69c1bbdfc3829fa544bd","name":"Sheldon McRae","image":{"@type":"ImageObject","inLanguage":"fr-FR","@id":"https:\/\/indigenoustourism.ca\/#\/schema\/person\/image\/","url":"https:\/\/secure.gravatar.com\/avatar\/cbe11659ca22578c6b18c51624d27db9?s=96&d=mm&r=g","contentUrl":"https:\/\/secure.gravatar.com\/avatar\/cbe11659ca22578c6b18c51624d27db9?s=96&d=mm&r=g","caption":"Sheldon McRae"}}]}},"_links":{"self":[{"href":"https:\/\/indigenoustourism.ca\/fr\/wp-json\/wp\/v2\/posts\/32484","targetHints":{"allow":["GET"]}}],"collection":[{"href":"https:\/\/indigenoustourism.ca\/fr\/wp-json\/wp\/v2\/posts"}],"about":[{"href":"https:\/\/indigenoustourism.ca\/fr\/wp-json\/wp\/v2\/types\/post"}],"author":[{"embeddable":true,"href":"https:\/\/indigenoustourism.ca\/fr\/wp-json\/wp\/v2\/users\/18"}],"replies":[{"embeddable":true,"href":"https:\/\/indigenoustourism.ca\/fr\/wp-json\/wp\/v2\/comments?post=32484"}],"version-history":[{"count":0,"href":"https:\/\/indigenoustourism.ca\/fr\/wp-json\/wp\/v2\/posts\/32484\/revisions"}],"wp:featuredmedia":[{"embeddable":true,"href":"https:\/\/indigenoustourism.ca\/fr\/wp-json\/wp\/v2\/media\/32463"}],"wp:attachment":[{"href":"https:\/\/indigenoustourism.ca\/fr\/wp-json\/wp\/v2\/media?parent=32484"}],"wp:term":[{"taxonomy":"post_tag","embeddable":true,"href":"https:\/\/indigenoustourism.ca\/fr\/wp-json\/wp\/v2\/tags?post=32484"}],"curies":[{"name":"wp","href":"https:\/\/api.w.org\/{rel}","templated":true}]}}