{"id":27910,"date":"2023-08-01T12:09:21","date_gmt":"2023-08-01T19:09:21","guid":{"rendered":"https:\/\/indigenoustourism.ca\/?p=27910"},"modified":"2023-09-21T15:23:07","modified_gmt":"2023-09-21T22:23:07","slug":"ottawa-accueillera-le-congres-international-du-tourisme-autochtone-cita-2024-de-latac","status":"publish","type":"post","link":"https:\/\/indigenoustourism.ca\/fr\/ottawa-accueillera-le-congres-international-du-tourisme-autochtone-cita-2024-de-latac\/","title":{"rendered":"Ottawa accueillera le Congr\u00e8s international du tourisme autochtone (CITA) 2024 de l\u2019ATAC"},"content":{"rendered":"<p><strong>Territoire algonquin anishinaabe (Ottawa, ON)<\/strong> \u2013 <a href=\"https:\/\/indigenoustourismconference.com\/fr\/\">Le Congr\u00e8s international du tourisme autochtone (CITA) 2024<\/a> se tiendra sur le territoire non c\u00e9d\u00e9 des Algonquins Anishinaabeg \u00e0 Ottawa, en Ontario, du 26 au 28 f\u00e9vrier 2024.<\/p>\n<p>Le CITA rassemble les gens dans un esprit d\u2019apprentissage et d\u2019inspiration. En tant que plus grand congr\u00e8s du tourisme autochtone au monde, cet \u00e9v\u00e9nement contribue grandement \u00e0 l\u2019avancement de l\u2019industrie touristique autochtone.<\/p>\n<p>Le th\u00e8me de l\u2019\u00e9dition 2024 du congr\u00e8s, \u00ab Au carrefour des Nations \u00bb, symbolise la convergence de diverses Nations, cultures et perspectives autochtones, offrant ainsi un espace de dialogue, d&rsquo;\u00e9change et de collaboration pour le tourisme autochtone. \u00ab Au carrefour des Nations \u00bb est un th\u00e8me qui invite \u00e0 d\u00e9couvrir le tourisme autochtone \u00e0 Ottawa.<\/p>\n<p>\u00ab Le CITA 2024 sera l&rsquo;occasion de nouer des liens avec des professionnels de l&rsquo;industrie, des op\u00e9rateurs touristiques autochtones, des organisations de marketing de destination et des repr\u00e9sentants du gouvernement \u00bb, a d\u00e9clar\u00e9 M. Keith Henry, pr\u00e9sident-directeur g\u00e9n\u00e9ral de l\u2019Association touristique autochtone du Canada (ATAC). \u00ab Ce congr\u00e8s propice au r\u00e9seautage et \u00e0 la collaboration favorisera des partenariats importants, \u00e9tablissant une base solide pour la croissance future, alors que nous visons \u00e0 faire du Canada le leader mondial du tourisme autochtone d&rsquo;ici 2030. \u00bb<\/p>\n<p>Organis\u00e9 chaque ann\u00e9e par <a href=\"https:\/\/indigenoustourism.ca\/fr\/\">l\u2019ATAC<\/a>, cet \u00e9v\u00e9nement \u00e0 succ\u00e8s est r\u00e9alis\u00e9 en partenariat avec diverses organisations touristiques autochtones r\u00e9gionales et d&rsquo;autres associations touristiques r\u00e9gionales et nationales depuis dix ans. Il a d\u00e9j\u00e0 eu lieu au Manitoba, au Qu\u00e9bec, en Nouvelle-\u00c9cosse, en Alberta, en Saskatchewan et en Colombie-Britannique.<\/p>\n<p>L\u2019ATAC se r\u00e9jouit de vous accueillir en f\u00e9vrier 2024 \u00e0 Ottawa, en Ontario, pour un congr\u00e8s inspirant et m\u00e9morable. Joignez-vous au CITA 2024 et fa\u00e7onnons ensemble l\u2019avenir du tourisme autochtone!<\/p>\n<p>&nbsp;<\/p>\n","protected":false},"excerpt":{"rendered":"<p>Territoire algonquin anishinaabe (Ottawa, ON) \u2013 Le Congr\u00e8s international du tourisme autochtone (CITA) 2024 se tiendra sur le territoire non c\u00e9d\u00e9 des Algonquins Anishinaabeg \u00e0 Ottawa, en Ontario, du 26 au 28 f\u00e9vrier 2024. Le CITA rassemble les gens dans un esprit d\u2019apprentissage et d\u2019inspiration. En tant que plus grand congr\u00e8s du tourisme autochtone au [&hellip;]<\/p>\n","protected":false},"author":18,"featured_media":27912,"comment_status":"closed","ping_status":"closed","sticky":false,"template":"","format":"standard","meta":{"_acf_changed":false,"footnotes":""},"tags":[],"class_list":["post-27910","post","type-post","status-publish","format-standard","has-post-thumbnail","hentry","region-ontario-fr","news-type-mises-a-jour-de-latac","news-type-nouvelles-de-lindustrie"],"acf":[],"yoast_head":"<!-- This site is optimized with the Yoast SEO plugin v24.6 - https:\/\/yoast.com\/wordpress\/plugins\/seo\/ -->\n<title>Ottawa accueillera le Congr\u00e8s international du tourisme autochtone (CITA) 2024 de l\u2019ATAC - Nouvelles de l&#039;industrie touristique autochtone<\/title>\n<meta name=\"description\" content=\"Territoire algonquin anishinaabe (Ottawa, ON) \u2013 Le Congr\u00e8s international du tourisme autochtone (CITA) 2024 se tiendra sur le territoire non c\u00e9d\u00e9 des\" \/>\n<meta name=\"robots\" content=\"index, follow, max-snippet:-1, max-image-preview:large, max-video-preview:-1\" \/>\n<link rel=\"canonical\" href=\"https:\/\/indigenoustourism.ca\/fr\/ottawa-accueillera-le-congres-international-du-tourisme-autochtone-cita-2024-de-latac\/\" \/>\n<meta property=\"og:locale\" content=\"fr_FR\" \/>\n<meta property=\"og:type\" content=\"article\" \/>\n<meta property=\"og:title\" content=\"Ottawa accueillera le Congr\u00e8s international du tourisme autochtone (CITA) 2024 de l\u2019ATAC - Nouvelles de l&#039;industrie touristique autochtone\" \/>\n<meta property=\"og:description\" content=\"Territoire algonquin anishinaabe (Ottawa, ON) \u2013 Le Congr\u00e8s international du tourisme autochtone (CITA) 2024 se tiendra sur le territoire non c\u00e9d\u00e9 des\" \/>\n<meta property=\"og:url\" content=\"https:\/\/indigenoustourism.ca\/fr\/ottawa-accueillera-le-congres-international-du-tourisme-autochtone-cita-2024-de-latac\/\" \/>\n<meta property=\"og:site_name\" content=\"Association touristique autochtone du Canada\" \/>\n<meta property=\"article:published_time\" content=\"2023-08-01T19:09:21+00:00\" \/>\n<meta property=\"article:modified_time\" content=\"2023-09-21T22:23:07+00:00\" \/>\n<meta property=\"og:image\" content=\"https:\/\/indigenoustourism.ca\/wp-content\/uploads\/2023\/08\/2024-IITC-Logo-FR.jpg\" \/>\n\t<meta property=\"og:image:width\" content=\"1336\" \/>\n\t<meta property=\"og:image:height\" content=\"1024\" \/>\n\t<meta property=\"og:image:type\" content=\"image\/jpeg\" \/>\n<meta name=\"author\" content=\"Sheldon McRae\" \/>\n<meta name=\"twitter:card\" content=\"summary_large_image\" \/>\n<meta name=\"twitter:creator\" content=\"@itac_corporate\" \/>\n<meta name=\"twitter:site\" content=\"@itac_corporate\" \/>\n<meta name=\"twitter:label1\" content=\"\u00c9crit par\" \/>\n\t<meta name=\"twitter:data1\" content=\"Sheldon McRae\" \/>\n\t<meta name=\"twitter:label2\" content=\"Dur\u00e9e de lecture estim\u00e9e\" \/>\n\t<meta name=\"twitter:data2\" content=\"2 minutes\" \/>\n<script type=\"application\/ld+json\" class=\"yoast-schema-graph\">{\"@context\":\"https:\/\/schema.org\",\"@graph\":[{\"@type\":\"Article\",\"@id\":\"https:\/\/indigenoustourism.ca\/fr\/ottawa-accueillera-le-congres-international-du-tourisme-autochtone-cita-2024-de-latac\/#article\",\"isPartOf\":{\"@id\":\"https:\/\/indigenoustourism.ca\/fr\/ottawa-accueillera-le-congres-international-du-tourisme-autochtone-cita-2024-de-latac\/\"},\"author\":{\"name\":\"Sheldon McRae\",\"@id\":\"https:\/\/indigenoustourism.ca\/#\/schema\/person\/11a6f3db06bc69c1bbdfc3829fa544bd\"},\"headline\":\"Ottawa accueillera le Congr\u00e8s international du tourisme autochtone (CITA) 2024 de l\u2019ATAC\",\"datePublished\":\"2023-08-01T19:09:21+00:00\",\"dateModified\":\"2023-09-21T22:23:07+00:00\",\"mainEntityOfPage\":{\"@id\":\"https:\/\/indigenoustourism.ca\/fr\/ottawa-accueillera-le-congres-international-du-tourisme-autochtone-cita-2024-de-latac\/\"},\"wordCount\":315,\"publisher\":{\"@id\":\"https:\/\/indigenoustourism.ca\/#organization\"},\"image\":{\"@id\":\"https:\/\/indigenoustourism.ca\/fr\/ottawa-accueillera-le-congres-international-du-tourisme-autochtone-cita-2024-de-latac\/#primaryimage\"},\"thumbnailUrl\":\"https:\/\/indigenoustourism.ca\/wp-content\/uploads\/2023\/08\/2024-IITC-Logo-FR.jpg\",\"inLanguage\":\"fr-FR\"},{\"@type\":\"WebPage\",\"@id\":\"https:\/\/indigenoustourism.ca\/fr\/ottawa-accueillera-le-congres-international-du-tourisme-autochtone-cita-2024-de-latac\/\",\"url\":\"https:\/\/indigenoustourism.ca\/fr\/ottawa-accueillera-le-congres-international-du-tourisme-autochtone-cita-2024-de-latac\/\",\"name\":\"Ottawa accueillera le Congr\u00e8s international du tourisme autochtone (CITA) 2024 de l\u2019ATAC - Nouvelles de l'industrie touristique autochtone\",\"isPartOf\":{\"@id\":\"https:\/\/indigenoustourism.ca\/#website\"},\"primaryImageOfPage\":{\"@id\":\"https:\/\/indigenoustourism.ca\/fr\/ottawa-accueillera-le-congres-international-du-tourisme-autochtone-cita-2024-de-latac\/#primaryimage\"},\"image\":{\"@id\":\"https:\/\/indigenoustourism.ca\/fr\/ottawa-accueillera-le-congres-international-du-tourisme-autochtone-cita-2024-de-latac\/#primaryimage\"},\"thumbnailUrl\":\"https:\/\/indigenoustourism.ca\/wp-content\/uploads\/2023\/08\/2024-IITC-Logo-FR.jpg\",\"datePublished\":\"2023-08-01T19:09:21+00:00\",\"dateModified\":\"2023-09-21T22:23:07+00:00\",\"description\":\"Territoire algonquin anishinaabe (Ottawa, ON) \u2013 Le Congr\u00e8s international du tourisme autochtone (CITA) 2024 se tiendra sur le territoire non c\u00e9d\u00e9 des\",\"breadcrumb\":{\"@id\":\"https:\/\/indigenoustourism.ca\/fr\/ottawa-accueillera-le-congres-international-du-tourisme-autochtone-cita-2024-de-latac\/#breadcrumb\"},\"inLanguage\":\"fr-FR\",\"potentialAction\":[{\"@type\":\"ReadAction\",\"target\":[\"https:\/\/indigenoustourism.ca\/fr\/ottawa-accueillera-le-congres-international-du-tourisme-autochtone-cita-2024-de-latac\/\"]}]},{\"@type\":\"ImageObject\",\"inLanguage\":\"fr-FR\",\"@id\":\"https:\/\/indigenoustourism.ca\/fr\/ottawa-accueillera-le-congres-international-du-tourisme-autochtone-cita-2024-de-latac\/#primaryimage\",\"url\":\"https:\/\/indigenoustourism.ca\/wp-content\/uploads\/2023\/08\/2024-IITC-Logo-FR.jpg\",\"contentUrl\":\"https:\/\/indigenoustourism.ca\/wp-content\/uploads\/2023\/08\/2024-IITC-Logo-FR.jpg\",\"width\":1336,\"height\":1024},{\"@type\":\"BreadcrumbList\",\"@id\":\"https:\/\/indigenoustourism.ca\/fr\/ottawa-accueillera-le-congres-international-du-tourisme-autochtone-cita-2024-de-latac\/#breadcrumb\",\"itemListElement\":[{\"@type\":\"ListItem\",\"position\":1,\"name\":\"Home\",\"item\":\"https:\/\/indigenoustourism.ca\/fr\/home\/\"},{\"@type\":\"ListItem\",\"position\":2,\"name\":\"Ottawa accueillera le Congr\u00e8s international du tourisme autochtone (CITA) 2024 de l\u2019ATAC\"}]},{\"@type\":\"WebSite\",\"@id\":\"https:\/\/indigenoustourism.ca\/#website\",\"url\":\"https:\/\/indigenoustourism.ca\/\",\"name\":\"Association touristique autochtone du Canada\",\"description\":\"Corporate\",\"publisher\":{\"@id\":\"https:\/\/indigenoustourism.ca\/#organization\"},\"potentialAction\":[{\"@type\":\"SearchAction\",\"target\":{\"@type\":\"EntryPoint\",\"urlTemplate\":\"https:\/\/indigenoustourism.ca\/?s={search_term_string}\"},\"query-input\":{\"@type\":\"PropertyValueSpecification\",\"valueRequired\":true,\"valueName\":\"search_term_string\"}}],\"inLanguage\":\"fr-FR\"},{\"@type\":\"Organization\",\"@id\":\"https:\/\/indigenoustourism.ca\/#organization\",\"name\":\"Association touristique autochtone du Canada\",\"url\":\"https:\/\/indigenoustourism.ca\/\",\"logo\":{\"@type\":\"ImageObject\",\"inLanguage\":\"fr-FR\",\"@id\":\"https:\/\/indigenoustourism.ca\/#\/schema\/logo\/image\/\",\"url\":\"https:\/\/indigenoustourism.ca\/wp-content\/uploads\/2018\/02\/ITAC-logo-corporate-bilingual-standard@300x.png\",\"contentUrl\":\"https:\/\/indigenoustourism.ca\/wp-content\/uploads\/2018\/02\/ITAC-logo-corporate-bilingual-standard@300x.png\",\"width\":2408,\"height\":701,\"caption\":\"Association touristique autochtone du Canada\"},\"image\":{\"@id\":\"https:\/\/indigenoustourism.ca\/#\/schema\/logo\/image\/\"},\"sameAs\":[\"https:\/\/x.com\/itac_corporate\"]},{\"@type\":\"Person\",\"@id\":\"https:\/\/indigenoustourism.ca\/#\/schema\/person\/11a6f3db06bc69c1bbdfc3829fa544bd\",\"name\":\"Sheldon McRae\",\"image\":{\"@type\":\"ImageObject\",\"inLanguage\":\"fr-FR\",\"@id\":\"https:\/\/indigenoustourism.ca\/#\/schema\/person\/image\/\",\"url\":\"https:\/\/secure.gravatar.com\/avatar\/cbe11659ca22578c6b18c51624d27db9?s=96&d=mm&r=g\",\"contentUrl\":\"https:\/\/secure.gravatar.com\/avatar\/cbe11659ca22578c6b18c51624d27db9?s=96&d=mm&r=g\",\"caption\":\"Sheldon McRae\"}}]}<\/script>\n<!-- \/ Yoast SEO plugin. -->","yoast_head_json":{"title":"Ottawa accueillera le Congr\u00e8s international du tourisme autochtone (CITA) 2024 de l\u2019ATAC - Nouvelles de l'industrie touristique autochtone","description":"Territoire algonquin anishinaabe (Ottawa, ON) \u2013 Le Congr\u00e8s international du tourisme autochtone (CITA) 2024 se tiendra sur le territoire non c\u00e9d\u00e9 des","robots":{"index":"index","follow":"follow","max-snippet":"max-snippet:-1","max-image-preview":"max-image-preview:large","max-video-preview":"max-video-preview:-1"},"canonical":"https:\/\/indigenoustourism.ca\/fr\/ottawa-accueillera-le-congres-international-du-tourisme-autochtone-cita-2024-de-latac\/","og_locale":"fr_FR","og_type":"article","og_title":"Ottawa accueillera le Congr\u00e8s international du tourisme autochtone (CITA) 2024 de l\u2019ATAC - Nouvelles de l'industrie touristique autochtone","og_description":"Territoire algonquin anishinaabe (Ottawa, ON) \u2013 Le Congr\u00e8s international du tourisme autochtone (CITA) 2024 se tiendra sur le territoire non c\u00e9d\u00e9 des","og_url":"https:\/\/indigenoustourism.ca\/fr\/ottawa-accueillera-le-congres-international-du-tourisme-autochtone-cita-2024-de-latac\/","og_site_name":"Association touristique autochtone du Canada","article_published_time":"2023-08-01T19:09:21+00:00","article_modified_time":"2023-09-21T22:23:07+00:00","og_image":[{"width":1336,"height":1024,"url":"https:\/\/indigenoustourism.ca\/wp-content\/uploads\/2023\/08\/2024-IITC-Logo-FR.jpg","type":"image\/jpeg"}],"author":"Sheldon McRae","twitter_card":"summary_large_image","twitter_creator":"@itac_corporate","twitter_site":"@itac_corporate","twitter_misc":{"\u00c9crit par":"Sheldon McRae","Dur\u00e9e de lecture estim\u00e9e":"2 minutes"},"schema":{"@context":"https:\/\/schema.org","@graph":[{"@type":"Article","@id":"https:\/\/indigenoustourism.ca\/fr\/ottawa-accueillera-le-congres-international-du-tourisme-autochtone-cita-2024-de-latac\/#article","isPartOf":{"@id":"https:\/\/indigenoustourism.ca\/fr\/ottawa-accueillera-le-congres-international-du-tourisme-autochtone-cita-2024-de-latac\/"},"author":{"name":"Sheldon McRae","@id":"https:\/\/indigenoustourism.ca\/#\/schema\/person\/11a6f3db06bc69c1bbdfc3829fa544bd"},"headline":"Ottawa accueillera le Congr\u00e8s international du tourisme autochtone (CITA) 2024 de l\u2019ATAC","datePublished":"2023-08-01T19:09:21+00:00","dateModified":"2023-09-21T22:23:07+00:00","mainEntityOfPage":{"@id":"https:\/\/indigenoustourism.ca\/fr\/ottawa-accueillera-le-congres-international-du-tourisme-autochtone-cita-2024-de-latac\/"},"wordCount":315,"publisher":{"@id":"https:\/\/indigenoustourism.ca\/#organization"},"image":{"@id":"https:\/\/indigenoustourism.ca\/fr\/ottawa-accueillera-le-congres-international-du-tourisme-autochtone-cita-2024-de-latac\/#primaryimage"},"thumbnailUrl":"https:\/\/indigenoustourism.ca\/wp-content\/uploads\/2023\/08\/2024-IITC-Logo-FR.jpg","inLanguage":"fr-FR"},{"@type":"WebPage","@id":"https:\/\/indigenoustourism.ca\/fr\/ottawa-accueillera-le-congres-international-du-tourisme-autochtone-cita-2024-de-latac\/","url":"https:\/\/indigenoustourism.ca\/fr\/ottawa-accueillera-le-congres-international-du-tourisme-autochtone-cita-2024-de-latac\/","name":"Ottawa accueillera le Congr\u00e8s international du tourisme autochtone (CITA) 2024 de l\u2019ATAC - Nouvelles de l'industrie touristique autochtone","isPartOf":{"@id":"https:\/\/indigenoustourism.ca\/#website"},"primaryImageOfPage":{"@id":"https:\/\/indigenoustourism.ca\/fr\/ottawa-accueillera-le-congres-international-du-tourisme-autochtone-cita-2024-de-latac\/#primaryimage"},"image":{"@id":"https:\/\/indigenoustourism.ca\/fr\/ottawa-accueillera-le-congres-international-du-tourisme-autochtone-cita-2024-de-latac\/#primaryimage"},"thumbnailUrl":"https:\/\/indigenoustourism.ca\/wp-content\/uploads\/2023\/08\/2024-IITC-Logo-FR.jpg","datePublished":"2023-08-01T19:09:21+00:00","dateModified":"2023-09-21T22:23:07+00:00","description":"Territoire algonquin anishinaabe (Ottawa, ON) \u2013 Le Congr\u00e8s international du tourisme autochtone (CITA) 2024 se tiendra sur le territoire non c\u00e9d\u00e9 des","breadcrumb":{"@id":"https:\/\/indigenoustourism.ca\/fr\/ottawa-accueillera-le-congres-international-du-tourisme-autochtone-cita-2024-de-latac\/#breadcrumb"},"inLanguage":"fr-FR","potentialAction":[{"@type":"ReadAction","target":["https:\/\/indigenoustourism.ca\/fr\/ottawa-accueillera-le-congres-international-du-tourisme-autochtone-cita-2024-de-latac\/"]}]},{"@type":"ImageObject","inLanguage":"fr-FR","@id":"https:\/\/indigenoustourism.ca\/fr\/ottawa-accueillera-le-congres-international-du-tourisme-autochtone-cita-2024-de-latac\/#primaryimage","url":"https:\/\/indigenoustourism.ca\/wp-content\/uploads\/2023\/08\/2024-IITC-Logo-FR.jpg","contentUrl":"https:\/\/indigenoustourism.ca\/wp-content\/uploads\/2023\/08\/2024-IITC-Logo-FR.jpg","width":1336,"height":1024},{"@type":"BreadcrumbList","@id":"https:\/\/indigenoustourism.ca\/fr\/ottawa-accueillera-le-congres-international-du-tourisme-autochtone-cita-2024-de-latac\/#breadcrumb","itemListElement":[{"@type":"ListItem","position":1,"name":"Home","item":"https:\/\/indigenoustourism.ca\/fr\/home\/"},{"@type":"ListItem","position":2,"name":"Ottawa accueillera le Congr\u00e8s international du tourisme autochtone (CITA) 2024 de l\u2019ATAC"}]},{"@type":"WebSite","@id":"https:\/\/indigenoustourism.ca\/#website","url":"https:\/\/indigenoustourism.ca\/","name":"Association touristique autochtone du Canada","description":"Corporate","publisher":{"@id":"https:\/\/indigenoustourism.ca\/#organization"},"potentialAction":[{"@type":"SearchAction","target":{"@type":"EntryPoint","urlTemplate":"https:\/\/indigenoustourism.ca\/?s={search_term_string}"},"query-input":{"@type":"PropertyValueSpecification","valueRequired":true,"valueName":"search_term_string"}}],"inLanguage":"fr-FR"},{"@type":"Organization","@id":"https:\/\/indigenoustourism.ca\/#organization","name":"Association touristique autochtone du Canada","url":"https:\/\/indigenoustourism.ca\/","logo":{"@type":"ImageObject","inLanguage":"fr-FR","@id":"https:\/\/indigenoustourism.ca\/#\/schema\/logo\/image\/","url":"https:\/\/indigenoustourism.ca\/wp-content\/uploads\/2018\/02\/ITAC-logo-corporate-bilingual-standard@300x.png","contentUrl":"https:\/\/indigenoustourism.ca\/wp-content\/uploads\/2018\/02\/ITAC-logo-corporate-bilingual-standard@300x.png","width":2408,"height":701,"caption":"Association touristique autochtone du Canada"},"image":{"@id":"https:\/\/indigenoustourism.ca\/#\/schema\/logo\/image\/"},"sameAs":["https:\/\/x.com\/itac_corporate"]},{"@type":"Person","@id":"https:\/\/indigenoustourism.ca\/#\/schema\/person\/11a6f3db06bc69c1bbdfc3829fa544bd","name":"Sheldon McRae","image":{"@type":"ImageObject","inLanguage":"fr-FR","@id":"https:\/\/indigenoustourism.ca\/#\/schema\/person\/image\/","url":"https:\/\/secure.gravatar.com\/avatar\/cbe11659ca22578c6b18c51624d27db9?s=96&d=mm&r=g","contentUrl":"https:\/\/secure.gravatar.com\/avatar\/cbe11659ca22578c6b18c51624d27db9?s=96&d=mm&r=g","caption":"Sheldon McRae"}}]}},"_links":{"self":[{"href":"https:\/\/indigenoustourism.ca\/fr\/wp-json\/wp\/v2\/posts\/27910","targetHints":{"allow":["GET"]}}],"collection":[{"href":"https:\/\/indigenoustourism.ca\/fr\/wp-json\/wp\/v2\/posts"}],"about":[{"href":"https:\/\/indigenoustourism.ca\/fr\/wp-json\/wp\/v2\/types\/post"}],"author":[{"embeddable":true,"href":"https:\/\/indigenoustourism.ca\/fr\/wp-json\/wp\/v2\/users\/18"}],"replies":[{"embeddable":true,"href":"https:\/\/indigenoustourism.ca\/fr\/wp-json\/wp\/v2\/comments?post=27910"}],"version-history":[{"count":0,"href":"https:\/\/indigenoustourism.ca\/fr\/wp-json\/wp\/v2\/posts\/27910\/revisions"}],"wp:featuredmedia":[{"embeddable":true,"href":"https:\/\/indigenoustourism.ca\/fr\/wp-json\/wp\/v2\/media\/27912"}],"wp:attachment":[{"href":"https:\/\/indigenoustourism.ca\/fr\/wp-json\/wp\/v2\/media?parent=27910"}],"wp:term":[{"taxonomy":"post_tag","embeddable":true,"href":"https:\/\/indigenoustourism.ca\/fr\/wp-json\/wp\/v2\/tags?post=27910"}],"curies":[{"name":"wp","href":"https:\/\/api.w.org\/{rel}","templated":true}]}}