{"id":27882,"date":"2023-07-27T14:37:05","date_gmt":"2023-07-27T21:37:05","guid":{"rendered":"https:\/\/indigenoustourism.ca\/?p=27882"},"modified":"2023-07-28T09:37:25","modified_gmt":"2023-07-28T16:37:25","slug":"latac-felicite-lhonorable-soraya-martinez-ferrada-nouvelle-ministre-du-tourisme","status":"publish","type":"post","link":"https:\/\/indigenoustourism.ca\/fr\/latac-felicite-lhonorable-soraya-martinez-ferrada-nouvelle-ministre-du-tourisme\/","title":{"rendered":"L\u2019ATAC f\u00e9licite l\u2019honorable Soraya Martinez Ferrada, nouvelle ministre du Tourisme"},"content":{"rendered":"<p>Une nouvelle ministre du Tourisme a \u00e9t\u00e9 nomm\u00e9e suite au remaniement minist\u00e9riel de ce matin. L\u2019Association touristique autochtone du Canada (ATAC) tient \u00e0 souhaiter la bienvenue \u00e0 l&rsquo;honorable ministre Soraya Martinez Ferrada dans ses nouvelles fonctions \u00e0 titre de ministre du Tourisme et de ministre responsable de l&rsquo;Agence de d\u00e9veloppement \u00e9conomique du Canada pour les r\u00e9gions du Qu\u00e9bec. L\u2019ATAC se r\u00e9jouit de poursuivre ses liens \u00e9troits et sa collaboration avec le cabinet du ministre pour faire avancer ensemble le tourisme autochtone.<\/p>\n<p>De plus, un autre minist\u00e8re qui soutient le travail de l\u2019ATAC a \u00e9galement chang\u00e9. L\u2019ATAC f\u00e9licite l&rsquo;honorable Gary Anandasangaree pour sa nomination au poste de ministre des Relations Couronne-Autochtones. Nous tenons \u00e0 remercier M. Marc Miler, ancien ministre \u00e0 ce poste, pour tout le travail qu&rsquo;il a accompli.<\/p>\n<p>Il est a not\u00e9 que deux minist\u00e8res qui soutiennent le travail de l\u2019ATAC demeurent inchang\u00e9s. Nous remercions l&rsquo;honorable Fran\u00e7ois-Philippe Champagne, ministre de l&rsquo;Innovation, des Sciences et de l&rsquo;Industrie du Canada, et l&rsquo;honorable Patty Hadju, ministre des Services aux Autochtones, pour leur soutien continu \u00e0 notre industrie.<\/p>\n<p>Pour terminer, l\u2019ATAC tient \u00e0 exprimer sa reconnaissance \u00e0 l&rsquo;honorable Randy Boissonnault pour son soutien et son plaidoyer en faveur du secteur du tourisme autochtone tout au long de son mandat. Gr\u00e2ce \u00e0 son engagement, le tourisme autochtone a \u00e9t\u00e9 \u00e9tabli comme l\u2019un des principaux piliers de la nouvelle strat\u00e9gie f\u00e9d\u00e9rale pour la croissance du tourisme. Nous f\u00e9licitons l\u2019honorable Karina Gould et lui souhaitons bonne chance dans ses nouvelles fonctions en tant que leader du gouvernement \u00e0 la Chambre des communes.<\/p>\n<p><a href=\"https:\/\/www.cbc.ca\/news\/politics\/cabinet-shuffle-trudeau-1.6916367\">Cliquez ici pour voir la liste compl\u00e8te du nouveau cabinet du gouvernement Trudeau via CBC News..<\/a><\/p>\n","protected":false},"excerpt":{"rendered":"<p>Une nouvelle ministre du Tourisme a \u00e9t\u00e9 nomm\u00e9e suite au remaniement minist\u00e9riel de ce matin. L\u2019Association touristique autochtone du Canada (ATAC) tient \u00e0 souhaiter la bienvenue \u00e0 l&rsquo;honorable ministre Soraya Martinez Ferrada dans ses nouvelles fonctions \u00e0 titre de ministre du Tourisme et de ministre responsable de l&rsquo;Agence de d\u00e9veloppement \u00e9conomique du Canada pour les [&hellip;]<\/p>\n","protected":false},"author":18,"featured_media":27890,"comment_status":"closed","ping_status":"closed","sticky":false,"template":"","format":"standard","meta":{"_acf_changed":false,"footnotes":""},"tags":[],"class_list":["post-27882","post","type-post","status-publish","format-standard","has-post-thumbnail","hentry","news-type-mises-a-jour-de-latac","news-type-nouvelles-de-lindustrie"],"acf":[],"yoast_head":"<!-- This site is optimized with the Yoast SEO plugin v24.6 - https:\/\/yoast.com\/wordpress\/plugins\/seo\/ -->\n<title>L\u2019ATAC f\u00e9licite l\u2019honorable Soraya Martinez Ferrada, nouvelle ministre du Tourisme - Nouvelles de l&#039;industrie touristique autochtone<\/title>\n<meta name=\"description\" content=\"Une nouvelle ministre du Tourisme a \u00e9t\u00e9 nomm\u00e9e suite au remaniement minist\u00e9riel de ce matin. L\u2019Association touristique autochtone du Canada (ATAC) tient \u00e0\" \/>\n<meta name=\"robots\" content=\"index, follow, max-snippet:-1, max-image-preview:large, max-video-preview:-1\" \/>\n<link rel=\"canonical\" href=\"https:\/\/indigenoustourism.ca\/fr\/latac-felicite-lhonorable-soraya-martinez-ferrada-nouvelle-ministre-du-tourisme\/\" \/>\n<meta property=\"og:locale\" content=\"fr_FR\" \/>\n<meta property=\"og:type\" content=\"article\" \/>\n<meta property=\"og:title\" content=\"L\u2019ATAC f\u00e9licite l\u2019honorable Soraya Martinez Ferrada, nouvelle ministre du Tourisme - Nouvelles de l&#039;industrie touristique autochtone\" \/>\n<meta property=\"og:description\" content=\"Une nouvelle ministre du Tourisme a \u00e9t\u00e9 nomm\u00e9e suite au remaniement minist\u00e9riel de ce matin. L\u2019Association touristique autochtone du Canada (ATAC) tient \u00e0\" \/>\n<meta property=\"og:url\" content=\"https:\/\/indigenoustourism.ca\/fr\/latac-felicite-lhonorable-soraya-martinez-ferrada-nouvelle-ministre-du-tourisme\/\" \/>\n<meta property=\"og:site_name\" content=\"Association touristique autochtone du Canada\" \/>\n<meta property=\"article:published_time\" content=\"2023-07-27T21:37:05+00:00\" \/>\n<meta property=\"article:modified_time\" content=\"2023-07-28T16:37:25+00:00\" \/>\n<meta property=\"og:image\" content=\"https:\/\/indigenoustourism.ca\/wp-content\/uploads\/2023\/07\/The-Honourable-Soraya-Martinez-Ferrada-1-1.jpg\" \/>\n\t<meta property=\"og:image:width\" content=\"1336\" \/>\n\t<meta property=\"og:image:height\" content=\"1024\" \/>\n\t<meta property=\"og:image:type\" content=\"image\/jpeg\" \/>\n<meta name=\"author\" content=\"Sheldon McRae\" \/>\n<meta name=\"twitter:card\" content=\"summary_large_image\" \/>\n<meta name=\"twitter:creator\" content=\"@itac_corporate\" \/>\n<meta name=\"twitter:site\" content=\"@itac_corporate\" \/>\n<meta name=\"twitter:label1\" content=\"\u00c9crit par\" \/>\n\t<meta name=\"twitter:data1\" content=\"Sheldon McRae\" \/>\n\t<meta name=\"twitter:label2\" content=\"Dur\u00e9e de lecture estim\u00e9e\" \/>\n\t<meta name=\"twitter:data2\" content=\"2 minutes\" \/>\n<script type=\"application\/ld+json\" class=\"yoast-schema-graph\">{\"@context\":\"https:\/\/schema.org\",\"@graph\":[{\"@type\":\"Article\",\"@id\":\"https:\/\/indigenoustourism.ca\/fr\/latac-felicite-lhonorable-soraya-martinez-ferrada-nouvelle-ministre-du-tourisme\/#article\",\"isPartOf\":{\"@id\":\"https:\/\/indigenoustourism.ca\/fr\/latac-felicite-lhonorable-soraya-martinez-ferrada-nouvelle-ministre-du-tourisme\/\"},\"author\":{\"name\":\"Sheldon McRae\",\"@id\":\"https:\/\/indigenoustourism.ca\/#\/schema\/person\/11a6f3db06bc69c1bbdfc3829fa544bd\"},\"headline\":\"L\u2019ATAC f\u00e9licite l\u2019honorable Soraya Martinez Ferrada, nouvelle ministre du Tourisme\",\"datePublished\":\"2023-07-27T21:37:05+00:00\",\"dateModified\":\"2023-07-28T16:37:25+00:00\",\"mainEntityOfPage\":{\"@id\":\"https:\/\/indigenoustourism.ca\/fr\/latac-felicite-lhonorable-soraya-martinez-ferrada-nouvelle-ministre-du-tourisme\/\"},\"wordCount\":309,\"publisher\":{\"@id\":\"https:\/\/indigenoustourism.ca\/#organization\"},\"image\":{\"@id\":\"https:\/\/indigenoustourism.ca\/fr\/latac-felicite-lhonorable-soraya-martinez-ferrada-nouvelle-ministre-du-tourisme\/#primaryimage\"},\"thumbnailUrl\":\"https:\/\/indigenoustourism.ca\/wp-content\/uploads\/2023\/07\/The-Honourable-Soraya-Martinez-Ferrada-1-1.jpg\",\"inLanguage\":\"fr-FR\"},{\"@type\":\"WebPage\",\"@id\":\"https:\/\/indigenoustourism.ca\/fr\/latac-felicite-lhonorable-soraya-martinez-ferrada-nouvelle-ministre-du-tourisme\/\",\"url\":\"https:\/\/indigenoustourism.ca\/fr\/latac-felicite-lhonorable-soraya-martinez-ferrada-nouvelle-ministre-du-tourisme\/\",\"name\":\"L\u2019ATAC f\u00e9licite l\u2019honorable Soraya Martinez Ferrada, nouvelle ministre du Tourisme - Nouvelles de l'industrie touristique autochtone\",\"isPartOf\":{\"@id\":\"https:\/\/indigenoustourism.ca\/#website\"},\"primaryImageOfPage\":{\"@id\":\"https:\/\/indigenoustourism.ca\/fr\/latac-felicite-lhonorable-soraya-martinez-ferrada-nouvelle-ministre-du-tourisme\/#primaryimage\"},\"image\":{\"@id\":\"https:\/\/indigenoustourism.ca\/fr\/latac-felicite-lhonorable-soraya-martinez-ferrada-nouvelle-ministre-du-tourisme\/#primaryimage\"},\"thumbnailUrl\":\"https:\/\/indigenoustourism.ca\/wp-content\/uploads\/2023\/07\/The-Honourable-Soraya-Martinez-Ferrada-1-1.jpg\",\"datePublished\":\"2023-07-27T21:37:05+00:00\",\"dateModified\":\"2023-07-28T16:37:25+00:00\",\"description\":\"Une nouvelle ministre du Tourisme a \u00e9t\u00e9 nomm\u00e9e suite au remaniement minist\u00e9riel de ce matin. L\u2019Association touristique autochtone du Canada (ATAC) tient \u00e0\",\"breadcrumb\":{\"@id\":\"https:\/\/indigenoustourism.ca\/fr\/latac-felicite-lhonorable-soraya-martinez-ferrada-nouvelle-ministre-du-tourisme\/#breadcrumb\"},\"inLanguage\":\"fr-FR\",\"potentialAction\":[{\"@type\":\"ReadAction\",\"target\":[\"https:\/\/indigenoustourism.ca\/fr\/latac-felicite-lhonorable-soraya-martinez-ferrada-nouvelle-ministre-du-tourisme\/\"]}]},{\"@type\":\"ImageObject\",\"inLanguage\":\"fr-FR\",\"@id\":\"https:\/\/indigenoustourism.ca\/fr\/latac-felicite-lhonorable-soraya-martinez-ferrada-nouvelle-ministre-du-tourisme\/#primaryimage\",\"url\":\"https:\/\/indigenoustourism.ca\/wp-content\/uploads\/2023\/07\/The-Honourable-Soraya-Martinez-Ferrada-1-1.jpg\",\"contentUrl\":\"https:\/\/indigenoustourism.ca\/wp-content\/uploads\/2023\/07\/The-Honourable-Soraya-Martinez-Ferrada-1-1.jpg\",\"width\":1336,\"height\":1024},{\"@type\":\"BreadcrumbList\",\"@id\":\"https:\/\/indigenoustourism.ca\/fr\/latac-felicite-lhonorable-soraya-martinez-ferrada-nouvelle-ministre-du-tourisme\/#breadcrumb\",\"itemListElement\":[{\"@type\":\"ListItem\",\"position\":1,\"name\":\"Home\",\"item\":\"https:\/\/indigenoustourism.ca\/fr\/home\/\"},{\"@type\":\"ListItem\",\"position\":2,\"name\":\"L\u2019ATAC f\u00e9licite l\u2019honorable Soraya Martinez Ferrada, nouvelle ministre du Tourisme\"}]},{\"@type\":\"WebSite\",\"@id\":\"https:\/\/indigenoustourism.ca\/#website\",\"url\":\"https:\/\/indigenoustourism.ca\/\",\"name\":\"Association touristique autochtone du Canada\",\"description\":\"Corporate\",\"publisher\":{\"@id\":\"https:\/\/indigenoustourism.ca\/#organization\"},\"potentialAction\":[{\"@type\":\"SearchAction\",\"target\":{\"@type\":\"EntryPoint\",\"urlTemplate\":\"https:\/\/indigenoustourism.ca\/?s={search_term_string}\"},\"query-input\":{\"@type\":\"PropertyValueSpecification\",\"valueRequired\":true,\"valueName\":\"search_term_string\"}}],\"inLanguage\":\"fr-FR\"},{\"@type\":\"Organization\",\"@id\":\"https:\/\/indigenoustourism.ca\/#organization\",\"name\":\"Association touristique autochtone du Canada\",\"url\":\"https:\/\/indigenoustourism.ca\/\",\"logo\":{\"@type\":\"ImageObject\",\"inLanguage\":\"fr-FR\",\"@id\":\"https:\/\/indigenoustourism.ca\/#\/schema\/logo\/image\/\",\"url\":\"https:\/\/indigenoustourism.ca\/wp-content\/uploads\/2018\/02\/ITAC-logo-corporate-bilingual-standard@300x.png\",\"contentUrl\":\"https:\/\/indigenoustourism.ca\/wp-content\/uploads\/2018\/02\/ITAC-logo-corporate-bilingual-standard@300x.png\",\"width\":2408,\"height\":701,\"caption\":\"Association touristique autochtone du Canada\"},\"image\":{\"@id\":\"https:\/\/indigenoustourism.ca\/#\/schema\/logo\/image\/\"},\"sameAs\":[\"https:\/\/x.com\/itac_corporate\"]},{\"@type\":\"Person\",\"@id\":\"https:\/\/indigenoustourism.ca\/#\/schema\/person\/11a6f3db06bc69c1bbdfc3829fa544bd\",\"name\":\"Sheldon McRae\",\"image\":{\"@type\":\"ImageObject\",\"inLanguage\":\"fr-FR\",\"@id\":\"https:\/\/indigenoustourism.ca\/#\/schema\/person\/image\/\",\"url\":\"https:\/\/secure.gravatar.com\/avatar\/cbe11659ca22578c6b18c51624d27db9?s=96&d=mm&r=g\",\"contentUrl\":\"https:\/\/secure.gravatar.com\/avatar\/cbe11659ca22578c6b18c51624d27db9?s=96&d=mm&r=g\",\"caption\":\"Sheldon McRae\"}}]}<\/script>\n<!-- \/ Yoast SEO plugin. -->","yoast_head_json":{"title":"L\u2019ATAC f\u00e9licite l\u2019honorable Soraya Martinez Ferrada, nouvelle ministre du Tourisme - Nouvelles de l'industrie touristique autochtone","description":"Une nouvelle ministre du Tourisme a \u00e9t\u00e9 nomm\u00e9e suite au remaniement minist\u00e9riel de ce matin. L\u2019Association touristique autochtone du Canada (ATAC) tient \u00e0","robots":{"index":"index","follow":"follow","max-snippet":"max-snippet:-1","max-image-preview":"max-image-preview:large","max-video-preview":"max-video-preview:-1"},"canonical":"https:\/\/indigenoustourism.ca\/fr\/latac-felicite-lhonorable-soraya-martinez-ferrada-nouvelle-ministre-du-tourisme\/","og_locale":"fr_FR","og_type":"article","og_title":"L\u2019ATAC f\u00e9licite l\u2019honorable Soraya Martinez Ferrada, nouvelle ministre du Tourisme - Nouvelles de l'industrie touristique autochtone","og_description":"Une nouvelle ministre du Tourisme a \u00e9t\u00e9 nomm\u00e9e suite au remaniement minist\u00e9riel de ce matin. L\u2019Association touristique autochtone du Canada (ATAC) tient \u00e0","og_url":"https:\/\/indigenoustourism.ca\/fr\/latac-felicite-lhonorable-soraya-martinez-ferrada-nouvelle-ministre-du-tourisme\/","og_site_name":"Association touristique autochtone du Canada","article_published_time":"2023-07-27T21:37:05+00:00","article_modified_time":"2023-07-28T16:37:25+00:00","og_image":[{"width":1336,"height":1024,"url":"https:\/\/indigenoustourism.ca\/wp-content\/uploads\/2023\/07\/The-Honourable-Soraya-Martinez-Ferrada-1-1.jpg","type":"image\/jpeg"}],"author":"Sheldon McRae","twitter_card":"summary_large_image","twitter_creator":"@itac_corporate","twitter_site":"@itac_corporate","twitter_misc":{"\u00c9crit par":"Sheldon McRae","Dur\u00e9e de lecture estim\u00e9e":"2 minutes"},"schema":{"@context":"https:\/\/schema.org","@graph":[{"@type":"Article","@id":"https:\/\/indigenoustourism.ca\/fr\/latac-felicite-lhonorable-soraya-martinez-ferrada-nouvelle-ministre-du-tourisme\/#article","isPartOf":{"@id":"https:\/\/indigenoustourism.ca\/fr\/latac-felicite-lhonorable-soraya-martinez-ferrada-nouvelle-ministre-du-tourisme\/"},"author":{"name":"Sheldon McRae","@id":"https:\/\/indigenoustourism.ca\/#\/schema\/person\/11a6f3db06bc69c1bbdfc3829fa544bd"},"headline":"L\u2019ATAC f\u00e9licite l\u2019honorable Soraya Martinez Ferrada, nouvelle ministre du Tourisme","datePublished":"2023-07-27T21:37:05+00:00","dateModified":"2023-07-28T16:37:25+00:00","mainEntityOfPage":{"@id":"https:\/\/indigenoustourism.ca\/fr\/latac-felicite-lhonorable-soraya-martinez-ferrada-nouvelle-ministre-du-tourisme\/"},"wordCount":309,"publisher":{"@id":"https:\/\/indigenoustourism.ca\/#organization"},"image":{"@id":"https:\/\/indigenoustourism.ca\/fr\/latac-felicite-lhonorable-soraya-martinez-ferrada-nouvelle-ministre-du-tourisme\/#primaryimage"},"thumbnailUrl":"https:\/\/indigenoustourism.ca\/wp-content\/uploads\/2023\/07\/The-Honourable-Soraya-Martinez-Ferrada-1-1.jpg","inLanguage":"fr-FR"},{"@type":"WebPage","@id":"https:\/\/indigenoustourism.ca\/fr\/latac-felicite-lhonorable-soraya-martinez-ferrada-nouvelle-ministre-du-tourisme\/","url":"https:\/\/indigenoustourism.ca\/fr\/latac-felicite-lhonorable-soraya-martinez-ferrada-nouvelle-ministre-du-tourisme\/","name":"L\u2019ATAC f\u00e9licite l\u2019honorable Soraya Martinez Ferrada, nouvelle ministre du Tourisme - Nouvelles de l'industrie touristique autochtone","isPartOf":{"@id":"https:\/\/indigenoustourism.ca\/#website"},"primaryImageOfPage":{"@id":"https:\/\/indigenoustourism.ca\/fr\/latac-felicite-lhonorable-soraya-martinez-ferrada-nouvelle-ministre-du-tourisme\/#primaryimage"},"image":{"@id":"https:\/\/indigenoustourism.ca\/fr\/latac-felicite-lhonorable-soraya-martinez-ferrada-nouvelle-ministre-du-tourisme\/#primaryimage"},"thumbnailUrl":"https:\/\/indigenoustourism.ca\/wp-content\/uploads\/2023\/07\/The-Honourable-Soraya-Martinez-Ferrada-1-1.jpg","datePublished":"2023-07-27T21:37:05+00:00","dateModified":"2023-07-28T16:37:25+00:00","description":"Une nouvelle ministre du Tourisme a \u00e9t\u00e9 nomm\u00e9e suite au remaniement minist\u00e9riel de ce matin. L\u2019Association touristique autochtone du Canada (ATAC) tient \u00e0","breadcrumb":{"@id":"https:\/\/indigenoustourism.ca\/fr\/latac-felicite-lhonorable-soraya-martinez-ferrada-nouvelle-ministre-du-tourisme\/#breadcrumb"},"inLanguage":"fr-FR","potentialAction":[{"@type":"ReadAction","target":["https:\/\/indigenoustourism.ca\/fr\/latac-felicite-lhonorable-soraya-martinez-ferrada-nouvelle-ministre-du-tourisme\/"]}]},{"@type":"ImageObject","inLanguage":"fr-FR","@id":"https:\/\/indigenoustourism.ca\/fr\/latac-felicite-lhonorable-soraya-martinez-ferrada-nouvelle-ministre-du-tourisme\/#primaryimage","url":"https:\/\/indigenoustourism.ca\/wp-content\/uploads\/2023\/07\/The-Honourable-Soraya-Martinez-Ferrada-1-1.jpg","contentUrl":"https:\/\/indigenoustourism.ca\/wp-content\/uploads\/2023\/07\/The-Honourable-Soraya-Martinez-Ferrada-1-1.jpg","width":1336,"height":1024},{"@type":"BreadcrumbList","@id":"https:\/\/indigenoustourism.ca\/fr\/latac-felicite-lhonorable-soraya-martinez-ferrada-nouvelle-ministre-du-tourisme\/#breadcrumb","itemListElement":[{"@type":"ListItem","position":1,"name":"Home","item":"https:\/\/indigenoustourism.ca\/fr\/home\/"},{"@type":"ListItem","position":2,"name":"L\u2019ATAC f\u00e9licite l\u2019honorable Soraya Martinez Ferrada, nouvelle ministre du Tourisme"}]},{"@type":"WebSite","@id":"https:\/\/indigenoustourism.ca\/#website","url":"https:\/\/indigenoustourism.ca\/","name":"Association touristique autochtone du Canada","description":"Corporate","publisher":{"@id":"https:\/\/indigenoustourism.ca\/#organization"},"potentialAction":[{"@type":"SearchAction","target":{"@type":"EntryPoint","urlTemplate":"https:\/\/indigenoustourism.ca\/?s={search_term_string}"},"query-input":{"@type":"PropertyValueSpecification","valueRequired":true,"valueName":"search_term_string"}}],"inLanguage":"fr-FR"},{"@type":"Organization","@id":"https:\/\/indigenoustourism.ca\/#organization","name":"Association touristique autochtone du Canada","url":"https:\/\/indigenoustourism.ca\/","logo":{"@type":"ImageObject","inLanguage":"fr-FR","@id":"https:\/\/indigenoustourism.ca\/#\/schema\/logo\/image\/","url":"https:\/\/indigenoustourism.ca\/wp-content\/uploads\/2018\/02\/ITAC-logo-corporate-bilingual-standard@300x.png","contentUrl":"https:\/\/indigenoustourism.ca\/wp-content\/uploads\/2018\/02\/ITAC-logo-corporate-bilingual-standard@300x.png","width":2408,"height":701,"caption":"Association touristique autochtone du Canada"},"image":{"@id":"https:\/\/indigenoustourism.ca\/#\/schema\/logo\/image\/"},"sameAs":["https:\/\/x.com\/itac_corporate"]},{"@type":"Person","@id":"https:\/\/indigenoustourism.ca\/#\/schema\/person\/11a6f3db06bc69c1bbdfc3829fa544bd","name":"Sheldon McRae","image":{"@type":"ImageObject","inLanguage":"fr-FR","@id":"https:\/\/indigenoustourism.ca\/#\/schema\/person\/image\/","url":"https:\/\/secure.gravatar.com\/avatar\/cbe11659ca22578c6b18c51624d27db9?s=96&d=mm&r=g","contentUrl":"https:\/\/secure.gravatar.com\/avatar\/cbe11659ca22578c6b18c51624d27db9?s=96&d=mm&r=g","caption":"Sheldon McRae"}}]}},"_links":{"self":[{"href":"https:\/\/indigenoustourism.ca\/fr\/wp-json\/wp\/v2\/posts\/27882","targetHints":{"allow":["GET"]}}],"collection":[{"href":"https:\/\/indigenoustourism.ca\/fr\/wp-json\/wp\/v2\/posts"}],"about":[{"href":"https:\/\/indigenoustourism.ca\/fr\/wp-json\/wp\/v2\/types\/post"}],"author":[{"embeddable":true,"href":"https:\/\/indigenoustourism.ca\/fr\/wp-json\/wp\/v2\/users\/18"}],"replies":[{"embeddable":true,"href":"https:\/\/indigenoustourism.ca\/fr\/wp-json\/wp\/v2\/comments?post=27882"}],"version-history":[{"count":0,"href":"https:\/\/indigenoustourism.ca\/fr\/wp-json\/wp\/v2\/posts\/27882\/revisions"}],"wp:featuredmedia":[{"embeddable":true,"href":"https:\/\/indigenoustourism.ca\/fr\/wp-json\/wp\/v2\/media\/27890"}],"wp:attachment":[{"href":"https:\/\/indigenoustourism.ca\/fr\/wp-json\/wp\/v2\/media?parent=27882"}],"wp:term":[{"taxonomy":"post_tag","embeddable":true,"href":"https:\/\/indigenoustourism.ca\/fr\/wp-json\/wp\/v2\/tags?post=27882"}],"curies":[{"name":"wp","href":"https:\/\/api.w.org\/{rel}","templated":true}]}}