{"id":27848,"date":"2023-07-25T09:49:50","date_gmt":"2023-07-25T16:49:50","guid":{"rendered":"https:\/\/indigenoustourism.ca\/?p=27848"},"modified":"2023-07-25T09:49:50","modified_gmt":"2023-07-25T16:49:50","slug":"prelancement-du-site-des-carrieres-en-tourisme-autochtone-par-destination-autochtone-aux-jaan-2023","status":"publish","type":"post","link":"https:\/\/indigenoustourism.ca\/fr\/prelancement-du-site-des-carrieres-en-tourisme-autochtone-par-destination-autochtone-aux-jaan-2023\/","title":{"rendered":"Pr\u00e9lancement du site des carri\u00e8res en tourisme autochtone par Destination Autochtone aux JAAN 2023"},"content":{"rendered":"<p>R\u00e9seauter les talents et b\u00e2tir des carri\u00e8res<\/p>\n<p><strong>X\u02b7m\u0259\u03b8k\u02b7\u0259y\u0313\u0259m (Musqueam), S\u1e35wx\u0331w\u00fa7mesh (Squamish) et s\u0259lilw\u0259ta\u026c (Tsleil-Waututh), Vancouver, C.-B. \u2013 <\/strong><a href=\"https:\/\/destinationindigenous.ca\/fr\/\">Destination Autochtone<\/a> a le plaisir de pr\u00e9lancer <a href=\"http:\/\/discoverindigenoustourism.ca\/\">DiscoverIndigenousTourism.ca<\/a> \u00a0afin d\u2019aider \u00e0 r\u00e9soudre la crise de la main-d&rsquo;\u0153uvre \u00e0 laquelle sont confront\u00e9es les entreprises touristiques autochtones et de permettre aux chercheurs d&#8217;emploi de trouver des opportunit\u00e9s int\u00e9ressantes au sein de l&rsquo;industrie touristique dynamique du Canada. Destination Autochtone tient \u00e0 remercier <a href=\"https:\/\/tourismhr.ca\/fr\/\">RH Tourisme Canada<\/a> pour la r\u00e9alisation de ce nouveau site Web.<\/p>\n<p>Lanc\u00e9 en 2020 par l\u2019<a href=\"https:\/\/indigenoustourism.ca\/fr\/\">Association touristique autochtone du Canada<\/a> (ATAC), Destination Autochtone fait la promotion des meilleures exp\u00e9riences touristiques autochtones d\u2019un bout \u00e0 l\u2019autre du pays.<\/p>\n<p><a href=\"http:\/\/discoverindigenoustourism.ca\/\">DiscoverIndigenousTourism.ca<\/a> a \u00e9t\u00e9 pr\u00e9sent\u00e9 aux <a href=\"https:\/\/naig2023.com\/\">10e Jeux autochtones de l\u2019Am\u00e9rique du Nord<\/a> (JAAN 2023) devant les athl\u00e8tes de 756 Nations autochtones \u00e0 Kjipuktuk (Halifax) lors de la c\u00e9r\u00e9monie d&rsquo;ouverture qui s&rsquo;est d\u00e9roul\u00e9e le dimanche 16 juillet 2023.<\/p>\n<p>\u00ab\u00a0Nous sommes tr\u00e8s heureux de pr\u00e9senter DiscoverIndigenousTourism.ca, une puissante plateforme qui r\u00e9volutionnera la fa\u00e7on dont nous mettons en relation les membres passionn\u00e9s des communaut\u00e9s autochtones et l&rsquo;industrie touristique autochtone au Canada\u00a0\u00bb, a d\u00e9clar\u00e9 M. Keith Henry. \u00ab\u00a0Le site Web offre de nombreuses possibilit\u00e9s aux entreprises de l\u2019industrie touristique tout en contribuant \u00e0 la pr\u00e9servation des cultures autochtones, \u00e0 la croissance \u00e9conomique et \u00e0 la cr\u00e9ation de liens solides.\u00a0\u00bb<\/p>\n<p>Ci-dessous figurent certaines des principales caract\u00e9ristiques qui font de cette nouvelle plateforme un v\u00e9ritable outil d&rsquo;autonomisation pour le tourisme autochtone au Canada.<\/p>\n<p><strong>Avantages pour les entreprises touristiques autochtones et non autochtones : Les carri\u00e8res en tourisme autochtone pr\u00e9sentent de nombreux avantages<\/strong><\/p>\n<ul>\n<li><strong>Acc\u00e8s aux talents :<\/strong> La plateforme permet de mettre en relation les entreprises avec un \u00e9ventail de personnes motiv\u00e9es et qualifi\u00e9es afin qu\u2019elles puissent trouver les bons candidats qui contribueront \u00e0 leur r\u00e9ussite. Passez moins de temps \u00e0 chercher la personne id\u00e9ale pour faire partie de votre \u00e9quipe.<\/li>\n<li><strong>Plus de visibilit\u00e9 :<\/strong> Gr\u00e2ce aux offres d&#8217;emploi et \u00e0 la pr\u00e9sence en ligne du site Web, les entreprises b\u00e9n\u00e9ficient d&rsquo;une plus grande visibilit\u00e9 et d&rsquo;une meilleure reconnaissance, ce qui attire un public plus large et des clients potentiels. Cr\u00e9ez des avis de postes \u00e0 pourvoir mettant en avant les valeurs, les offres et les opportunit\u00e9s de votre entreprise.<\/li>\n<li><strong>Renforcement de l\u2019int\u00e9grit\u00e9 culturelle :<\/strong> En mettant l\u2019accent sur la richesse culturelle de l\u2019industrie touristique autochtone au Canada, la plateforme peut aider votre entreprise \u00e0 pr\u00e9server <a href=\"https:\/\/indigenoustourism.ca\/fr\/programs-services\/le-programme-daccreditation-loriginal-original\/\">l\u2019authenticit\u00e9 de votre offre et \u00e0 enrichir l\u2019exp\u00e9rience visiteur<\/a>.<\/li>\n<\/ul>\n<p><strong>Avantages pour les chercheurs d\u2019emploi : Les carri\u00e8res en tourisme autochtone offrent une multitude d\u2019avantages<\/strong><\/p>\n<ul>\n<li><strong>Opportunit\u00e9s uniques<\/strong> : Les chercheurs d&#8217;emploi ont acc\u00e8s \u00e0 un \u00e9ventail de perspectives d&#8217;emploi stimulantes, qui leur permettent de contribuer \u00e0 la pr\u00e9servation et \u00e0 la c\u00e9l\u00e9bration des cultures autochtones \u2013 qu&rsquo;ils soient nouveaux sur le march\u00e9 du travail, des professionnels exp\u00e9riment\u00e9s ou simplement \u00e0 la recherche d&rsquo;un changement de carri\u00e8re.<\/li>\n<li><strong>Liens avec la communaut\u00e9 :<\/strong> En s&rsquo;engageant aupr\u00e8s d&rsquo;une communaut\u00e9 dynamique de professionnels et de passionn\u00e9s du tourisme autochtone, les chercheurs d&#8217;emploi peuvent tisser des liens pr\u00e9cieux, b\u00e9n\u00e9ficier d&rsquo;un mentorat et acc\u00e9der \u00e0 un r\u00e9seau de soutien.<\/li>\n<\/ul>\n<p>Destination Autochtone et l\u2019ATAC invitent les membres et les partenaires de l\u2019association \u00e0 se joindre \u00e0 leur communaut\u00e9 de personnes d\u00e9vou\u00e9es \u00e0 la pr\u00e9servation des cultures autochtones, \u00e0 la stimulation de la croissance \u00e9conomique et \u00e0 la cr\u00e9ation d&rsquo;exp\u00e9riences inoubliables pour les visiteurs.<\/p>\n","protected":false},"excerpt":{"rendered":"<p>R\u00e9seauter les talents et b\u00e2tir des carri\u00e8res X\u02b7m\u0259\u03b8k\u02b7\u0259y\u0313\u0259m (Musqueam), S\u1e35wx\u0331w\u00fa7mesh (Squamish) et s\u0259lilw\u0259ta\u026c (Tsleil-Waututh), Vancouver, C.-B. \u2013 Destination Autochtone a le plaisir de pr\u00e9lancer DiscoverIndigenousTourism.ca \u00a0afin d\u2019aider \u00e0 r\u00e9soudre la crise de la main-d&rsquo;\u0153uvre \u00e0 laquelle sont confront\u00e9es les entreprises touristiques autochtones et de permettre aux chercheurs d&#8217;emploi de trouver des opportunit\u00e9s int\u00e9ressantes au sein [&hellip;]<\/p>\n","protected":false},"author":18,"featured_media":27840,"comment_status":"closed","ping_status":"closed","sticky":false,"template":"","format":"standard","meta":{"_acf_changed":false,"footnotes":""},"tags":[],"class_list":["post-27848","post","type-post","status-publish","format-standard","has-post-thumbnail","hentry","news-type-mises-a-jour-de-latac","news-type-nouvelles-de-lindustrie"],"acf":[],"yoast_head":"<!-- This site is optimized with the Yoast SEO plugin v24.6 - https:\/\/yoast.com\/wordpress\/plugins\/seo\/ -->\n<title>Pr\u00e9lancement du site des carri\u00e8res en tourisme autochtone par Destination Autochtone aux JAAN 2023 - Nouvelles de l&#039;industrie touristique autochtone<\/title>\n<meta name=\"description\" content=\"R\u00e9seauter les talents et b\u00e2tir des carri\u00e8res X\u02b7m\u0259\u03b8k\u02b7\u0259y\u0313\u0259m (Musqueam), S\u1e35wx\u0331w\u00fa7mesh (Squamish) et s\u0259lilw\u0259ta\u026c (Tsleil-Waututh), Vancouver, C.-B. \u2013\" \/>\n<meta name=\"robots\" content=\"index, follow, max-snippet:-1, max-image-preview:large, max-video-preview:-1\" \/>\n<link rel=\"canonical\" href=\"https:\/\/indigenoustourism.ca\/fr\/prelancement-du-site-des-carrieres-en-tourisme-autochtone-par-destination-autochtone-aux-jaan-2023\/\" \/>\n<meta property=\"og:locale\" content=\"fr_FR\" \/>\n<meta property=\"og:type\" content=\"article\" \/>\n<meta property=\"og:title\" content=\"Pr\u00e9lancement du site des carri\u00e8res en tourisme autochtone par Destination Autochtone aux JAAN 2023 - Nouvelles de l&#039;industrie touristique autochtone\" \/>\n<meta property=\"og:description\" content=\"R\u00e9seauter les talents et b\u00e2tir des carri\u00e8res X\u02b7m\u0259\u03b8k\u02b7\u0259y\u0313\u0259m (Musqueam), S\u1e35wx\u0331w\u00fa7mesh (Squamish) et s\u0259lilw\u0259ta\u026c (Tsleil-Waututh), Vancouver, C.-B. \u2013\" \/>\n<meta property=\"og:url\" content=\"https:\/\/indigenoustourism.ca\/fr\/prelancement-du-site-des-carrieres-en-tourisme-autochtone-par-destination-autochtone-aux-jaan-2023\/\" \/>\n<meta property=\"og:site_name\" content=\"Association touristique autochtone du Canada\" \/>\n<meta property=\"article:published_time\" content=\"2023-07-25T16:49:50+00:00\" \/>\n<meta property=\"og:image\" content=\"https:\/\/indigenoustourism.ca\/wp-content\/uploads\/2023\/07\/Discover-Indigenous-Tourism-.jpg\" \/>\n\t<meta property=\"og:image:width\" content=\"1336\" \/>\n\t<meta property=\"og:image:height\" content=\"1024\" \/>\n\t<meta property=\"og:image:type\" content=\"image\/jpeg\" \/>\n<meta name=\"author\" content=\"Sheldon McRae\" \/>\n<meta name=\"twitter:card\" content=\"summary_large_image\" \/>\n<meta name=\"twitter:creator\" content=\"@itac_corporate\" \/>\n<meta name=\"twitter:site\" content=\"@itac_corporate\" \/>\n<meta name=\"twitter:label1\" content=\"\u00c9crit par\" \/>\n\t<meta name=\"twitter:data1\" content=\"Sheldon McRae\" \/>\n\t<meta name=\"twitter:label2\" content=\"Dur\u00e9e de lecture estim\u00e9e\" \/>\n\t<meta name=\"twitter:data2\" content=\"3 minutes\" \/>\n<script type=\"application\/ld+json\" class=\"yoast-schema-graph\">{\"@context\":\"https:\/\/schema.org\",\"@graph\":[{\"@type\":\"Article\",\"@id\":\"https:\/\/indigenoustourism.ca\/fr\/prelancement-du-site-des-carrieres-en-tourisme-autochtone-par-destination-autochtone-aux-jaan-2023\/#article\",\"isPartOf\":{\"@id\":\"https:\/\/indigenoustourism.ca\/fr\/prelancement-du-site-des-carrieres-en-tourisme-autochtone-par-destination-autochtone-aux-jaan-2023\/\"},\"author\":{\"name\":\"Sheldon McRae\",\"@id\":\"https:\/\/indigenoustourism.ca\/#\/schema\/person\/11a6f3db06bc69c1bbdfc3829fa544bd\"},\"headline\":\"Pr\u00e9lancement du site des carri\u00e8res en tourisme autochtone par Destination Autochtone aux JAAN 2023\",\"datePublished\":\"2023-07-25T16:49:50+00:00\",\"mainEntityOfPage\":{\"@id\":\"https:\/\/indigenoustourism.ca\/fr\/prelancement-du-site-des-carrieres-en-tourisme-autochtone-par-destination-autochtone-aux-jaan-2023\/\"},\"wordCount\":628,\"publisher\":{\"@id\":\"https:\/\/indigenoustourism.ca\/#organization\"},\"image\":{\"@id\":\"https:\/\/indigenoustourism.ca\/fr\/prelancement-du-site-des-carrieres-en-tourisme-autochtone-par-destination-autochtone-aux-jaan-2023\/#primaryimage\"},\"thumbnailUrl\":\"https:\/\/indigenoustourism.ca\/wp-content\/uploads\/2023\/07\/Discover-Indigenous-Tourism.jpg\",\"inLanguage\":\"fr-FR\"},{\"@type\":\"WebPage\",\"@id\":\"https:\/\/indigenoustourism.ca\/fr\/prelancement-du-site-des-carrieres-en-tourisme-autochtone-par-destination-autochtone-aux-jaan-2023\/\",\"url\":\"https:\/\/indigenoustourism.ca\/fr\/prelancement-du-site-des-carrieres-en-tourisme-autochtone-par-destination-autochtone-aux-jaan-2023\/\",\"name\":\"Pr\u00e9lancement du site des carri\u00e8res en tourisme autochtone par Destination Autochtone aux JAAN 2023 - Nouvelles de l'industrie touristique autochtone\",\"isPartOf\":{\"@id\":\"https:\/\/indigenoustourism.ca\/#website\"},\"primaryImageOfPage\":{\"@id\":\"https:\/\/indigenoustourism.ca\/fr\/prelancement-du-site-des-carrieres-en-tourisme-autochtone-par-destination-autochtone-aux-jaan-2023\/#primaryimage\"},\"image\":{\"@id\":\"https:\/\/indigenoustourism.ca\/fr\/prelancement-du-site-des-carrieres-en-tourisme-autochtone-par-destination-autochtone-aux-jaan-2023\/#primaryimage\"},\"thumbnailUrl\":\"https:\/\/indigenoustourism.ca\/wp-content\/uploads\/2023\/07\/Discover-Indigenous-Tourism.jpg\",\"datePublished\":\"2023-07-25T16:49:50+00:00\",\"description\":\"R\u00e9seauter les talents et b\u00e2tir des carri\u00e8res X\u02b7m\u0259\u03b8k\u02b7\u0259y\u0313\u0259m (Musqueam), S\u1e35wx\u0331w\u00fa7mesh (Squamish) et s\u0259lilw\u0259ta\u026c (Tsleil-Waututh), Vancouver, C.-B. \u2013\",\"breadcrumb\":{\"@id\":\"https:\/\/indigenoustourism.ca\/fr\/prelancement-du-site-des-carrieres-en-tourisme-autochtone-par-destination-autochtone-aux-jaan-2023\/#breadcrumb\"},\"inLanguage\":\"fr-FR\",\"potentialAction\":[{\"@type\":\"ReadAction\",\"target\":[\"https:\/\/indigenoustourism.ca\/fr\/prelancement-du-site-des-carrieres-en-tourisme-autochtone-par-destination-autochtone-aux-jaan-2023\/\"]}]},{\"@type\":\"ImageObject\",\"inLanguage\":\"fr-FR\",\"@id\":\"https:\/\/indigenoustourism.ca\/fr\/prelancement-du-site-des-carrieres-en-tourisme-autochtone-par-destination-autochtone-aux-jaan-2023\/#primaryimage\",\"url\":\"https:\/\/indigenoustourism.ca\/wp-content\/uploads\/2023\/07\/Discover-Indigenous-Tourism.jpg\",\"contentUrl\":\"https:\/\/indigenoustourism.ca\/wp-content\/uploads\/2023\/07\/Discover-Indigenous-Tourism.jpg\",\"width\":1336,\"height\":1024},{\"@type\":\"BreadcrumbList\",\"@id\":\"https:\/\/indigenoustourism.ca\/fr\/prelancement-du-site-des-carrieres-en-tourisme-autochtone-par-destination-autochtone-aux-jaan-2023\/#breadcrumb\",\"itemListElement\":[{\"@type\":\"ListItem\",\"position\":1,\"name\":\"Home\",\"item\":\"https:\/\/indigenoustourism.ca\/fr\/home\/\"},{\"@type\":\"ListItem\",\"position\":2,\"name\":\"Pr\u00e9lancement du site des carri\u00e8res en tourisme autochtone par Destination Autochtone aux JAAN 2023\"}]},{\"@type\":\"WebSite\",\"@id\":\"https:\/\/indigenoustourism.ca\/#website\",\"url\":\"https:\/\/indigenoustourism.ca\/\",\"name\":\"Association touristique autochtone du Canada\",\"description\":\"Corporate\",\"publisher\":{\"@id\":\"https:\/\/indigenoustourism.ca\/#organization\"},\"potentialAction\":[{\"@type\":\"SearchAction\",\"target\":{\"@type\":\"EntryPoint\",\"urlTemplate\":\"https:\/\/indigenoustourism.ca\/?s={search_term_string}\"},\"query-input\":{\"@type\":\"PropertyValueSpecification\",\"valueRequired\":true,\"valueName\":\"search_term_string\"}}],\"inLanguage\":\"fr-FR\"},{\"@type\":\"Organization\",\"@id\":\"https:\/\/indigenoustourism.ca\/#organization\",\"name\":\"Association touristique autochtone du Canada\",\"url\":\"https:\/\/indigenoustourism.ca\/\",\"logo\":{\"@type\":\"ImageObject\",\"inLanguage\":\"fr-FR\",\"@id\":\"https:\/\/indigenoustourism.ca\/#\/schema\/logo\/image\/\",\"url\":\"https:\/\/indigenoustourism.ca\/wp-content\/uploads\/2018\/02\/ITAC-logo-corporate-bilingual-standard@300x.png\",\"contentUrl\":\"https:\/\/indigenoustourism.ca\/wp-content\/uploads\/2018\/02\/ITAC-logo-corporate-bilingual-standard@300x.png\",\"width\":2408,\"height\":701,\"caption\":\"Association touristique autochtone du Canada\"},\"image\":{\"@id\":\"https:\/\/indigenoustourism.ca\/#\/schema\/logo\/image\/\"},\"sameAs\":[\"https:\/\/x.com\/itac_corporate\"]},{\"@type\":\"Person\",\"@id\":\"https:\/\/indigenoustourism.ca\/#\/schema\/person\/11a6f3db06bc69c1bbdfc3829fa544bd\",\"name\":\"Sheldon McRae\",\"image\":{\"@type\":\"ImageObject\",\"inLanguage\":\"fr-FR\",\"@id\":\"https:\/\/indigenoustourism.ca\/#\/schema\/person\/image\/\",\"url\":\"https:\/\/secure.gravatar.com\/avatar\/cbe11659ca22578c6b18c51624d27db9?s=96&d=mm&r=g\",\"contentUrl\":\"https:\/\/secure.gravatar.com\/avatar\/cbe11659ca22578c6b18c51624d27db9?s=96&d=mm&r=g\",\"caption\":\"Sheldon McRae\"}}]}<\/script>\n<!-- \/ Yoast SEO plugin. -->","yoast_head_json":{"title":"Pr\u00e9lancement du site des carri\u00e8res en tourisme autochtone par Destination Autochtone aux JAAN 2023 - Nouvelles de l'industrie touristique autochtone","description":"R\u00e9seauter les talents et b\u00e2tir des carri\u00e8res X\u02b7m\u0259\u03b8k\u02b7\u0259y\u0313\u0259m (Musqueam), S\u1e35wx\u0331w\u00fa7mesh (Squamish) et s\u0259lilw\u0259ta\u026c (Tsleil-Waututh), Vancouver, C.-B. \u2013","robots":{"index":"index","follow":"follow","max-snippet":"max-snippet:-1","max-image-preview":"max-image-preview:large","max-video-preview":"max-video-preview:-1"},"canonical":"https:\/\/indigenoustourism.ca\/fr\/prelancement-du-site-des-carrieres-en-tourisme-autochtone-par-destination-autochtone-aux-jaan-2023\/","og_locale":"fr_FR","og_type":"article","og_title":"Pr\u00e9lancement du site des carri\u00e8res en tourisme autochtone par Destination Autochtone aux JAAN 2023 - Nouvelles de l'industrie touristique autochtone","og_description":"R\u00e9seauter les talents et b\u00e2tir des carri\u00e8res X\u02b7m\u0259\u03b8k\u02b7\u0259y\u0313\u0259m (Musqueam), S\u1e35wx\u0331w\u00fa7mesh (Squamish) et s\u0259lilw\u0259ta\u026c (Tsleil-Waututh), Vancouver, C.-B. \u2013","og_url":"https:\/\/indigenoustourism.ca\/fr\/prelancement-du-site-des-carrieres-en-tourisme-autochtone-par-destination-autochtone-aux-jaan-2023\/","og_site_name":"Association touristique autochtone du Canada","article_published_time":"2023-07-25T16:49:50+00:00","og_image":[{"width":1336,"height":1024,"url":"https:\/\/indigenoustourism.ca\/wp-content\/uploads\/2023\/07\/Discover-Indigenous-Tourism-.jpg","type":"image\/jpeg"}],"author":"Sheldon McRae","twitter_card":"summary_large_image","twitter_creator":"@itac_corporate","twitter_site":"@itac_corporate","twitter_misc":{"\u00c9crit par":"Sheldon McRae","Dur\u00e9e de lecture estim\u00e9e":"3 minutes"},"schema":{"@context":"https:\/\/schema.org","@graph":[{"@type":"Article","@id":"https:\/\/indigenoustourism.ca\/fr\/prelancement-du-site-des-carrieres-en-tourisme-autochtone-par-destination-autochtone-aux-jaan-2023\/#article","isPartOf":{"@id":"https:\/\/indigenoustourism.ca\/fr\/prelancement-du-site-des-carrieres-en-tourisme-autochtone-par-destination-autochtone-aux-jaan-2023\/"},"author":{"name":"Sheldon McRae","@id":"https:\/\/indigenoustourism.ca\/#\/schema\/person\/11a6f3db06bc69c1bbdfc3829fa544bd"},"headline":"Pr\u00e9lancement du site des carri\u00e8res en tourisme autochtone par Destination Autochtone aux JAAN 2023","datePublished":"2023-07-25T16:49:50+00:00","mainEntityOfPage":{"@id":"https:\/\/indigenoustourism.ca\/fr\/prelancement-du-site-des-carrieres-en-tourisme-autochtone-par-destination-autochtone-aux-jaan-2023\/"},"wordCount":628,"publisher":{"@id":"https:\/\/indigenoustourism.ca\/#organization"},"image":{"@id":"https:\/\/indigenoustourism.ca\/fr\/prelancement-du-site-des-carrieres-en-tourisme-autochtone-par-destination-autochtone-aux-jaan-2023\/#primaryimage"},"thumbnailUrl":"https:\/\/indigenoustourism.ca\/wp-content\/uploads\/2023\/07\/Discover-Indigenous-Tourism.jpg","inLanguage":"fr-FR"},{"@type":"WebPage","@id":"https:\/\/indigenoustourism.ca\/fr\/prelancement-du-site-des-carrieres-en-tourisme-autochtone-par-destination-autochtone-aux-jaan-2023\/","url":"https:\/\/indigenoustourism.ca\/fr\/prelancement-du-site-des-carrieres-en-tourisme-autochtone-par-destination-autochtone-aux-jaan-2023\/","name":"Pr\u00e9lancement du site des carri\u00e8res en tourisme autochtone par Destination Autochtone aux JAAN 2023 - Nouvelles de l'industrie touristique autochtone","isPartOf":{"@id":"https:\/\/indigenoustourism.ca\/#website"},"primaryImageOfPage":{"@id":"https:\/\/indigenoustourism.ca\/fr\/prelancement-du-site-des-carrieres-en-tourisme-autochtone-par-destination-autochtone-aux-jaan-2023\/#primaryimage"},"image":{"@id":"https:\/\/indigenoustourism.ca\/fr\/prelancement-du-site-des-carrieres-en-tourisme-autochtone-par-destination-autochtone-aux-jaan-2023\/#primaryimage"},"thumbnailUrl":"https:\/\/indigenoustourism.ca\/wp-content\/uploads\/2023\/07\/Discover-Indigenous-Tourism.jpg","datePublished":"2023-07-25T16:49:50+00:00","description":"R\u00e9seauter les talents et b\u00e2tir des carri\u00e8res X\u02b7m\u0259\u03b8k\u02b7\u0259y\u0313\u0259m (Musqueam), S\u1e35wx\u0331w\u00fa7mesh (Squamish) et s\u0259lilw\u0259ta\u026c (Tsleil-Waututh), Vancouver, C.-B. \u2013","breadcrumb":{"@id":"https:\/\/indigenoustourism.ca\/fr\/prelancement-du-site-des-carrieres-en-tourisme-autochtone-par-destination-autochtone-aux-jaan-2023\/#breadcrumb"},"inLanguage":"fr-FR","potentialAction":[{"@type":"ReadAction","target":["https:\/\/indigenoustourism.ca\/fr\/prelancement-du-site-des-carrieres-en-tourisme-autochtone-par-destination-autochtone-aux-jaan-2023\/"]}]},{"@type":"ImageObject","inLanguage":"fr-FR","@id":"https:\/\/indigenoustourism.ca\/fr\/prelancement-du-site-des-carrieres-en-tourisme-autochtone-par-destination-autochtone-aux-jaan-2023\/#primaryimage","url":"https:\/\/indigenoustourism.ca\/wp-content\/uploads\/2023\/07\/Discover-Indigenous-Tourism.jpg","contentUrl":"https:\/\/indigenoustourism.ca\/wp-content\/uploads\/2023\/07\/Discover-Indigenous-Tourism.jpg","width":1336,"height":1024},{"@type":"BreadcrumbList","@id":"https:\/\/indigenoustourism.ca\/fr\/prelancement-du-site-des-carrieres-en-tourisme-autochtone-par-destination-autochtone-aux-jaan-2023\/#breadcrumb","itemListElement":[{"@type":"ListItem","position":1,"name":"Home","item":"https:\/\/indigenoustourism.ca\/fr\/home\/"},{"@type":"ListItem","position":2,"name":"Pr\u00e9lancement du site des carri\u00e8res en tourisme autochtone par Destination Autochtone aux JAAN 2023"}]},{"@type":"WebSite","@id":"https:\/\/indigenoustourism.ca\/#website","url":"https:\/\/indigenoustourism.ca\/","name":"Association touristique autochtone du Canada","description":"Corporate","publisher":{"@id":"https:\/\/indigenoustourism.ca\/#organization"},"potentialAction":[{"@type":"SearchAction","target":{"@type":"EntryPoint","urlTemplate":"https:\/\/indigenoustourism.ca\/?s={search_term_string}"},"query-input":{"@type":"PropertyValueSpecification","valueRequired":true,"valueName":"search_term_string"}}],"inLanguage":"fr-FR"},{"@type":"Organization","@id":"https:\/\/indigenoustourism.ca\/#organization","name":"Association touristique autochtone du Canada","url":"https:\/\/indigenoustourism.ca\/","logo":{"@type":"ImageObject","inLanguage":"fr-FR","@id":"https:\/\/indigenoustourism.ca\/#\/schema\/logo\/image\/","url":"https:\/\/indigenoustourism.ca\/wp-content\/uploads\/2018\/02\/ITAC-logo-corporate-bilingual-standard@300x.png","contentUrl":"https:\/\/indigenoustourism.ca\/wp-content\/uploads\/2018\/02\/ITAC-logo-corporate-bilingual-standard@300x.png","width":2408,"height":701,"caption":"Association touristique autochtone du Canada"},"image":{"@id":"https:\/\/indigenoustourism.ca\/#\/schema\/logo\/image\/"},"sameAs":["https:\/\/x.com\/itac_corporate"]},{"@type":"Person","@id":"https:\/\/indigenoustourism.ca\/#\/schema\/person\/11a6f3db06bc69c1bbdfc3829fa544bd","name":"Sheldon McRae","image":{"@type":"ImageObject","inLanguage":"fr-FR","@id":"https:\/\/indigenoustourism.ca\/#\/schema\/person\/image\/","url":"https:\/\/secure.gravatar.com\/avatar\/cbe11659ca22578c6b18c51624d27db9?s=96&d=mm&r=g","contentUrl":"https:\/\/secure.gravatar.com\/avatar\/cbe11659ca22578c6b18c51624d27db9?s=96&d=mm&r=g","caption":"Sheldon McRae"}}]}},"_links":{"self":[{"href":"https:\/\/indigenoustourism.ca\/fr\/wp-json\/wp\/v2\/posts\/27848","targetHints":{"allow":["GET"]}}],"collection":[{"href":"https:\/\/indigenoustourism.ca\/fr\/wp-json\/wp\/v2\/posts"}],"about":[{"href":"https:\/\/indigenoustourism.ca\/fr\/wp-json\/wp\/v2\/types\/post"}],"author":[{"embeddable":true,"href":"https:\/\/indigenoustourism.ca\/fr\/wp-json\/wp\/v2\/users\/18"}],"replies":[{"embeddable":true,"href":"https:\/\/indigenoustourism.ca\/fr\/wp-json\/wp\/v2\/comments?post=27848"}],"version-history":[{"count":0,"href":"https:\/\/indigenoustourism.ca\/fr\/wp-json\/wp\/v2\/posts\/27848\/revisions"}],"wp:featuredmedia":[{"embeddable":true,"href":"https:\/\/indigenoustourism.ca\/fr\/wp-json\/wp\/v2\/media\/27840"}],"wp:attachment":[{"href":"https:\/\/indigenoustourism.ca\/fr\/wp-json\/wp\/v2\/media?parent=27848"}],"wp:term":[{"taxonomy":"post_tag","embeddable":true,"href":"https:\/\/indigenoustourism.ca\/fr\/wp-json\/wp\/v2\/tags?post=27848"}],"curies":[{"name":"wp","href":"https:\/\/api.w.org\/{rel}","templated":true}]}}