{"id":2374,"date":"2017-01-09T07:00:00","date_gmt":"2017-01-09T15:00:00","guid":{"rendered":"https:\/\/indigenoustourism.ca\/corporate\/fr\/aboriginal-tourism-leaders-inspire-visitors-hands-experiential-teaching\/"},"modified":"2017-04-19T16:21:29","modified_gmt":"2017-04-19T23:21:29","slug":"aboriginal-tourism-leaders-inspire-visitors-hands-experiential-teaching","status":"publish","type":"post","link":"https:\/\/indigenoustourism.ca\/fr\/aboriginal-tourism-leaders-inspire-visitors-hands-experiential-teaching\/","title":{"rendered":"Les chefs de file du tourisme autochtone inspirent les visiteurs gr\u00e2ce \u00e0 l\u2019enseignement exp\u00e9rientiel pratique"},"content":{"rendered":"<p><em><strong><span class=\"s1\">L\u2019ATAC lance la 4<\/span><span class=\"s2\"><sup>\u00e8me<\/sup><\/span><span class=\"s1\"> vid\u00e9o de la s\u00e9rie<\/span><\/strong><\/em><\/p>\n<p><strong>X\u02b7m\u0259\u03b8k\u02b7\u0259y\u0313\u0259m (Musqueam), S\u1e35wx\u0331w\u00fa7mesh (Squamish) et s\u0259lilw\u0259ta\u026c (Tsleil-Waututh), Vancouver, C.-B., le 9 janvier 2017<\/strong> \u2013 Le quatri\u00e8me et dernier volet de la s\u00e9rie de vid\u00e9os intitul\u00e9e \u00ab\u00a0La force du tourisme autochtone\u00a0\u00bb produite par l\u2019Association touristique autochtone du Canada (ATAC) met l\u2019accent sur le lien entre les exp\u00e9riences de plein air et la culture et l\u2019histoire autochtones.<\/p>\n<p><!--more--><\/p>\n<p>La quatri\u00e8me vid\u00e9o de la s\u00e9rie met en avant Mme Brenda Holder, propri\u00e9taire de <a href=\"http:\/\/www.mahikan.ca\/home.html\" target=\"_blank\">Mahikan Trails<\/a> et membre de la Nation Aseniwuche Winewak de l\u2019Alberta au Canada. En tant que guide traditionnel, Mme Holder explique comment l\u2019approche moderne de partager le lien qui existe entre le territoire, les Autochtones et leurs invit\u00e9s est rest\u00e9e telle qu\u2019elle \u00e9tait autrefois quand les explorateurs europ\u00e9ens tra\u00e7aient la route de l\u2019Ouest canadien. Aujourd&rsquo;hui, quand Mme Holder re\u00e7oit des visiteurs, elle partage avec eux une exp\u00e9rience immersive qui les fait sortir de leur zone de confort et d\u00e9couvrir une nouvelle perspective durant leur randonn\u00e9e.<\/p>\n<p>\u00ab\u00a0Je suis tr\u00e8s fier des histoires qui sont transmises par les quatre vid\u00e9os de la s\u00e9rie sur la force du tourisme autochtone,\u00a0\u00bb a d\u00e9clar\u00e9 M. Keith Henry, pr\u00e9sident-directeur g\u00e9n\u00e9ral de l\u2019ATAC. \u00ab\u00a0Chacune de ces vid\u00e9os met en valeur les cultures dynamiques et vari\u00e9es des peuples autochtones de notre grand pays et j\u2019esp\u00e8re qu\u2019elles inspireront les visiteurs \u00e0 rechercher et \u00e0 explorer les exp\u00e9riences autochtones offertes par nos membres.\u00a0\u00bb<\/p>\n<p>Le r\u00f4le de l\u2019ATAC en tant qu\u2019organisme sans but lucratif est de contribuer \u00e0 la croissance et \u00e0 la promotion d\u2019une industrie touristique autochtone durable et riche en culture, tout en mettant en lumi\u00e8re les exp\u00e9riences offertes aux visiteurs du Canada, des \u00c9tats-Unis et de l\u2019\u00e9tranger. Cette s\u00e9rie de vid\u00e9os produite en partenariat avec Destination Canada est disponible sur les m\u00e9dias sociaux et sur le site Web de l\u2019ATAC.<\/p>\n<p><iframe loading=\"lazy\" src=\"https:\/\/player.vimeo.com\/video\/198392988\" width=\"640\" height=\"360\" frameborder=\"0\" allowfullscreen=\"allowfullscreen\"><\/iframe><\/p>\n<p><strong> M\u00e9dias sociaux <\/strong><br \/>\nFacebook: <a href=\"https:\/\/business.facebook.com\/AboriginalCAN\/\" target=\"_blank\">www.facebook.com\/AboriginalCAN\/<\/a><br \/>\nTwitter: <a href=\"https:\/\/twitter.com\/AboriginalCAN\" target=\"_blank\">@AboriginalCAN<\/a><\/p>\n<p><strong> Regardez les quatre vid\u00e9os de la s\u00e9rie ici\u00a0: <a href=\"https:\/\/indigenoustourism.ca\/fr\/power-of-aboriginal-tourism-video-series\/\" target=\"_blank\">here<\/a>.<\/strong><\/p>\n<p><strong> \u00c0 propos de l\u2019ATAC <\/strong><br \/>\nL\u2019ATAC a \u00e9t\u00e9 officiellement constitu\u00e9e en tant qu\u2019organisme national sans but lucratif de l\u2019industrie touristique autochtone. \u00c0 ce jour, l\u2019ATAC regroupe 15 repr\u00e9sentants et organisations de cette industrie. L\u2019ATAC incarne la voix unifi\u00e9e de l\u2019industrie touristique autochtone et met l\u2019accent sur la cr\u00e9ation de partenariats entre les associations, les organisations, les minist\u00e8res et les chefs de file de l\u2019industrie \u00e0 travers le pays afin de soutenir la croissance du tourisme autochtone au Canada. Pour de plus amples informations sur l\u2019ATAC, veuillez consulter <a href=\"https:\/\/indigenoustourism.ca\" target=\"_blank\">www.indigenoustourism.ca<\/a>.<\/p>\n<p>-30-<\/p>\n<p><strong> Personnes-ressources pour les m\u00e9dias : <\/strong><br \/>\nM. Brian Cant, Tartan Group : 250 592-3838, 250 888-8729 (cellulaire) ou <a href=\"mailto:brian@tartangroup.ca\" target=\"_blank\">brian@tartangroup.ca<\/a><br \/>\nM. Keith Henry, ITAC : 604 639-4408 ou <a href=\"mailto:k.henry@aboriginalcanada.ca\" target=\"_blank\">k.henry@aboriginalcanada.ca<\/a><\/p>\n<p>[su_button url=\u00a0\u00bbhttps:\/\/indigenoustourism.ca\/wp-content\/uploads\/2017\/01\/ATAC-Video-Series-4_FR.pdf\u00a0\u00bb target=\u00a0\u00bbblank\u00a0\u00bb style=\u00a0\u00bbflat\u00a0\u00bb background=\u00a0\u00bb#323232&Prime; size=\u00a0\u00bb5&Prime; radius=\u00a0\u00bb8&Prime;]T\u00e9l\u00e9charger PDF[\/su_button]<\/p>\n","protected":false},"excerpt":{"rendered":"<p>L\u2019ATAC lance la 4\u00e8me vid\u00e9o de la s\u00e9rie X\u02b7m\u0259\u03b8k\u02b7\u0259y\u0313\u0259m (Musqueam), S\u1e35wx\u0331w\u00fa7mesh (Squamish) et s\u0259lilw\u0259ta\u026c (Tsleil-Waututh), Vancouver, C.-B., le 9 janvier 2017 \u2013 Le quatri\u00e8me et dernier volet de la s\u00e9rie de vid\u00e9os intitul\u00e9e \u00ab\u00a0La force du tourisme autochtone\u00a0\u00bb produite par l\u2019Association touristique autochtone du Canada (ATAC) met l\u2019accent sur le lien entre les exp\u00e9riences de [&hellip;]<\/p>\n","protected":false},"author":14,"featured_media":2365,"comment_status":"closed","ping_status":"closed","sticky":false,"template":"","format":"standard","meta":{"_acf_changed":false,"footnotes":""},"tags":[],"class_list":["post-2374","post","type-post","status-publish","format-standard","has-post-thumbnail","hentry"],"acf":[],"yoast_head":"<!-- This site is optimized with the Yoast SEO plugin v24.6 - https:\/\/yoast.com\/wordpress\/plugins\/seo\/ -->\n<title>Les chefs de file du tourisme autochtone inspirent les visiteurs gr\u00e2ce \u00e0 l\u2019enseignement exp\u00e9rientiel pratique - Nouvelles de l&#039;industrie touristique autochtone<\/title>\n<meta name=\"description\" content=\"L\u2019ATAC lance la 4\u00e8me vid\u00e9o de la s\u00e9rie X\u02b7m\u0259\u03b8k\u02b7\u0259y\u0313\u0259m (Musqueam), S\u1e35wx\u0331w\u00fa7mesh (Squamish) et s\u0259lilw\u0259ta\u026c (Tsleil-Waututh), Vancouver, C.-B., le 9 janvier\" \/>\n<meta name=\"robots\" content=\"index, follow, max-snippet:-1, max-image-preview:large, max-video-preview:-1\" \/>\n<link rel=\"canonical\" href=\"https:\/\/indigenoustourism.ca\/fr\/aboriginal-tourism-leaders-inspire-visitors-hands-experiential-teaching\/\" \/>\n<meta property=\"og:locale\" content=\"fr_FR\" \/>\n<meta property=\"og:type\" content=\"article\" \/>\n<meta property=\"og:title\" content=\"Les chefs de file du tourisme autochtone inspirent les visiteurs gr\u00e2ce \u00e0 l\u2019enseignement exp\u00e9rientiel pratique - Nouvelles de l&#039;industrie touristique autochtone\" \/>\n<meta property=\"og:description\" content=\"L\u2019ATAC lance la 4\u00e8me vid\u00e9o de la s\u00e9rie X\u02b7m\u0259\u03b8k\u02b7\u0259y\u0313\u0259m (Musqueam), S\u1e35wx\u0331w\u00fa7mesh (Squamish) et s\u0259lilw\u0259ta\u026c (Tsleil-Waututh), Vancouver, C.-B., le 9 janvier\" \/>\n<meta property=\"og:url\" content=\"https:\/\/indigenoustourism.ca\/fr\/aboriginal-tourism-leaders-inspire-visitors-hands-experiential-teaching\/\" \/>\n<meta property=\"og:site_name\" content=\"Association touristique autochtone du Canada\" \/>\n<meta property=\"article:published_time\" content=\"2017-01-09T15:00:00+00:00\" \/>\n<meta property=\"article:modified_time\" content=\"2017-04-19T23:21:29+00:00\" \/>\n<meta property=\"og:image\" content=\"https:\/\/indigenoustourism.ca\/wp-content\/uploads\/2017\/01\/4th-Power-Aboriginal-Tourism-Video.jpg\" \/>\n\t<meta property=\"og:image:width\" content=\"580\" \/>\n\t<meta property=\"og:image:height\" content=\"372\" \/>\n\t<meta property=\"og:image:type\" content=\"image\/jpeg\" \/>\n<meta name=\"author\" content=\"ITAC Admin\" \/>\n<meta name=\"twitter:card\" content=\"summary_large_image\" \/>\n<meta name=\"twitter:creator\" content=\"@itac_corporate\" \/>\n<meta name=\"twitter:site\" content=\"@itac_corporate\" \/>\n<meta name=\"twitter:label1\" content=\"\u00c9crit par\" \/>\n\t<meta name=\"twitter:data1\" content=\"ITAC Admin\" \/>\n\t<meta name=\"twitter:label2\" content=\"Dur\u00e9e de lecture estim\u00e9e\" \/>\n\t<meta name=\"twitter:data2\" content=\"3 minutes\" \/>\n<script type=\"application\/ld+json\" class=\"yoast-schema-graph\">{\"@context\":\"https:\/\/schema.org\",\"@graph\":[{\"@type\":\"Article\",\"@id\":\"https:\/\/indigenoustourism.ca\/fr\/aboriginal-tourism-leaders-inspire-visitors-hands-experiential-teaching\/#article\",\"isPartOf\":{\"@id\":\"https:\/\/indigenoustourism.ca\/fr\/aboriginal-tourism-leaders-inspire-visitors-hands-experiential-teaching\/\"},\"author\":{\"name\":\"ITAC Admin\",\"@id\":\"https:\/\/indigenoustourism.ca\/#\/schema\/person\/5ba0db1e1051fddfe2215695bab10234\"},\"headline\":\"Les chefs de file du tourisme autochtone inspirent les visiteurs gr\u00e2ce \u00e0 l\u2019enseignement exp\u00e9rientiel pratique\",\"datePublished\":\"2017-01-09T15:00:00+00:00\",\"dateModified\":\"2017-04-19T23:21:29+00:00\",\"mainEntityOfPage\":{\"@id\":\"https:\/\/indigenoustourism.ca\/fr\/aboriginal-tourism-leaders-inspire-visitors-hands-experiential-teaching\/\"},\"wordCount\":546,\"publisher\":{\"@id\":\"https:\/\/indigenoustourism.ca\/#organization\"},\"image\":{\"@id\":\"https:\/\/indigenoustourism.ca\/fr\/aboriginal-tourism-leaders-inspire-visitors-hands-experiential-teaching\/#primaryimage\"},\"thumbnailUrl\":\"https:\/\/indigenoustourism.ca\/wp-content\/uploads\/2017\/01\/4th-Power-Aboriginal-Tourism-Video.jpg\",\"articleSection\":[\"Non classifi\u00e9(e)\"],\"inLanguage\":\"fr-FR\"},{\"@type\":\"WebPage\",\"@id\":\"https:\/\/indigenoustourism.ca\/fr\/aboriginal-tourism-leaders-inspire-visitors-hands-experiential-teaching\/\",\"url\":\"https:\/\/indigenoustourism.ca\/fr\/aboriginal-tourism-leaders-inspire-visitors-hands-experiential-teaching\/\",\"name\":\"Les chefs de file du tourisme autochtone inspirent les visiteurs gr\u00e2ce \u00e0 l\u2019enseignement exp\u00e9rientiel pratique - Nouvelles de l'industrie touristique autochtone\",\"isPartOf\":{\"@id\":\"https:\/\/indigenoustourism.ca\/#website\"},\"primaryImageOfPage\":{\"@id\":\"https:\/\/indigenoustourism.ca\/fr\/aboriginal-tourism-leaders-inspire-visitors-hands-experiential-teaching\/#primaryimage\"},\"image\":{\"@id\":\"https:\/\/indigenoustourism.ca\/fr\/aboriginal-tourism-leaders-inspire-visitors-hands-experiential-teaching\/#primaryimage\"},\"thumbnailUrl\":\"https:\/\/indigenoustourism.ca\/wp-content\/uploads\/2017\/01\/4th-Power-Aboriginal-Tourism-Video.jpg\",\"datePublished\":\"2017-01-09T15:00:00+00:00\",\"dateModified\":\"2017-04-19T23:21:29+00:00\",\"description\":\"L\u2019ATAC lance la 4\u00e8me vid\u00e9o de la s\u00e9rie X\u02b7m\u0259\u03b8k\u02b7\u0259y\u0313\u0259m (Musqueam), S\u1e35wx\u0331w\u00fa7mesh (Squamish) et s\u0259lilw\u0259ta\u026c (Tsleil-Waututh), Vancouver, C.-B., le 9 janvier\",\"breadcrumb\":{\"@id\":\"https:\/\/indigenoustourism.ca\/fr\/aboriginal-tourism-leaders-inspire-visitors-hands-experiential-teaching\/#breadcrumb\"},\"inLanguage\":\"fr-FR\",\"potentialAction\":[{\"@type\":\"ReadAction\",\"target\":[\"https:\/\/indigenoustourism.ca\/fr\/aboriginal-tourism-leaders-inspire-visitors-hands-experiential-teaching\/\"]}]},{\"@type\":\"ImageObject\",\"inLanguage\":\"fr-FR\",\"@id\":\"https:\/\/indigenoustourism.ca\/fr\/aboriginal-tourism-leaders-inspire-visitors-hands-experiential-teaching\/#primaryimage\",\"url\":\"https:\/\/indigenoustourism.ca\/wp-content\/uploads\/2017\/01\/4th-Power-Aboriginal-Tourism-Video.jpg\",\"contentUrl\":\"https:\/\/indigenoustourism.ca\/wp-content\/uploads\/2017\/01\/4th-Power-Aboriginal-Tourism-Video.jpg\",\"width\":580,\"height\":372},{\"@type\":\"BreadcrumbList\",\"@id\":\"https:\/\/indigenoustourism.ca\/fr\/aboriginal-tourism-leaders-inspire-visitors-hands-experiential-teaching\/#breadcrumb\",\"itemListElement\":[{\"@type\":\"ListItem\",\"position\":1,\"name\":\"Home\",\"item\":\"https:\/\/indigenoustourism.ca\/fr\/home\/\"},{\"@type\":\"ListItem\",\"position\":2,\"name\":\"Les chefs de file du tourisme autochtone inspirent les visiteurs gr\u00e2ce \u00e0 l\u2019enseignement exp\u00e9rientiel pratique\"}]},{\"@type\":\"WebSite\",\"@id\":\"https:\/\/indigenoustourism.ca\/#website\",\"url\":\"https:\/\/indigenoustourism.ca\/\",\"name\":\"Association touristique autochtone du Canada\",\"description\":\"Corporate\",\"publisher\":{\"@id\":\"https:\/\/indigenoustourism.ca\/#organization\"},\"potentialAction\":[{\"@type\":\"SearchAction\",\"target\":{\"@type\":\"EntryPoint\",\"urlTemplate\":\"https:\/\/indigenoustourism.ca\/?s={search_term_string}\"},\"query-input\":{\"@type\":\"PropertyValueSpecification\",\"valueRequired\":true,\"valueName\":\"search_term_string\"}}],\"inLanguage\":\"fr-FR\"},{\"@type\":\"Organization\",\"@id\":\"https:\/\/indigenoustourism.ca\/#organization\",\"name\":\"Association touristique autochtone du Canada\",\"url\":\"https:\/\/indigenoustourism.ca\/\",\"logo\":{\"@type\":\"ImageObject\",\"inLanguage\":\"fr-FR\",\"@id\":\"https:\/\/indigenoustourism.ca\/#\/schema\/logo\/image\/\",\"url\":\"https:\/\/indigenoustourism.ca\/wp-content\/uploads\/2018\/02\/ITAC-logo-corporate-bilingual-standard@300x.png\",\"contentUrl\":\"https:\/\/indigenoustourism.ca\/wp-content\/uploads\/2018\/02\/ITAC-logo-corporate-bilingual-standard@300x.png\",\"width\":2408,\"height\":701,\"caption\":\"Association touristique autochtone du Canada\"},\"image\":{\"@id\":\"https:\/\/indigenoustourism.ca\/#\/schema\/logo\/image\/\"},\"sameAs\":[\"https:\/\/x.com\/itac_corporate\"]},{\"@type\":\"Person\",\"@id\":\"https:\/\/indigenoustourism.ca\/#\/schema\/person\/5ba0db1e1051fddfe2215695bab10234\",\"name\":\"ITAC Admin\",\"image\":{\"@type\":\"ImageObject\",\"inLanguage\":\"fr-FR\",\"@id\":\"https:\/\/indigenoustourism.ca\/#\/schema\/person\/image\/\",\"url\":\"https:\/\/secure.gravatar.com\/avatar\/8173ccfb312ae5d950799c39f305d424?s=96&d=mm&r=g\",\"contentUrl\":\"https:\/\/secure.gravatar.com\/avatar\/8173ccfb312ae5d950799c39f305d424?s=96&d=mm&r=g\",\"caption\":\"ITAC Admin\"}}]}<\/script>\n<!-- \/ Yoast SEO plugin. -->","yoast_head_json":{"title":"Les chefs de file du tourisme autochtone inspirent les visiteurs gr\u00e2ce \u00e0 l\u2019enseignement exp\u00e9rientiel pratique - Nouvelles de l'industrie touristique autochtone","description":"L\u2019ATAC lance la 4\u00e8me vid\u00e9o de la s\u00e9rie X\u02b7m\u0259\u03b8k\u02b7\u0259y\u0313\u0259m (Musqueam), S\u1e35wx\u0331w\u00fa7mesh (Squamish) et s\u0259lilw\u0259ta\u026c (Tsleil-Waututh), Vancouver, C.-B., le 9 janvier","robots":{"index":"index","follow":"follow","max-snippet":"max-snippet:-1","max-image-preview":"max-image-preview:large","max-video-preview":"max-video-preview:-1"},"canonical":"https:\/\/indigenoustourism.ca\/fr\/aboriginal-tourism-leaders-inspire-visitors-hands-experiential-teaching\/","og_locale":"fr_FR","og_type":"article","og_title":"Les chefs de file du tourisme autochtone inspirent les visiteurs gr\u00e2ce \u00e0 l\u2019enseignement exp\u00e9rientiel pratique - Nouvelles de l'industrie touristique autochtone","og_description":"L\u2019ATAC lance la 4\u00e8me vid\u00e9o de la s\u00e9rie X\u02b7m\u0259\u03b8k\u02b7\u0259y\u0313\u0259m (Musqueam), S\u1e35wx\u0331w\u00fa7mesh (Squamish) et s\u0259lilw\u0259ta\u026c (Tsleil-Waututh), Vancouver, C.-B., le 9 janvier","og_url":"https:\/\/indigenoustourism.ca\/fr\/aboriginal-tourism-leaders-inspire-visitors-hands-experiential-teaching\/","og_site_name":"Association touristique autochtone du Canada","article_published_time":"2017-01-09T15:00:00+00:00","article_modified_time":"2017-04-19T23:21:29+00:00","og_image":[{"width":580,"height":372,"url":"https:\/\/indigenoustourism.ca\/wp-content\/uploads\/2017\/01\/4th-Power-Aboriginal-Tourism-Video.jpg","type":"image\/jpeg"}],"author":"ITAC Admin","twitter_card":"summary_large_image","twitter_creator":"@itac_corporate","twitter_site":"@itac_corporate","twitter_misc":{"\u00c9crit par":"ITAC Admin","Dur\u00e9e de lecture estim\u00e9e":"3 minutes"},"schema":{"@context":"https:\/\/schema.org","@graph":[{"@type":"Article","@id":"https:\/\/indigenoustourism.ca\/fr\/aboriginal-tourism-leaders-inspire-visitors-hands-experiential-teaching\/#article","isPartOf":{"@id":"https:\/\/indigenoustourism.ca\/fr\/aboriginal-tourism-leaders-inspire-visitors-hands-experiential-teaching\/"},"author":{"name":"ITAC Admin","@id":"https:\/\/indigenoustourism.ca\/#\/schema\/person\/5ba0db1e1051fddfe2215695bab10234"},"headline":"Les chefs de file du tourisme autochtone inspirent les visiteurs gr\u00e2ce \u00e0 l\u2019enseignement exp\u00e9rientiel pratique","datePublished":"2017-01-09T15:00:00+00:00","dateModified":"2017-04-19T23:21:29+00:00","mainEntityOfPage":{"@id":"https:\/\/indigenoustourism.ca\/fr\/aboriginal-tourism-leaders-inspire-visitors-hands-experiential-teaching\/"},"wordCount":546,"publisher":{"@id":"https:\/\/indigenoustourism.ca\/#organization"},"image":{"@id":"https:\/\/indigenoustourism.ca\/fr\/aboriginal-tourism-leaders-inspire-visitors-hands-experiential-teaching\/#primaryimage"},"thumbnailUrl":"https:\/\/indigenoustourism.ca\/wp-content\/uploads\/2017\/01\/4th-Power-Aboriginal-Tourism-Video.jpg","articleSection":["Non classifi\u00e9(e)"],"inLanguage":"fr-FR"},{"@type":"WebPage","@id":"https:\/\/indigenoustourism.ca\/fr\/aboriginal-tourism-leaders-inspire-visitors-hands-experiential-teaching\/","url":"https:\/\/indigenoustourism.ca\/fr\/aboriginal-tourism-leaders-inspire-visitors-hands-experiential-teaching\/","name":"Les chefs de file du tourisme autochtone inspirent les visiteurs gr\u00e2ce \u00e0 l\u2019enseignement exp\u00e9rientiel pratique - Nouvelles de l'industrie touristique autochtone","isPartOf":{"@id":"https:\/\/indigenoustourism.ca\/#website"},"primaryImageOfPage":{"@id":"https:\/\/indigenoustourism.ca\/fr\/aboriginal-tourism-leaders-inspire-visitors-hands-experiential-teaching\/#primaryimage"},"image":{"@id":"https:\/\/indigenoustourism.ca\/fr\/aboriginal-tourism-leaders-inspire-visitors-hands-experiential-teaching\/#primaryimage"},"thumbnailUrl":"https:\/\/indigenoustourism.ca\/wp-content\/uploads\/2017\/01\/4th-Power-Aboriginal-Tourism-Video.jpg","datePublished":"2017-01-09T15:00:00+00:00","dateModified":"2017-04-19T23:21:29+00:00","description":"L\u2019ATAC lance la 4\u00e8me vid\u00e9o de la s\u00e9rie X\u02b7m\u0259\u03b8k\u02b7\u0259y\u0313\u0259m (Musqueam), S\u1e35wx\u0331w\u00fa7mesh (Squamish) et s\u0259lilw\u0259ta\u026c (Tsleil-Waututh), Vancouver, C.-B., le 9 janvier","breadcrumb":{"@id":"https:\/\/indigenoustourism.ca\/fr\/aboriginal-tourism-leaders-inspire-visitors-hands-experiential-teaching\/#breadcrumb"},"inLanguage":"fr-FR","potentialAction":[{"@type":"ReadAction","target":["https:\/\/indigenoustourism.ca\/fr\/aboriginal-tourism-leaders-inspire-visitors-hands-experiential-teaching\/"]}]},{"@type":"ImageObject","inLanguage":"fr-FR","@id":"https:\/\/indigenoustourism.ca\/fr\/aboriginal-tourism-leaders-inspire-visitors-hands-experiential-teaching\/#primaryimage","url":"https:\/\/indigenoustourism.ca\/wp-content\/uploads\/2017\/01\/4th-Power-Aboriginal-Tourism-Video.jpg","contentUrl":"https:\/\/indigenoustourism.ca\/wp-content\/uploads\/2017\/01\/4th-Power-Aboriginal-Tourism-Video.jpg","width":580,"height":372},{"@type":"BreadcrumbList","@id":"https:\/\/indigenoustourism.ca\/fr\/aboriginal-tourism-leaders-inspire-visitors-hands-experiential-teaching\/#breadcrumb","itemListElement":[{"@type":"ListItem","position":1,"name":"Home","item":"https:\/\/indigenoustourism.ca\/fr\/home\/"},{"@type":"ListItem","position":2,"name":"Les chefs de file du tourisme autochtone inspirent les visiteurs gr\u00e2ce \u00e0 l\u2019enseignement exp\u00e9rientiel pratique"}]},{"@type":"WebSite","@id":"https:\/\/indigenoustourism.ca\/#website","url":"https:\/\/indigenoustourism.ca\/","name":"Association touristique autochtone du Canada","description":"Corporate","publisher":{"@id":"https:\/\/indigenoustourism.ca\/#organization"},"potentialAction":[{"@type":"SearchAction","target":{"@type":"EntryPoint","urlTemplate":"https:\/\/indigenoustourism.ca\/?s={search_term_string}"},"query-input":{"@type":"PropertyValueSpecification","valueRequired":true,"valueName":"search_term_string"}}],"inLanguage":"fr-FR"},{"@type":"Organization","@id":"https:\/\/indigenoustourism.ca\/#organization","name":"Association touristique autochtone du Canada","url":"https:\/\/indigenoustourism.ca\/","logo":{"@type":"ImageObject","inLanguage":"fr-FR","@id":"https:\/\/indigenoustourism.ca\/#\/schema\/logo\/image\/","url":"https:\/\/indigenoustourism.ca\/wp-content\/uploads\/2018\/02\/ITAC-logo-corporate-bilingual-standard@300x.png","contentUrl":"https:\/\/indigenoustourism.ca\/wp-content\/uploads\/2018\/02\/ITAC-logo-corporate-bilingual-standard@300x.png","width":2408,"height":701,"caption":"Association touristique autochtone du Canada"},"image":{"@id":"https:\/\/indigenoustourism.ca\/#\/schema\/logo\/image\/"},"sameAs":["https:\/\/x.com\/itac_corporate"]},{"@type":"Person","@id":"https:\/\/indigenoustourism.ca\/#\/schema\/person\/5ba0db1e1051fddfe2215695bab10234","name":"ITAC Admin","image":{"@type":"ImageObject","inLanguage":"fr-FR","@id":"https:\/\/indigenoustourism.ca\/#\/schema\/person\/image\/","url":"https:\/\/secure.gravatar.com\/avatar\/8173ccfb312ae5d950799c39f305d424?s=96&d=mm&r=g","contentUrl":"https:\/\/secure.gravatar.com\/avatar\/8173ccfb312ae5d950799c39f305d424?s=96&d=mm&r=g","caption":"ITAC Admin"}}]}},"_links":{"self":[{"href":"https:\/\/indigenoustourism.ca\/fr\/wp-json\/wp\/v2\/posts\/2374","targetHints":{"allow":["GET"]}}],"collection":[{"href":"https:\/\/indigenoustourism.ca\/fr\/wp-json\/wp\/v2\/posts"}],"about":[{"href":"https:\/\/indigenoustourism.ca\/fr\/wp-json\/wp\/v2\/types\/post"}],"author":[{"embeddable":true,"href":"https:\/\/indigenoustourism.ca\/fr\/wp-json\/wp\/v2\/users\/14"}],"replies":[{"embeddable":true,"href":"https:\/\/indigenoustourism.ca\/fr\/wp-json\/wp\/v2\/comments?post=2374"}],"version-history":[{"count":0,"href":"https:\/\/indigenoustourism.ca\/fr\/wp-json\/wp\/v2\/posts\/2374\/revisions"}],"wp:featuredmedia":[{"embeddable":true,"href":"https:\/\/indigenoustourism.ca\/fr\/wp-json\/wp\/v2\/media\/2365"}],"wp:attachment":[{"href":"https:\/\/indigenoustourism.ca\/fr\/wp-json\/wp\/v2\/media?parent=2374"}],"wp:term":[{"taxonomy":"post_tag","embeddable":true,"href":"https:\/\/indigenoustourism.ca\/fr\/wp-json\/wp\/v2\/tags?post=2374"}],"curies":[{"name":"wp","href":"https:\/\/api.w.org\/{rel}","templated":true}]}}